{"id":44714,"date":"2024-01-01T09:06:16","date_gmt":"2024-01-01T08:06:16","guid":{"rendered":"https:\/\/www.invarena.cz\/?p=44714"},"modified":"2024-01-01T09:06:18","modified_gmt":"2024-01-01T08:06:18","slug":"rok-2023-a-snemovni-obstrukce","status":"publish","type":"post","link":"https:\/\/www.invarena.cz\/?p=44714","title":{"rendered":"Rok 2023 a sn\u011bmovn\u00ed obstrukce\u00a0\u00a0"},"content":{"rendered":"\n<p>Prima\u00a0&#8211; Hlavn\u00ed zpr\u00e1vy<br \/>&#8212;&#8212;&#8212;&#8212;&#8212;&#8212;&#8211;<br \/>Poslanci maj\u00ed za sebou dost pern\u00fd rok. Ve sn\u011bmovn\u011b str\u00e1vili stovky hodin, a to v\u010detn\u011b noc\u00ed. Opozice nedala vl\u00e1d\u011b nic zadarmo a blokovala nap\u0159\u00edklad projedn\u00e1n\u00ed d\u016fchod\u016f nebo konsolida\u010dn\u00edho bal\u00ed\u010dku.<br \/><br \/>moder\u00e1torka<br \/>&#8212;&#8212;&#8212;&#8212;&#8212;&#8212;&#8211;<br \/>Poslanc\u016fm pak nezbylo nic jin\u00e9ho ne\u017e si p\u0159in\u00e9st spac\u00e1k a zubn\u00ed kart\u00e1\u010dek a noc ve sn\u011bmovn\u011b n\u011bjak prost\u011b p\u0159e\u010dkat.<br \/><br \/>redaktor<br \/>&#8212;&#8212;&#8212;&#8212;&#8212;&#8212;&#8211;<br \/>Poprv\u00e9 dala opozice vl\u00e1d\u011b svoji obstruk\u010dn\u00ed medic\u00ednu ochutnat za\u010d\u00e1tkem b\u0159ezna. To se koalice sna\u017eila sn\u011bmovnou protla\u010dit sn\u00ed\u017een\u00ed stanoven\u00e9 valorizace penz\u00ed.<br \/><br \/>Alena Schillerov\u00e1, p\u0159edsedkyn\u011b poslaneck\u00e9ho klubu \/ANO\/<br \/>&#8212;&#8212;&#8212;&#8212;&#8212;&#8212;&#8211;<br \/>Tohle je Poslaneck\u00e1 sn\u011bmovna a j\u00e1 si nesu spac\u00e1ky. Ale\u0161i, tv\u016fj spac\u00e1k.<br \/><br \/>Tomio Okamura, p\u0159edseda hnut\u00ed \/SPD\/<br \/>&#8212;&#8212;&#8212;&#8212;&#8212;&#8212;&#8211;<br \/>P\u0159ipravil jsem si taky kart\u00e1\u010dek na zuby. Ten m\u00e1m zde.<br \/><br \/>Karel Havl\u00ed\u010dek, m\u00edstop\u0159edseda Poslaneck\u00e9 sn\u011bmovny \/ANO\/<br \/>&#8212;&#8212;&#8212;&#8212;&#8212;&#8212;&#8211;<br \/>Vzal jsem si asi patery trenky a t\u00edm p\u00e1dem patery pono\u017eky, p\u011bt ko\u0161il, t\u0159i kv\u00e1dra.<br \/><br \/> redaktor<br \/>&#8212;&#8212;&#8212;&#8212;&#8212;&#8212;&#8211;<br \/>V\u016fbec nejdel\u0161\u00ed vystoupen\u00ed ve sn\u011bmovn\u011b m\u011bl v roce 2023 Tomio Okamura. Ten mluvil sedm hodin a sedm minut doslova o v\u0161emo\u017en\u00e9m.<br \/><br \/>Tomio Okamura, p\u0159edseda hnut\u00ed \/SPD\/<br \/>&#8212;&#8212;&#8212;&#8212;&#8212;&#8212;&#8211;<br \/>B\u00e1bovku bych si dal. M + G je v\u011bt\u0161\u00ed ne\u017e R, kde na prav\u00e9 stran\u011b nerovnice je R jako m\u00edra v\u00fdnosu soukrom\u00fdch penzijn\u00edch fond\u016f.<br \/><br \/>redaktor<br \/>&#8212;&#8212;&#8212;&#8212;&#8212;&#8212;&#8211;<br \/>Okamur\u016fv rekord pobavil i soci\u00e1ln\u00ed s\u00edt\u011b. Nechyb\u011bly vtipn\u00e9 kol\u00e1\u017ee pln\u00e9 energetick\u00fdch drink\u016f nebo nezn\u00e1m\u00e9 \u0159e\u010di. Dlouh\u00fdm jedn\u00e1n\u00edm trp\u00ed jak zam\u011bstnanci sn\u011bmovny, tak i n\u011bkte\u0159\u00ed poslanci.<br \/><br \/>Olga RICHTEROV\u00c1, m\u00edstop\u0159edsedkyn\u011b PSP \u010cR \/Pir\u00e1ti\/<br \/>&#8212;&#8212;&#8212;&#8212;&#8212;&#8212;&#8211;<br \/>Opravdu ti zam\u011bstnanci jsou u\u017e mnoz\u00ed \u00fapln\u011b na hran\u011b.<br \/><br \/>Milan Wenzl, poslanec \/ANO\/<br \/>&#8212;&#8212;&#8212;&#8212;&#8212;&#8212;&#8211;<br \/>M\u016f\u017ee p\u0159edseda sn\u011bmovny rozhodnout.<br \/><br \/>Olga RICHTEROV\u00c1, m\u00edstop\u0159edsedkyn\u011b PSP \u010cR \/Pir\u00e1ti\/<br \/>&#8212;&#8212;&#8212;&#8212;&#8212;&#8212;&#8211;<br \/>Pane poslan\u010de, sta\u010d\u00ed na\u010d\u00edst \u010d\u00edsla tisku.<br \/><br \/>Milan Wenzl, poslanec \/ANO\/<br \/>&#8212;&#8212;&#8212;&#8212;&#8212;&#8212;&#8211;<br \/>A omlouv\u00e1m se na zbytek jedn\u00e1n\u00ed.<br \/><br \/>Olga RICHTEROV\u00c1, m\u00edstop\u0159edsedkyn\u011b PSP \u010cR \/Pir\u00e1ti\/<br \/>&#8212;&#8212;&#8212;&#8212;&#8212;&#8212;&#8211;<br \/>To samoz\u0159ejm\u011b zcela ch\u00e1peme.<br \/><br \/>redaktor<br \/>&#8212;&#8212;&#8212;&#8212;&#8212;&#8212;&#8211;<br \/>V b\u0159eznu p\u0159ed samotn\u00fdm hlasov\u00e1n\u00edm ve se situace ve sn\u011bmovn\u011b dost vyost\u0159ila. \u0160\u00e9f ANO Andrej Babi\u0161 okupoval \u0159e\u010dnick\u00fd pult po tom, co vl\u00e1dn\u00ed v\u011bt\u0161ina zkr\u00e1tila vystoupen\u00ed poslanc\u016f na dvakr\u00e1t p\u011bt minut.<br \/><br \/>Jan Barto\u0161ek, m\u00edstop\u0159edseda Poslaneck\u00e9 sn\u011bmovny \/KDU-\u010cSL\/<br \/>&#8212;&#8212;&#8212;&#8212;&#8212;&#8212;&#8211;<br \/>Prvn\u00edch p\u011bt minut a vypr\u0161elo. A chci se zeptat, zda se do druh\u00fdch p\u011bti minut hl\u00e1s\u00edte s p\u0159ednostn\u00edm pr\u00e1vem?<br \/><br \/>Andrej Babi\u0161, p\u0159edseda hnut\u00ed \/ANO\/<br \/>&#8212;&#8212;&#8212;&#8212;&#8212;&#8212;&#8211;<br \/>Lakom\u00ed. J\u00e1 tady budu lovit, proto\u017ee m\u00e1 p\u0159ednostn\u00ed pr\u00e1vo.<br \/><br \/>redaktor<br \/>&#8212;&#8212;&#8212;&#8212;&#8212;&#8212;&#8211;<br \/>Opozi\u010dn\u00ed poslanci se Babi\u0161e vydali br\u00e1nit vlastn\u00edm t\u011blem.<br \/><br \/>Marian JURE\u010cKA,\u00a0<strong>ministr<\/strong>\u00a0<strong>pr\u00e1ce<\/strong>\u00a0a soci\u00e1ln\u00edch v\u011bc\u00ed, p\u0159edseda strany \/KDU-\u010cSL\/<br \/>&#8212;&#8212;&#8212;&#8212;&#8212;&#8212;&#8211;<br \/>Nem\u016f\u017ee men\u0161ina ve sn\u011bmovn\u011b zablokovat fungov\u00e1n\u00ed tohoto st\u00e1tu.<br \/><br \/>redaktor<br \/>&#8212;&#8212;&#8212;&#8212;&#8212;&#8212;&#8211;<br \/>Podobn\u011b to ale ve sn\u011bmovn\u011b vypadalo na podzim. To se poslanci p\u0159eli o vl\u00e1dn\u00ed konsolida\u010dn\u00ed bal\u00ed\u010dek. Rekordmanem mezi \u0159e\u010dn\u00edky byl tentokr\u00e1t Andrej Babi\u0161, kter\u00fd mluvil v\u00edc ne\u017e \u0161est hodin. Nakonec koalice znovu protla\u010dila pevn\u00fd term\u00edn hlasov\u00e1n\u00ed.<br \/><br \/>Petr Fiala, premi\u00e9r \u010cR \/ODS\/<br \/>&#8212;&#8212;&#8212;&#8212;&#8212;&#8212;&#8211;<br \/>Se n\u00e1m ale navzdory v\u0161em obstrukc\u00edm a destrukc\u00edm ze strany opozice poda\u0159ilo schv\u00e1lit jednu z nejd\u016fle\u017eit\u011bj\u0161\u00edch v\u011bc\u00ed v tomto volebn\u00edm obdob\u00ed.<br \/><br \/>Alena Schillerov\u00e1, p\u0159edsedkyn\u011b poslaneck\u00e9ho klubu \/ANO\/<br \/>&#8212;&#8212;&#8212;&#8212;&#8212;&#8212;&#8211;<br \/>13. \u0159\u00edjen 2023 si budeme pamatovat jako \u010dern\u00fd p\u00e1tek pro \u010deskou ekonomiku.<br \/><br \/>redaktor<br \/>&#8212;&#8212;&#8212;&#8212;&#8212;&#8212;&#8211;<br \/>Opozi\u010dn\u00ed obstrukce ka\u017edop\u00e1dn\u011b nejsou zadarmo.<br \/><br \/>osoba<br \/>&#8212;&#8212;&#8212;&#8212;&#8212;&#8212;&#8211;<br \/>Jednac\u00ed den sn\u011bmovny stoj\u00ed 4 miliony.<br \/><br \/>redaktor<br \/>&#8212;&#8212;&#8212;&#8212;&#8212;&#8212;&#8211;<br \/>Rok obstrukc\u00ed bude m\u00edt dohru u \u00dastavn\u00edho soudu. Hnut\u00ed ANO u n\u011bj napadlo \u00fadajn\u011b nep\u0159\u00edpustn\u00e9 omezen\u00ed parlamentn\u00ed rozpravy ze strany vl\u00e1dn\u00ed v\u011bt\u0161iny. <\/p>\n\n\n\n<p>CNN Prima News.<\/p>\n\n\n\n<p><a href=\"https:\/\/monitoring.anopress.cz\/files\/dnload\/final\/medical_00322_79057617.htm#obsah\"><br \/><\/a><\/p>\n","protected":false},"excerpt":{"rendered":"<div class=\"mh-excerpt\"><p>Prima\u00a0&#8211; Hlavn\u00ed zpr\u00e1vy&#8212;&#8212;&#8212;&#8212;&#8212;&#8212;&#8211;Poslanci maj\u00ed za sebou dost pern\u00fd rok. Ve sn\u011bmovn\u011b str\u00e1vili stovky hodin, a to v\u010detn\u011b noc\u00ed. Opozice nedala vl\u00e1d\u011b nic zadarmo a blokovala <a class=\"mh-excerpt-more\" href=\"https:\/\/www.invarena.cz\/?p=44714\" title=\"Rok 2023 a sn\u011bmovn\u00ed obstrukce\u00a0\u00a0\">[&#8230;]<\/a><\/p>\n<\/div>","protected":false},"author":1,"featured_media":915,"comment_status":"open","ping_status":"closed","sticky":false,"template":"","format":"standard","meta":{"footnotes":""},"categories":[6],"tags":[],"class_list":["post-44714","post","type-post","status-publish","format-standard","has-post-thumbnail","hentry","category-politika"],"_links":{"self":[{"href":"https:\/\/www.invarena.cz\/index.php?rest_route=\/wp\/v2\/posts\/44714","targetHints":{"allow":["GET"]}}],"collection":[{"href":"https:\/\/www.invarena.cz\/index.php?rest_route=\/wp\/v2\/posts"}],"about":[{"href":"https:\/\/www.invarena.cz\/index.php?rest_route=\/wp\/v2\/types\/post"}],"author":[{"embeddable":true,"href":"https:\/\/www.invarena.cz\/index.php?rest_route=\/wp\/v2\/users\/1"}],"replies":[{"embeddable":true,"href":"https:\/\/www.invarena.cz\/index.php?rest_route=%2Fwp%2Fv2%2Fcomments&post=44714"}],"version-history":[{"count":0,"href":"https:\/\/www.invarena.cz\/index.php?rest_route=\/wp\/v2\/posts\/44714\/revisions"}],"wp:featuredmedia":[{"embeddable":true,"href":"https:\/\/www.invarena.cz\/index.php?rest_route=\/wp\/v2\/media\/915"}],"wp:attachment":[{"href":"https:\/\/www.invarena.cz\/index.php?rest_route=%2Fwp%2Fv2%2Fmedia&parent=44714"}],"wp:term":[{"taxonomy":"category","embeddable":true,"href":"https:\/\/www.invarena.cz\/index.php?rest_route=%2Fwp%2Fv2%2Fcategories&post=44714"},{"taxonomy":"post_tag","embeddable":true,"href":"https:\/\/www.invarena.cz\/index.php?rest_route=%2Fwp%2Fv2%2Ftags&post=44714"}],"curies":[{"name":"wp","href":"https:\/\/api.w.org\/{rel}","templated":true}]}}