{"id":44732,"date":"2024-01-02T08:01:54","date_gmt":"2024-01-02T07:01:54","guid":{"rendered":"https:\/\/www.invarena.cz\/?p=44732"},"modified":"2024-01-02T08:01:55","modified_gmt":"2024-01-02T07:01:55","slug":"starobni-invalidni-i-pozustalostni-duchody-se-od-ledna-zvednou-o-360-kc","status":"publish","type":"post","link":"https:\/\/www.invarena.cz\/?p=44732","title":{"rendered":"Starobn\u00ed, invalidn\u00ed i poz\u016fstalostn\u00ed d\u016fchody se od ledna zvednou o 360\u00a0K\u010d\u00a0\u00a0"},"content":{"rendered":"\n<p>Radio\u017eurn\u00e1l<\/p>\n\n\n\n<p>Starobn\u00ed,\u00a0<strong>invalidn\u00ed<\/strong>\u00a0i poz\u016fstalostn\u00ed d\u016fchody se od ledna zvednou o 360 K\u010d, pr\u016fm\u011brn\u00e1 v\u00fd\u0161e starobn\u00edho d\u016fchodu bude 20 700 K\u010d. Pro valorizaci te\u010f plat\u00ed nov\u00e1 pravidla stejn\u00e1 jako do roku 2017. <br \/>Penze se nov\u011b zvy\u0161uj\u00ed o celou inflaci a o t\u0159etinu r\u016fstu re\u00e1ln\u00fdch mezd, d\u0159\u00edv to bylo o polovinu. D\u016fchody se u\u017e taky nebudou mimo\u0159\u00e1dn\u011b valorizovat b\u011bhem roku, vysv\u011btluje mluv\u010d\u00ed Ministerstva pr\u00e1ce a soci\u00e1ln\u00edch v\u011bc\u00ed, Kate\u0159ina Proch\u00e1zkov\u00e1.<br \/><br \/>Kate\u0159ina Proch\u00e1zkov\u00e1, mluv\u010d\u00ed Ministerstva pr\u00e1ce a soci\u00e1ln\u00edch v\u011bc\u00ed<br \/>&#8212;&#8212;&#8212;&#8212;&#8212;&#8212;&#8211;<br \/>Mimo\u0159\u00e1dn\u00e9 valorizace budou nahrazeny do\u010dasn\u00fdm p\u0159\u00edsp\u011bvkem, kter\u00fd bude zohled\u0148ovat r\u016fst cen z 60 %.<br \/><br \/>redaktorka<br \/>&#8212;&#8212;&#8212;&#8212;&#8212;&#8212;&#8211;<br \/>Zm\u011bny jsou sou\u010d\u00e1st\u00ed d\u016fchodov\u00e9 reformy, ta navrhuje ur\u010dovat v\u011bk odchodu do d\u016fchodu podle pr\u016fm\u011brn\u00e9 d\u00e9lky do\u017eit\u00ed a taky chce prosadit zpomalen\u00ed r\u016fstu nov\u00fdch penz\u00ed. S t\u00edm nesouhlas\u00ed opozi\u010dn\u00ed hnut\u00ed ANO, \u0159\u00edk\u00e1 poslanec, Ale\u0161 Juchelka.<br \/><br \/>Ale\u0161 JUCHELKA, poslanec \/ANO\/<br \/>&#8212;&#8212;&#8212;&#8212;&#8212;&#8212;&#8211;<br \/>Z\u00e1sadn\u00ed v\u00fdtky jsou dv\u011b, a to je v\u011bk odchodu do d\u016fchodu, kter\u00fd samoz\u0159ejm\u011b nechceme, aby se prodlu\u017eoval a za druh\u00e9, aby se nesni\u017eovalo tempo r\u016fstu d\u016fchod\u016f.<br \/><br \/> redaktorka<br \/>&#8212;&#8212;&#8212;&#8212;&#8212;&#8212;&#8211;<br \/>Z\u00e1sadn\u00ed v\u00fdhrady m\u00e1 i opozi\u010dn\u00ed hnut\u00ed SPD. Schodek na d\u016fchodov\u00e9m \u00fa\u010dtu je 74 miliard korun. <\/p>\n\n\n\n<p>Radio\u017eurn\u00e1l<br \/><\/p>\n","protected":false},"excerpt":{"rendered":"<div class=\"mh-excerpt\"><p>Radio\u017eurn\u00e1l Starobn\u00ed,\u00a0invalidn\u00ed\u00a0i poz\u016fstalostn\u00ed d\u016fchody se od ledna zvednou o 360 K\u010d, pr\u016fm\u011brn\u00e1 v\u00fd\u0161e starobn\u00edho d\u016fchodu bude 20 700 K\u010d. Pro valorizaci te\u010f plat\u00ed nov\u00e1 pravidla <a class=\"mh-excerpt-more\" href=\"https:\/\/www.invarena.cz\/?p=44732\" title=\"Starobn\u00ed, invalidn\u00ed i poz\u016fstalostn\u00ed d\u016fchody se od ledna zvednou o 360\u00a0K\u010d\u00a0\u00a0\">[&#8230;]<\/a><\/p>\n<\/div>","protected":false},"author":1,"featured_media":600,"comment_status":"open","ping_status":"closed","sticky":false,"template":"","format":"standard","meta":{"footnotes":""},"categories":[1],"tags":[],"class_list":["post-44732","post","type-post","status-publish","format-standard","has-post-thumbnail","hentry","category-nezarazene"],"_links":{"self":[{"href":"https:\/\/www.invarena.cz\/index.php?rest_route=\/wp\/v2\/posts\/44732","targetHints":{"allow":["GET"]}}],"collection":[{"href":"https:\/\/www.invarena.cz\/index.php?rest_route=\/wp\/v2\/posts"}],"about":[{"href":"https:\/\/www.invarena.cz\/index.php?rest_route=\/wp\/v2\/types\/post"}],"author":[{"embeddable":true,"href":"https:\/\/www.invarena.cz\/index.php?rest_route=\/wp\/v2\/users\/1"}],"replies":[{"embeddable":true,"href":"https:\/\/www.invarena.cz\/index.php?rest_route=%2Fwp%2Fv2%2Fcomments&post=44732"}],"version-history":[{"count":0,"href":"https:\/\/www.invarena.cz\/index.php?rest_route=\/wp\/v2\/posts\/44732\/revisions"}],"wp:featuredmedia":[{"embeddable":true,"href":"https:\/\/www.invarena.cz\/index.php?rest_route=\/wp\/v2\/media\/600"}],"wp:attachment":[{"href":"https:\/\/www.invarena.cz\/index.php?rest_route=%2Fwp%2Fv2%2Fmedia&parent=44732"}],"wp:term":[{"taxonomy":"category","embeddable":true,"href":"https:\/\/www.invarena.cz\/index.php?rest_route=%2Fwp%2Fv2%2Fcategories&post=44732"},{"taxonomy":"post_tag","embeddable":true,"href":"https:\/\/www.invarena.cz\/index.php?rest_route=%2Fwp%2Fv2%2Ftags&post=44732"}],"curies":[{"name":"wp","href":"https:\/\/api.w.org\/{rel}","templated":true}]}}