{"id":44746,"date":"2024-01-02T07:58:27","date_gmt":"2024-01-02T06:58:27","guid":{"rendered":"https:\/\/www.invarena.cz\/?p=44746"},"modified":"2024-01-02T07:58:28","modified_gmt":"2024-01-02T06:58:28","slug":"zvysovani-duchodu-2","status":"publish","type":"post","link":"https:\/\/www.invarena.cz\/?p=44746","title":{"rendered":"Zvy\u0161ov\u00e1n\u00ed d\u016fchod\u016f\u00a0\u00a0"},"content":{"rendered":"\n<p>\u010cT 1\u00a0&#8211; Ud\u00e1losti<br \/>&#8212;&#8212;&#8212;&#8212;&#8212;&#8212;&#8211;<br \/>St\u00e1t od ledna znovu zv\u00fd\u0161\u00ed d\u016fchody, tentokr\u00e1t v\u0161em stejn\u011b, penzist\u00e9 budou dost\u00e1vat 360 K\u010d m\u011bs\u00ed\u010dn\u011b nav\u00edc, pr\u016fm\u011brn\u00fd d\u016fchod tak p\u0159es\u00e1hne K\u010d 20 600. <br \/>Ob\u011b opozi\u010dn\u00ed hnut\u00ed ve sn\u011bmovn\u011b p\u0159edlo\u017eila n\u00e1vrhy na dal\u0161\u00ed r\u016fst, proto\u017ee valorizaci pova\u017euj\u00ed za nedostate\u010dnou. Vl\u00e1da argumentuje t\u00edm, \u017ee si v\u00edc zadlu\u017een\u00e1 zem\u011b nem\u016f\u017ee dovolit.<br \/><br \/>Marian JURE\u010cKA, vicepremi\u00e9r,\u00a0<strong>ministr<\/strong>\u00a0<strong>pr\u00e1ce<\/strong>\u00a0a soci\u00e1ln\u00edch v\u011bc\u00ed, p\u0159edseda strany \/KDU-\u010cSL\/<br \/>&#8212;&#8212;&#8212;&#8212;&#8212;&#8212;&#8211;<br \/>V\u017edycky ten r\u016fst d\u016fchod\u016f je nad r\u016fstem cen, to znamen\u00e1 \u017eivotn\u00ed \u00farove\u0148 na\u0161ich d\u016fchodc\u016f je tou valorizac\u00ed opravdu zaji\u0161t\u011bna dostate\u010dn\u011b, to znamen\u00e1, pokud tam p\u0159estala r\u016fst inflace, za co\u017e jsme r\u00e1di, tak se to odrazilo v tom, \u017ee vlastn\u011b nen\u00ed tam ten r\u016fst t\u00e9 z\u00e1sluhov\u00e9 \u010d\u00e1sti d\u016fchod\u016f.<br \/><br \/>Jana Peroutkov\u00e1, moder\u00e1torka \u010cT<br \/>&#8212;&#8212;&#8212;&#8212;&#8212;&#8212;&#8211;<br \/>Hned na za\u010d\u00e1tku nov\u00e9ho roku bude o penz\u00edch rozhodovat \u00dastavn\u00ed soud. Hnut\u00ed ANO toti\u017e napadlo jejich leto\u0161n\u00ed \u010dervnov\u00e9 navy\u0161ov\u00e1n\u00ed, kter\u00e9 vl\u00e1da p\u0159ibrzdila.<br \/><br \/> redaktorka \u010cT<br \/>&#8212;&#8212;&#8212;&#8212;&#8212;&#8212;&#8211;<br \/>Do Sokola za\u010dala chodit u\u017e jako mal\u00e1 a cvi\u010dit nep\u0159estala Marie \u0160ulcov\u00e1 ani te\u010f, ve sv\u00fdch 83 letech. A jak \u0159\u00edk\u00e1, nen\u00ed to jen o samotn\u00e9m pohybu.<br \/><br \/>Marie \u0160ulcov\u00e1, cvi\u010ditelka<br \/>&#8212;&#8212;&#8212;&#8212;&#8212;&#8212;&#8211;<br \/>Je to takov\u00e1 spole\u010densk\u00e1 z\u00e1le\u017eitost, jak pro m\u011b, tak i pro ty cvi\u010denky.<br \/><br \/> redaktorka \u010cT<br \/>&#8212;&#8212;&#8212;&#8212;&#8212;&#8212;&#8211;<br \/>N\u011bkdy vede hodinu, dvakr\u00e1t t\u00fddn\u011b, n\u011bkdy i \u010dty\u0159ikr\u00e1t. Je to pro ni i drobn\u00fd p\u0159iv\u00fdd\u011blek, d\u016fchod m\u00e1 podpr\u016fm\u011brn\u00fd a t\u0159eba s placen\u00edn\u00edm bydlen\u00ed j\u00ed pom\u00e1h\u00e1 st\u00e1t.<br \/><br \/>Marie \u0160ulcov\u00e1, cvi\u010ditelka<br \/>&#8212;&#8212;&#8212;&#8212;&#8212;&#8212;&#8211;<br \/>J\u00e1 dost\u00e1v\u00e1m n\u011bjakej p\u0159\u00edsp\u011bvek na byt, no, tady odsud m\u00e1m n\u011bjakou korunu, m\u011bla jsem n\u011bco naspo\u0159eno.<br \/><br \/>redaktorka \u010cT<br \/>&#8212;&#8212;&#8212;&#8212;&#8212;&#8212;&#8211;<br \/>Na \u0159\u00e1dnou valorizaci s nov\u00fdm rokem p\u016fjde z rozpo\u010dtu p\u0159es 12 miliard korun, v\u0161em d\u016fchodc\u016fm se bude p\u0159id\u00e1vat stejn\u011b, 360 K\u010d, v lednu se d\u016fchody zvy\u0161uj\u00ed pravideln\u011b, letos se ale valorizovaly i mimo\u0159\u00e1dn\u011b, a to od \u010dervna. Zkr\u00e1cen\u00ed tohoto p\u0159id\u00e1n\u00ed o zhruba tis\u00edcovku oproti p\u016fvodn\u00edm p\u0159edpoklad\u016fm u\u017e v kv\u011btnu napadli u \u00dastavn\u00edho soudu poslanci hnut\u00ed ANO.<br \/><br \/>Alena Schillerov\u00e1, p\u0159edsedkyn\u011b poslaneck\u00e9ho klubu, m\u00edstop\u0159edsedkyn\u011b hnut\u00ed \/ANO\/<br \/>&#8212;&#8212;&#8212;&#8212;&#8212;&#8212;&#8211;<br \/>Se prost\u011b vl\u00e1da rozhodla po\u0161lapat jednac\u00ed \u0159\u00e1d sn\u011bmovny, \u00fastavn\u00ed po\u0159\u00e1dek a po\u0161lapat ta pr\u00e1va, kter\u00e9 ale vznikly na z\u00e1klad\u011b obrovsk\u00e9 inflace.<br \/><br \/> redaktorka \u010cT<br \/>&#8212;&#8212;&#8212;&#8212;&#8212;&#8212;&#8211;<br \/>10. ledna se i ona chyst\u00e1 na jedn\u00e1n\u00ed \u00dastavn\u00edho soudu. Ten si jako sv\u011bdky p\u0159edvolal taky ministry financ\u00ed a pr\u00e1ce a soci\u00e1ln\u00edch v\u011bc\u00ed.<br \/><br \/>Viliam Jud\u00e1k, diec\u00e9zny biskup<br \/>&#8212;&#8212;&#8212;&#8212;&#8212;&#8212;&#8211;<br \/>Kdybychom tento krok neud\u011blali, tak by to znamenalo opravdu v\u00fdznamn\u00e9 v\u00fddaje st\u00e1tn\u00edho rozpo\u010dtu v budoucnu.<br \/><br \/>Zbyn\u011bk STANJURA, ministr financ\u00ed, poslanec, 1. m\u00edstop\u0159edseda strany \/ODS\/<br \/>&#8212;&#8212;&#8212;&#8212;&#8212;&#8212;&#8211;<br \/>To nen\u00ed mimo\u0159\u00e1dn\u00fd v\u00fddaj, kter\u00fd by se neprom\u00edtal do dal\u0161\u00edch valorizac\u00ed. A v tom byl nejv\u011bt\u0161\u00ed probl\u00e9m. To nebyl ani probl\u00e9m roku 2023, ale zejm\u00e9na v\u0161ech n\u00e1sleduj\u00edc\u00edch let.<br \/><br \/>Petr VA\u0160EK, redaktor<br \/>&#8212;&#8212;&#8212;&#8212;&#8212;&#8212;&#8211;<br \/>Z\u00e1stupci vl\u00e1dn\u00ed koalice v\u011b\u0159\u00ed, \u017ee u \u00dastavn\u00edho soudu usp\u011bj\u00ed, z\u00e1rove\u0148 argumentuj\u00ed t\u00edm, \u017ee d\u016fchody v posledn\u00edch letech opakovan\u011b rostly, a to i mimo\u0159\u00e1dn\u011b, je\u0161t\u011b na konci roku 2021 byl pr\u016fm\u011brn\u00fd d\u016fchod 15 425 K\u010d. V porovn\u00e1n\u00ed s lednem 2024 tak vzrostl o v\u00edc ne\u017e 5 200 K\u010d.Pr\u016fm\u011brn\u00fd d\u016fchod (v K\u010d, m\u011bs\u00ed\u010dn\u011b):prosinec 2021: K\u010d 15 425; leden 2024: K\u010d 20 635.zdroj: CSSZ,\u00a0<strong>MPSV<\/strong><br \/><br \/>Pavla Pivo\u0148ka Va\u0148kov\u00e1, m\u00edstop\u0159edsedkyn\u011b sn\u011bmovn\u00edho v\u00fdboru pro soci\u00e1ln\u00ed politiku \/STAN\/<br \/>&#8212;&#8212;&#8212;&#8212;&#8212;&#8212;&#8211;<br \/>Mus\u00edme tady zohled\u0148ovat i n\u011bjakou mezigenera\u010dn\u00ed solidaritu, ten rozpo\u010det nen\u00ed nafukuj\u00edc\u00ed se.<br \/><br \/>Olga Richterov\u00e1, m\u00edstop\u0159edsedkyn\u011b sn\u011bmovny \/Pir\u00e1ti\/<br \/>&#8212;&#8212;&#8212;&#8212;&#8212;&#8212;&#8211;<br \/>Ten d\u016fchod 20 000, t\u00e9m\u011b\u0159 700 K\u010d pr\u016fm\u011brn\u00fd, vlastn\u011b \u010d\u00e1stka, kter\u00e1 n\u011bjak nereflektuje to, \u017ee naopak re\u00e1ln\u00e9 mzdy \u010dasto lidem klesly.<br \/><br \/>Mark\u00e9ta Pekarov\u00e1 Adamov\u00e1, p\u0159edsedkyn\u011b sn\u011bmovny, p\u0159edsedkyn\u011b strany \/TOP 09\/<br \/>&#8212;&#8212;&#8212;&#8212;&#8212;&#8212;&#8211;<br \/>My u\u017e te\u010f jako st\u00e1t si des\u00edtky miliard p\u016fj\u010dujeme na to, abychom mohli v\u016fbec vyplatit d\u016fchody.<br \/><br \/>Petr VA\u0160EK, redaktor<br \/>&#8212;&#8212;&#8212;&#8212;&#8212;&#8212;&#8211;<br \/>Sn\u011bmovn\u00ed opozice ale trv\u00e1 na tom, \u017ee kabinet m\u00e1 zvy\u0161ovat d\u016fchody rychleji.<br \/><br \/>Radim Fiala, p\u0159edseda poslaneck\u00e9ho klubu \/SPD\/<br \/>&#8212;&#8212;&#8212;&#8212;&#8212;&#8212;&#8211;<br \/>Zvl\u00e1\u0161\u0165 d\u016fchodci, kte\u0159\u00ed ne\u017eijou v p\u00e1ru, tak maj\u00ed velk\u00e9 probl\u00e9my zaplatit energie, kter\u00e9 jsou dneska, jejich ceny jsou obrovsk\u00e9.<br \/><br \/>Petr VA\u0160EK, redaktor<br \/>&#8212;&#8212;&#8212;&#8212;&#8212;&#8212;&#8211;<br \/>V roce 2024 by m\u011bla klesnout inflace ke t\u0159em procent\u016fm, d\u016fchodci tak budou ke sv\u00fdm penz\u00edm dost\u00e1vat p\u0159id\u00e1no ni\u017e\u0161\u00ed \u010d\u00e1stky, ne\u017e na kter\u00e9 byli zvykl\u00ed v minul\u00fdch dvou letech.<br \/><br \/>Marie \u0160ulcov\u00e1, cvi\u010ditelka<br \/>&#8212;&#8212;&#8212;&#8212;&#8212;&#8212;&#8211;<br \/>Dne\u0161n\u00edmu cvi\u010den\u00ed nazdar.<br \/><br \/><\/p>\n","protected":false},"excerpt":{"rendered":"<div class=\"mh-excerpt\"><p>\u010cT 1\u00a0&#8211; Ud\u00e1losti&#8212;&#8212;&#8212;&#8212;&#8212;&#8212;&#8211;St\u00e1t od ledna znovu zv\u00fd\u0161\u00ed d\u016fchody, tentokr\u00e1t v\u0161em stejn\u011b, penzist\u00e9 budou dost\u00e1vat 360 K\u010d m\u011bs\u00ed\u010dn\u011b nav\u00edc, pr\u016fm\u011brn\u00fd d\u016fchod tak p\u0159es\u00e1hne K\u010d 20 600. <a class=\"mh-excerpt-more\" href=\"https:\/\/www.invarena.cz\/?p=44746\" title=\"Zvy\u0161ov\u00e1n\u00ed d\u016fchod\u016f\u00a0\u00a0\">[&#8230;]<\/a><\/p>\n<\/div>","protected":false},"author":1,"featured_media":19377,"comment_status":"open","ping_status":"closed","sticky":false,"template":"","format":"standard","meta":{"footnotes":""},"categories":[1],"tags":[],"class_list":["post-44746","post","type-post","status-publish","format-standard","has-post-thumbnail","hentry","category-nezarazene"],"_links":{"self":[{"href":"https:\/\/www.invarena.cz\/index.php?rest_route=\/wp\/v2\/posts\/44746","targetHints":{"allow":["GET"]}}],"collection":[{"href":"https:\/\/www.invarena.cz\/index.php?rest_route=\/wp\/v2\/posts"}],"about":[{"href":"https:\/\/www.invarena.cz\/index.php?rest_route=\/wp\/v2\/types\/post"}],"author":[{"embeddable":true,"href":"https:\/\/www.invarena.cz\/index.php?rest_route=\/wp\/v2\/users\/1"}],"replies":[{"embeddable":true,"href":"https:\/\/www.invarena.cz\/index.php?rest_route=%2Fwp%2Fv2%2Fcomments&post=44746"}],"version-history":[{"count":0,"href":"https:\/\/www.invarena.cz\/index.php?rest_route=\/wp\/v2\/posts\/44746\/revisions"}],"wp:featuredmedia":[{"embeddable":true,"href":"https:\/\/www.invarena.cz\/index.php?rest_route=\/wp\/v2\/media\/19377"}],"wp:attachment":[{"href":"https:\/\/www.invarena.cz\/index.php?rest_route=%2Fwp%2Fv2%2Fmedia&parent=44746"}],"wp:term":[{"taxonomy":"category","embeddable":true,"href":"https:\/\/www.invarena.cz\/index.php?rest_route=%2Fwp%2Fv2%2Fcategories&post=44746"},{"taxonomy":"post_tag","embeddable":true,"href":"https:\/\/www.invarena.cz\/index.php?rest_route=%2Fwp%2Fv2%2Ftags&post=44746"}],"curies":[{"name":"wp","href":"https:\/\/api.w.org\/{rel}","templated":true}]}}