{"id":4489,"date":"2013-05-04T10:02:32","date_gmt":"2013-05-04T08:02:32","guid":{"rendered":"http:\/\/www.invarena.cz\/?p=4489"},"modified":"2013-05-05T13:06:58","modified_gmt":"2013-05-05T11:06:58","slug":"davky-nekterym-lidem-opet-neprisly-ministerstvo-dale-pracuje-na-naprave-systemu","status":"publish","type":"post","link":"https:\/\/www.invarena.cz\/?p=4489","title":{"rendered":"D\u00e1vky n\u011bkter\u00fdm lidem op\u011bt nep\u0159i\u0161ly. Ministerstvo d\u00e1l pracuje na syst\u00e9mu"},"content":{"rendered":"<p><strong>Nekone\u010dn\u00fd p\u0159\u00edb\u011bh p\u0159ipom\u00edn\u00e1 d\u011bn\u00ed kolem vypl\u00e1cen\u00ed soci\u00e1ln\u00edch d\u00e1vek. N\u011bkte\u0159\u00ed op\u011bt marn\u011b \u010dekaj\u00ed na pen\u00edze od st\u00e1tu. Podle report\u00e1\u017ee TV Nova u\u017e doch\u00e1z\u00ed trp\u011blivost i premi\u00e9ru Petru Ne\u010dasovi. Zat\u00edm ale d\u00e1v\u00e1 ministryni pr\u00e1ce a soci\u00e1ln\u00edch v\u011bc\u00ed M\u00fcllerov\u00e9 jen ultim\u00e1ta. <\/strong><br \/>\n<!--more--><br \/>\n&#8222;Ob\u010dan\u00e9 maj\u00ed pr\u00e1vo na to, aby dostali sv\u00e9 d\u00e1vky nejenom z hlediska z\u00e1konn\u00fdch lh\u016ft, ale tak\u00e9 v term\u00ednech, na kter\u00e9 nap\u0159\u00edklad maj\u00ed zavedeny sv\u00e9 \u00fa\u010dty,&#8220; uvedl premi\u00e9r Petr Ne\u010das.\u00a0 Toto pr\u00e1vo sice rodi\u010de, p\u011bstouni, nemocn\u00ed, ale tak\u00e9 invalidn\u00ed d\u016fchodci pob\u00edraj\u00edc\u00ed soci\u00e1ln\u00ed d\u00e1vky maj\u00ed, ale realita b\u00fdv\u00e1 \u010dasto odli\u0161n\u00e1.<\/p>\n<p>Nap\u0159\u00edklad Michaela Kopov\u00e1 z N\u00fdrska podle report\u00e1\u017ee TV Nova uvedla: &#8222;Nev\u00edte v\u016fbec, jestli m\u00e1te \u0161anci d\u00e1t d\u00edt\u011bti naj\u00edt, jestli m\u00e1te \u0161anci to d\u00edt\u011b obl\u00edct.&#8220; Jin\u00e1 matka \u0159ekla:&#8220;Ach jo, st\u00e1le nic. Sunar mi vydr\u017e\u00ed max. do soboty.&#8220; Dal\u0161\u00ed matka z Plze\u0148sk\u00e9ho kraje uvedla:&#8220;Jsem rozveden\u00e1, t\u0159i d\u011bti. M\u00e1m n\u00e1rok na 8792 korun a nep\u0159i\u0161lo mi to. Jo, mn\u011b u\u017e hrozil i vyhazov z bytu. J\u00e1 nem\u016f\u017eu nic, kdy\u017e nem\u00e1m pen\u00edze od st\u00e1tu.&#8220;<\/p>\n<p>&#8222;Kdyby \u010dlov\u011bk byl s\u00e1m, tak nev\u00edm, jak by mohl \u017e\u00edt. Kdybych nem\u011bl partnerku, tak by to bylo velice \u0161patn\u00fd,&#8220; poznamenal pacient Jan Roub\u00ed\u010dek.<\/p>\n<p>Nicm\u00e9n\u011b podle ministryn\u011b pr\u00e1ce a soci\u00e1ln\u00edch v\u011bc\u00ed M\u00fcllerov\u00e9 nejsou tyto d\u00e1vky jedin\u00e9 zdroje, kter\u00e9 lid\u00e9 maj\u00ed k dispozici, a \u017ee tedy nejsou z\u00e1visl\u00ed pouze na pen\u011bz\u00edch od st\u00e1tu.\u00a0 &#8222;P\u0159ekvapuje m\u011b, \u017ee se z toho stalo jak\u00e9si drama,&#8220; \u0159ekla\u00a0M\u00fcllerov\u00e1 s t\u00edm, \u017ee nem\u00e1 informace, \u017ee by se n\u011bkomu d\u00e1vky dost\u00e1valy opo\u017ed\u011bn\u011b.<\/p>\n<p>To potvrdil i prvn\u00ed n\u00e1m\u011bstek ministryn\u011b pr\u00e1ce a soci\u00e1ln\u00edch Petr Kr\u016f\u010dek, kter\u00fd prohl\u00e1sil:&#8220;J\u00e1 mus\u00edm dneska \u0159\u00edct, \u017ee ministerstvo neeviduje \u017e\u00e1dn\u00e9 syst\u00e9mov\u00e9 v\u00fdpadky ve v\u00fdplat\u011b d\u00e1vek soci\u00e1ln\u00ed podpory. To znamen\u00e1, pokud jsou n\u011bjak\u00e9 jednotliv\u00e9 p\u0159\u00edpady, tak je t\u0159eba, aby dot\u010den\u00ed lid\u00e9 se obr\u00e1tili na \u00fa\u0159ady pr\u00e1ce nebo na pracovn\u00edky ministerstva, abychom ov\u011b\u0159ili, v \u010dem je probl\u00e9m.&#8220;<\/p>\n<p>Na p\u0159ipom\u00ednku moder\u00e1torky TV Nova, \u017ee maj\u00ed k dispozici jen jednotliv\u00e9 p\u0159\u00edpady, ale \u017ee jich je mnohem v\u00edce a \u017ee lid\u00e9 se s zpo\u017e\u010fov\u00e1n\u00edm d\u00e1vek setk\u00e1vaj\u00ed i pravideln\u011b, m\u011bs\u00edc a dal\u0161\u00ed m\u011bs\u00edc, n\u00e1m\u011bstek odpov\u011bd\u011bl: &#8222;Jak \u0159\u00edk\u00e1m, posledn\u00ed v\u00fdpadek v syst\u00e9mu vypl\u00e1cen\u00ed soci\u00e1ln\u00edch d\u00e1vek jsme zaznamenali v \u00fanoru leto\u0161n\u00edho roku a od t\u00e9 doby nem\u00e1m informace o tom, \u017ee bychom n\u011bjak v\u00fdznamn\u011b zanedb\u00e1vali v\u00fdplaty soci\u00e1ln\u00edch d\u00e1vek. Podle m\u00fdch informac\u00ed jsou ve v\u011bt\u0161in\u011b p\u0159\u00edpad\u016f vypl\u00e1ceny \u0159\u00e1dn\u011b a v\u010das.&#8220;<\/p>\n<p>Dodal, \u017ee nad\u00e1le pracuj\u00ed na tom, aby v\u00fdplaty d\u00e1vek byly provedeny \u0159\u00e1dn\u011b a v\u010das. &#8222;My k tomu p\u0159istupujeme jednak strategicky, koncep\u010dn\u011b, p\u0159ipravujeme dlouhodob\u00e9 \u0159e\u0161en\u00ed. A potom samoz\u0159ejm\u011b \u0159e\u0161\u00edme operativn\u00ed z\u00e1le\u017eitosti, to je n\u00e1\u0161 ka\u017edodenn\u00ed chleba, ka\u017edodenn\u00ed pr\u00e1ce, nejenom moje, ale samoz\u0159ejm\u011b informatik\u016f tady na ministerstvu, na \u00fa\u0159adech pr\u00e1ce a pracovn\u00edk\u016f na \u00fa\u0159adech pr\u00e1ce.&#8220;<\/p>\n<p>Z\u00e1ruky, \u017ee d\u00e1vky za kv\u011bten ji\u017e budou vyplaceny v\u010das, v\u0161ak n\u00e1m\u011bstek Kr\u016f\u010dek \u017e\u00e1dn\u00e9 nedal. &#8222;J\u00e1 douf\u00e1m, \u017ee nenastane \u017e\u00e1dn\u00e1 krizov\u00e1 situace. Prost\u0159ednictv\u00edm na\u0161ich syst\u00e9m\u016f vypl\u00e1c\u00edme 1,9 milionu d\u00e1vek m\u011bs\u00ed\u010dn\u011b v hodnot\u011b \u0161esti miliard korun. A ten syst\u00e9m je rozs\u00e1hl\u00fd,&#8220; ukon\u010dil sv\u00e9 vystoupen\u00ed v TV Nova.<\/p>\n<p>Stejn\u00fd sc\u00e9n\u00e1\u0159 pro p\u0159ipomenut\u00ed prob\u00edhal i v p\u0159ede\u0161l\u00fdch m\u011bs\u00edc\u00edch. Premi\u00e9r Ne\u010das prohla\u0161uje, \u017ee pokud ministryn\u011b M\u00fcllerov\u00e1 ned\u00e1 syst\u00e9m vypl\u00e1cen\u00ed soci\u00e1ln\u00edch d\u00e1vek do po\u0159\u00e1dku, tak ji vyzve k rezignaci. U\u017e ale nechce \u0159\u00edct, kolik \u010dasu na to ministryn\u011b m\u00e1. &#8222;Ten term\u00edn nem\u016f\u017ee b\u00fdt p\u0159\u00edli\u0161 dlouh\u00fd, j\u00e1 nevid\u00edm jeden jedin\u00fd d\u016fvod, pro\u010d ho vyhla\u0161ovat,&#8220; up\u0159esnil p\u0159edseda vl\u00e1dy Ne\u010das.<\/p>\n<p>invArena<\/p>\n","protected":false},"excerpt":{"rendered":"<div class=\"mh-excerpt\"><p>Nekone\u010dn\u00fd p\u0159\u00edb\u011bh p\u0159ipom\u00edn\u00e1 d\u011bn\u00ed kolem vypl\u00e1cen\u00ed soci\u00e1ln\u00edch d\u00e1vek. N\u011bkte\u0159\u00ed op\u011bt marn\u011b \u010dekaj\u00ed na pen\u00edze od st\u00e1tu. Podle report\u00e1\u017ee TV Nova u\u017e doch\u00e1z\u00ed trp\u011blivost i premi\u00e9ru <a class=\"mh-excerpt-more\" href=\"https:\/\/www.invarena.cz\/?p=4489\" title=\"D\u00e1vky n\u011bkter\u00fdm lidem op\u011bt nep\u0159i\u0161ly. Ministerstvo d\u00e1l pracuje na syst\u00e9mu\">[&#8230;]<\/a><\/p>\n<\/div>","protected":false},"author":1,"featured_media":1226,"comment_status":"open","ping_status":"open","sticky":false,"template":"","format":"standard","meta":{"footnotes":""},"categories":[7],"tags":[],"class_list":["post-4489","post","type-post","status-publish","format-standard","has-post-thumbnail","hentry","category-spolecnost"],"_links":{"self":[{"href":"https:\/\/www.invarena.cz\/index.php?rest_route=\/wp\/v2\/posts\/4489","targetHints":{"allow":["GET"]}}],"collection":[{"href":"https:\/\/www.invarena.cz\/index.php?rest_route=\/wp\/v2\/posts"}],"about":[{"href":"https:\/\/www.invarena.cz\/index.php?rest_route=\/wp\/v2\/types\/post"}],"author":[{"embeddable":true,"href":"https:\/\/www.invarena.cz\/index.php?rest_route=\/wp\/v2\/users\/1"}],"replies":[{"embeddable":true,"href":"https:\/\/www.invarena.cz\/index.php?rest_route=%2Fwp%2Fv2%2Fcomments&post=4489"}],"version-history":[{"count":0,"href":"https:\/\/www.invarena.cz\/index.php?rest_route=\/wp\/v2\/posts\/4489\/revisions"}],"wp:featuredmedia":[{"embeddable":true,"href":"https:\/\/www.invarena.cz\/index.php?rest_route=\/wp\/v2\/media\/1226"}],"wp:attachment":[{"href":"https:\/\/www.invarena.cz\/index.php?rest_route=%2Fwp%2Fv2%2Fmedia&parent=4489"}],"wp:term":[{"taxonomy":"category","embeddable":true,"href":"https:\/\/www.invarena.cz\/index.php?rest_route=%2Fwp%2Fv2%2Fcategories&post=4489"},{"taxonomy":"post_tag","embeddable":true,"href":"https:\/\/www.invarena.cz\/index.php?rest_route=%2Fwp%2Fv2%2Ftags&post=4489"}],"curies":[{"name":"wp","href":"https:\/\/api.w.org\/{rel}","templated":true}]}}