{"id":44917,"date":"2024-01-08T07:50:28","date_gmt":"2024-01-08T06:50:28","guid":{"rendered":"https:\/\/www.invarena.cz\/?p=44917"},"modified":"2024-01-08T07:50:29","modified_gmt":"2024-01-08T06:50:29","slug":"zmeny-ve-strukture-cssz","status":"publish","type":"post","link":"https:\/\/www.invarena.cz\/?p=44917","title":{"rendered":"Zm\u011bny ve struktu\u0159e \u010cSSZ"},"content":{"rendered":"\n<p><strong>Zm\u011bny ve struktu\u0159e \u010cesk\u00e9 spr\u00e1vy soci\u00e1ln\u00edho zabezpe\u010den\u00ed (\u010cSSZ) znamenaj\u00ed \u00fasporu n\u00e1klad\u016f, m\u00e9n\u011b administrativy, vy\u0161\u0161\u00ed rychlost i roz\u0161\u00ed\u0159en\u00e9 mo\u017enosti pro klienty<\/strong><\/p>\n\n\n\n<p><strong>S\u00ed\u0165 77 okresn\u00edch spr\u00e1v soci\u00e1ln\u00edho zabezpe\u010den\u00ed, v&nbsp;Praze Pra\u017esk\u00e9 spr\u00e1vy soci\u00e1ln\u00edho zabezpe\u010den\u00ed, v&nbsp;Brn\u011b M\u011bstsk\u00e9 spr\u00e1vy soci\u00e1ln\u00edho zabezpe\u010den\u00ed Brno (OSSZ) a 6 region\u00e1ln\u00edch pracovi\u0161\u0165 \u010cSSZ se od ledna 2024 zm\u011bn\u00ed na 5 \u00fazemn\u00edch spr\u00e1v soci\u00e1ln\u00edho zabezpe\u010den\u00ed (\u00daSSZ). Zm\u011bnami ve struktu\u0159e nedoch\u00e1z\u00ed k&nbsp;uzav\u0159en\u00ed \u017eadn\u00e9 z&nbsp;okresn\u00edch spr\u00e1v, ozna\u010deny budou stejn\u011b jako doposud (tj. okresn\u00ed spr\u00e1va soci\u00e1ln\u00edho zabezpe\u010den\u00ed, p\u0159\u00edpadn\u011b Pra\u017esk\u00e1 spr\u00e1va soci\u00e1ln\u00edho zabezpe\u010den\u00ed \u010di M\u011bstsk\u00e1 spr\u00e1va soci\u00e1ln\u00edho zabezpe\u010den\u00ed Brno). Klienti tedy mohou d\u00e1le vyu\u017e\u00edvat slu\u017eeb t\u00e9 okresn\u00ed spr\u00e1vy, na kterou jsou zvykl\u00ed, a nav\u00edc budou m\u00edt mo\u017enost nav\u0161t\u00edvit kteroukoliv jinou okresn\u00ed spr\u00e1vu podle vlastn\u00ed volby. V&nbsp;p\u016fsobnosti \u010cSSZ vznikne d\u00e1le samostatn\u00fd Institut posuzov\u00e1n\u00ed zdravotn\u00edho stavu (IPZS).<\/strong><\/p>\n\n\n\n<p>Novela z\u00e1kona o organizaci a prov\u00e1d\u011bn\u00ed soci\u00e1ln\u00edho zabezpe\u010den\u00ed (z\u00e1kon 412\/2023), kterou se m\u011bn\u00ed organiza\u010dn\u00ed uspo\u0159\u00e1d\u00e1n\u00ed \u010cSSZ, nab\u00fdv\u00e1 \u00fa\u010dinnosti od 1. 1. 2024. Od tohoto data p\u0159ejdou ve\u0161ker\u00e9 ekonomick\u00e9, provozn\u00ed a organiza\u010dn\u00ed z\u00e1le\u017eitosti jednotliv\u00fdch OSSZ na jejich m\u00edstn\u011b p\u0159\u00edslu\u0161nou \u00fazemn\u00ed spr\u00e1vu. Okresn\u00ed spr\u00e1vy ji\u017e nebudou samostatn\u00fdmi \u00fa\u0159ady, ale organiza\u010dn\u00edmi jednotkami jedn\u00e9 z&nbsp;p\u011bti \u00daSSZ. Sn\u00ed\u017een\u00ed administrativn\u00ed n\u00e1ro\u010dnosti p\u0159i \u0159\u00edzen\u00ed jednotliv\u00fdch OSSZ povede k&nbsp;efektivn\u011bj\u0161\u00ed organizaci jejich pr\u00e1ce, optimalizaci po\u010dtu \u00fa\u0159edn\u00edk\u016f na vedouc\u00edch pozic\u00edch a jednodu\u0161\u0161\u00ed, p\u0159ehledn\u011bj\u0161\u00ed struktu\u0159e. <em>\u201eC\u00edlem je takov\u00e9 uspo\u0159\u00e1d\u00e1n\u00ed \u00fa\u0159adu, kter\u00e9 umo\u017en\u00ed vy\u0159izovat z\u00e1le\u017eitosti klient\u016f rychleji a kvalitn\u011bji<br \/>a zam\u011bstnanc\u016fm umo\u017en\u00ed v\u011bnovat v\u00edce \u010dasu a energie individu\u00e1ln\u00edmu poradenstv\u00ed a kvalitn\u00edmu klientsk\u00e9mu servisu. Takovou zm\u011bnu samoz\u0159ejm\u011b nelze ud\u011blat ze dne na den, ale vy\u017eaduje pe\u010dlivou p\u0159\u00edpravu. V\u011b\u0159\u00edm v\u0161ak, \u017ee p\u0159inese o\u010dek\u00e1van\u00e9 v\u00fdsledky,<\/em><em>tj. zejm\u00e9na \u00fasporu n\u00e1klad\u016f, vy\u0161\u0161\u00ed flexibilitu<br \/>a zjednodu\u0161en\u00ed administrativy,\u201c<\/em> \u0159\u00edk\u00e1 \u00fast\u0159edn\u00ed \u0159editel \u010cSSZ Franti\u0161ek Boh\u00e1\u010dek.<\/p>\n\n\n\n<p>Podstatn\u00fdm \u00fakolem \u00daSSZ bude dohl\u00ed\u017eet na pracovn\u00ed vyt\u00ed\u017eenost sv\u00fdch OSSZ. Pokud bude nap\u0159\u00edklad n\u011bkter\u00e1 OSSZ p\u0159ehlcena ur\u010dit\u00fdm typem \u017e\u00e1dost\u00ed, vypom\u016f\u017ee j\u00ed jin\u00e1 OSSZ v&nbsp;r\u00e1mci \u00daSSZ. Tato flexibilita p\u0159i vy\u0159izov\u00e1n\u00ed \u017e\u00e1dost\u00ed umo\u017en\u00ed klient\u016fm \u0159e\u0161it svou z\u00e1le\u017eitost na kter\u00e9koliv OSSZ v&nbsp;r\u00e1mci \u201esv\u00e9\u201c \u00daSSZ. Tento krok zajist\u00ed pru\u017en\u011bj\u0161\u00ed i plynulej\u0161\u00ed vy\u0159izov\u00e1n\u00ed \u017e\u00e1dost\u00ed.<\/p>\n\n\n\n<p><strong>Jak\u00e1 zlep\u0161en\u00ed a usnadn\u011bn\u00ed vznik \u00daSSZ p\u0159inese?<\/strong><\/p>\n\n\n\n<ul class=\"wp-block-list\">\n<li>P\u0159ehledn\u011bj\u0161\u00ed a transparentn\u011bj\u0161\u00ed \u0159\u00edzen\u00ed \u00fa\u0159adu \u2013 v&nbsp;r\u00e1mci cel\u00e9 \u010cR pouze 5 \u00fa\u0159ad\u016f (\u00daSSZ).<\/li>\n\n\n\n<li>Optimalizace po\u010dtu vedouc\u00edch m\u00edst a s t\u00edm spojen\u00e9 sn\u00ed\u017een\u00ed administrativy a finan\u010dn\u00ed \u00faspory.<\/li>\n<\/ul>\n\n\n\n<ul class=\"wp-block-list\">\n<li>V\u011bt\u0161\u00ed flexibilita \u00fa\u0159adu \u2013 bude mo\u017en\u00e9 pru\u017en\u011bji p\u0159izp\u016fsobovat pracovn\u00ed procesy aktu\u00e1ln\u00edm pot\u0159eb\u00e1m (nap\u0159. operativn\u011b p\u0159esouvat agendy tak, aby jejich vy\u0159izov\u00e1n\u00ed bylo pru\u017en\u00e9<br \/>a plynul\u00e9).<\/li>\n\n\n\n<li>Lep\u0161\u00ed dostupnost \u00fa\u0159adu pro klienty \u2013 lid\u00e9 si nad\u00e1le budou moci vy\u0159izovat sv\u00e9 z\u00e1le\u017eitosti tam, kde byli zvykl\u00ed, v\u0161echna dosavadn\u00ed pracovi\u0161t\u011b z\u016fstanou zachov\u00e1na na sv\u00fdch p\u016fvodn\u00edch adres\u00e1ch. Nav\u00edc si klienti budou moci pro jedn\u00e1n\u00ed a komunikaci vybrat z v\u00edce okresn\u00edch pracovi\u0161\u0165.<\/li>\n\n\n\n<li>Efektivn\u011bj\u0161\u00ed organizaci pr\u00e1ce, kter\u00e1 p\u0159isp\u011bje k&nbsp;rychlej\u0161\u00edmu a kvalitn\u011bj\u0161\u00edmu vy\u0159izov\u00e1n\u00ed z\u00e1le\u017eitost\u00ed ob\u010dan\u016f.<\/li>\n\n\n\n<li>Do budoucna v\u00edce prostoru k poskytov\u00e1n\u00ed individu\u00e1ln\u00edho poradenstv\u00ed a roz\u0161\u00ed\u0159en\u00ed klientsk\u00e9ho servisu.<\/li>\n\n\n\n<li>Celkov\u011b efektivn\u011bj\u0161\u00ed fungov\u00e1n\u00ed \u00fa\u0159adu.<\/li>\n<\/ul>\n\n\n\n<p><strong>Institut posuzov\u00e1n\u00ed zdravotn\u00edho stavu<\/strong><\/p>\n\n\n\n<p>Od 1. 1. 2024 z\u00e1rove\u0148 vznik\u00e1 Institut posuzov\u00e1n\u00ed zdravotn\u00edho stavu (IPZS), pod kter\u00fd budou p\u0159evedeny ve\u0161ker\u00e9 organiza\u010dn\u00ed \u00fatvary a metodika dosavadn\u00ed l\u00e9ka\u0159sk\u00e9 posudkov\u00e9 slu\u017eby (LPS). C\u00edlem je kvalitn\u00ed, nez\u00e1visl\u00e9 a odborn\u00e9 posuzov\u00e1n\u00ed zdravotn\u00edho stavu pro pot\u0159eby p\u0159izn\u00e1n\u00ed invalidn\u00edch d\u016fchod\u016f a p\u0159\u00edsp\u011bvk\u016f osob\u00e1m se zdravotn\u00edm posti\u017een\u00edm a pro pot\u0159eby posuzov\u00e1n\u00ed d\u016fvodu trv\u00e1n\u00ed do\u010dasn\u00e9 pracovn\u00ed neschopnosti.<\/p>\n\n\n\n<p>Pro klienty nebude m\u00edt tato zm\u011bna \u017e\u00e1dn\u00fd negativn\u00ed dopad. Zam\u011bstnanci IPZS budou zaji\u0161\u0165ovat slu\u017eby na stejn\u00fdch m\u00edstech jako dosud. Vyhodnot\u00ed-li posudkov\u00fd l\u00e9ka\u0159 osobn\u00ed p\u0159\u00edtomnost klienta na jedn\u00e1n\u00ed jako nezbytn\u011b nutnou, bude klient pozv\u00e1n na okresn\u00ed spr\u00e1vu nejbli\u017e\u0161\u00ed jeho m\u00edstu pobytu. Kompletn\u00ed vy\u0159izov\u00e1n\u00ed t\u00e9to agendy pouze jedn\u00edm \u00fa\u0159adem bude efektivn\u011bj\u0161\u00ed a pro ob\u010dany jednodu\u0161\u0161\u00ed<br \/>a p\u0159ehledn\u011bj\u0161\u00ed.<\/p>\n\n\n\n<p><strong>Jak\u00e9 p\u0159\u00ednosy bude m\u00edt vznik IPZS?<\/strong><\/p>\n\n\n\n<ul class=\"wp-block-list\">\n<li>Postupy v&nbsp;posuzov\u00e1n\u00ed zdravotn\u00edho stavu pro \u00fa\u010dely soci\u00e1ln\u00edho zabezpe\u010den\u00ed budou organizov\u00e1ny a \u0159\u00edzeny jednou instituc\u00ed.<\/li>\n\n\n\n<li>Vyhotoven\u00ed posudk\u016f bude pru\u017en\u011bj\u0161\u00ed, \u010d\u00edm\u017e se zajist\u00ed <strong>rychlej\u0161\u00ed vy\u0159izov\u00e1n\u00ed d\u00e1vek <\/strong>nap\u0159\u00ed\u010d republikou.<\/li>\n\n\n\n<li>Nov\u00fd odborn\u00fd org\u00e1n IPZS zajist\u00ed pru\u017enou aplikaci pokrok\u016f medic\u00edny do posudkov\u00e9 praxe.<\/li>\n\n\n\n<li>Nov\u00e9 uspo\u0159\u00e1d\u00e1n\u00ed a fungov\u00e1n\u00ed bude pro ve\u0159ejnost srozumiteln\u011bj\u0161\u00ed.<\/li>\n<\/ul>\n\n\n\n<p><strong>Organizace jednotliv\u00fdch \u00daSSZ a IPZS<\/strong><\/p>\n\n\n\n<ol class=\"wp-block-list\">\n<li>\u00daSSZ pro hlavn\u00ed m\u011bsto<strong> Prahu<\/strong> a <strong>St\u0159edo\u010desk\u00fd <\/strong>kraj (s\u00eddlo v&nbsp;Praze) pro: PSSZ, OSSZ Bene\u0161ov, OSSZ Beroun, OSSZ Kladno, OSSZ Kol\u00edn, OSSZ Kutn\u00e1 Hora, OSSZ M\u011bln\u00edk, OSSZ Mlad\u00e1 Boleslav, OSSZ Nymburk, OSSZ Praha-v\u00fdchod, OSSZ Praha-z\u00e1pad, OSSZ P\u0159\u00edbram a OSSZ Rakovn\u00edk.<\/li>\n\n\n\n<li>\u00daSSZ pro <strong>Jiho\u010desk\u00fd<\/strong> kraj, <strong>Plze\u0148sk\u00fd<\/strong> kraj a <strong>Karlovarsk\u00fd<\/strong> kraj (s\u00eddlo v&nbsp;Plzni) pro: OSSZ \u010cesk\u00e9 Bud\u011bjovice, OSSZ \u010cesk\u00fd Krumlov, OSSZ Doma\u017elice, OSSZ Cheb, OSSZ Jind\u0159ich\u016fv Hradec, OSSZ Karlovy Vary, OSSZ Klatovy, OSSZ P\u00edsek, OSSZ Plze\u0148-jih, OSSZ Plze\u0148-m\u011bsto, OSSZ Plze\u0148-sever, OSSZ Prachatice, OSSZ Rokycany, OSSZ Sokolov, OSSZ Strakonice, OSSZ Tachov a OSSZ T\u00e1bor.<\/li>\n\n\n\n<li>\u00daSSZ pro <strong>\u00dasteck\u00fd<\/strong> kraj, <strong>Libereck\u00fd<\/strong> kraj, <strong>Kr\u00e1lov\u00e9hradeck\u00fd<\/strong> kraj a <strong>Pardubick\u00fd<\/strong> kraj (s\u00eddlo v&nbsp;Liberci) pro: OSSZ \u010cesk\u00e1 L\u00edpa, OSSZ D\u011b\u010d\u00edn, OSSZ Hradec Kr\u00e1lov\u00e9, OSSZ Chomutov, OSSZ Chrudim, OSSZ Jablonec nad Nisou, OSSZ Ji\u010d\u00edn, OSSZ Liberec, OSSZ Litom\u011b\u0159ice, OSSZ Louny, OSSZ Most, OSSZ N\u00e1chod, OSSZ Pardubice, OSSZ Rychnov nad Kn\u011b\u017enou, OSSZ Semily, OSSZ Svitavy, OSSZ Teplice, OSSZ Trutnov, OSSZ \u00dast\u00ed nad Labem a OSSZ \u00dast\u00ed nad Orlic\u00ed.<\/li>\n\n\n\n<li>\u00daSSZ pro Kraj <strong>Vyso\u010dina<\/strong>, <strong>Jihomoravsk\u00fd<\/strong> kraj a <strong>Zl\u00ednsk\u00fd<\/strong> kraj (s\u00eddlo v&nbsp;Brn\u011b) pro: OSSZ Blansko, MSSZ Brno, OSSZ Brno-venkov, OSSZ B\u0159eclav, OSSZ Havl\u00ed\u010dk\u016fv Brod, OSSZ Hodon\u00edn, OSSZ Jihlava, OSSZ Krom\u011b\u0159\u00ed\u017e, OSSZ Pelh\u0159imov, OSSZ T\u0159eb\u00ed\u010d, OSSZ Uhersk\u00e9 Hradi\u0161t\u011b, OSSZ Vset\u00edn, OSSZ Vy\u0161kov, OSSZ Zl\u00edn, OSSZ Znojmo a OSSZ \u017d\u010f\u00e1r nad S\u00e1zavou.<\/li>\n\n\n\n<li>\u00daSSZ pro <strong>Moravskoslezsk\u00fd<\/strong> kraj a <strong>Olomouck\u00fd<\/strong> kraj (s\u00eddlo v&nbsp;Ostrav\u011b) pro: OSSZ Brunt\u00e1l, OSSZ Fr\u00fddek-M\u00edstek, OSSZ Jesen\u00edk, OSSZ Karvin\u00e1, OSSZ Nov\u00fd Ji\u010d\u00edn, OSSZ Olomouc, OSSZ Opava, OSSZ Ostrava, OSSZ Prost\u011bjov, OSSZ P\u0159erov a OSSZ \u0160umperk.<\/li>\n\n\n\n<li><strong>IPZS<\/strong> (s\u00eddlo v&nbsp;Hradci Kr\u00e1lov\u00e9) s&nbsp;celorepublikovou p\u016fsobnost\u00ed a s&nbsp;druhoinstan\u010dn\u00edmi pracovi\u0161ti na ka\u017ed\u00e9 OSSZ.<\/li>\n<\/ol>\n\n\n\n<p><em>Odd\u011blen\u00ed komunikace \u010cSSZ<\/em><\/p>\n","protected":false},"excerpt":{"rendered":"<div class=\"mh-excerpt\"><p>Zm\u011bny ve struktu\u0159e \u010cesk\u00e9 spr\u00e1vy soci\u00e1ln\u00edho zabezpe\u010den\u00ed (\u010cSSZ) znamenaj\u00ed \u00fasporu n\u00e1klad\u016f, m\u00e9n\u011b administrativy, vy\u0161\u0161\u00ed rychlost i roz\u0161\u00ed\u0159en\u00e9 mo\u017enosti pro klienty S\u00ed\u0165 77 okresn\u00edch spr\u00e1v soci\u00e1ln\u00edho <a class=\"mh-excerpt-more\" href=\"https:\/\/www.invarena.cz\/?p=44917\" title=\"Zm\u011bny ve struktu\u0159e \u010cSSZ\">[&#8230;]<\/a><\/p>\n<\/div>","protected":false},"author":1,"featured_media":8814,"comment_status":"open","ping_status":"closed","sticky":false,"template":"","format":"standard","meta":{"footnotes":""},"categories":[9],"tags":[],"class_list":["post-44917","post","type-post","status-publish","format-standard","has-post-thumbnail","hentry","category-zpravy"],"_links":{"self":[{"href":"https:\/\/www.invarena.cz\/index.php?rest_route=\/wp\/v2\/posts\/44917","targetHints":{"allow":["GET"]}}],"collection":[{"href":"https:\/\/www.invarena.cz\/index.php?rest_route=\/wp\/v2\/posts"}],"about":[{"href":"https:\/\/www.invarena.cz\/index.php?rest_route=\/wp\/v2\/types\/post"}],"author":[{"embeddable":true,"href":"https:\/\/www.invarena.cz\/index.php?rest_route=\/wp\/v2\/users\/1"}],"replies":[{"embeddable":true,"href":"https:\/\/www.invarena.cz\/index.php?rest_route=%2Fwp%2Fv2%2Fcomments&post=44917"}],"version-history":[{"count":0,"href":"https:\/\/www.invarena.cz\/index.php?rest_route=\/wp\/v2\/posts\/44917\/revisions"}],"wp:featuredmedia":[{"embeddable":true,"href":"https:\/\/www.invarena.cz\/index.php?rest_route=\/wp\/v2\/media\/8814"}],"wp:attachment":[{"href":"https:\/\/www.invarena.cz\/index.php?rest_route=%2Fwp%2Fv2%2Fmedia&parent=44917"}],"wp:term":[{"taxonomy":"category","embeddable":true,"href":"https:\/\/www.invarena.cz\/index.php?rest_route=%2Fwp%2Fv2%2Fcategories&post=44917"},{"taxonomy":"post_tag","embeddable":true,"href":"https:\/\/www.invarena.cz\/index.php?rest_route=%2Fwp%2Fv2%2Ftags&post=44917"}],"curies":[{"name":"wp","href":"https:\/\/api.w.org\/{rel}","templated":true}]}}