{"id":45186,"date":"2024-01-19T00:41:43","date_gmt":"2024-01-18T23:41:43","guid":{"rendered":"https:\/\/www.invarena.cz\/?p=45186"},"modified":"2024-01-19T01:07:54","modified_gmt":"2024-01-19T00:07:54","slug":"pripominame-si-jana-palacha","status":"publish","type":"post","link":"https:\/\/www.invarena.cz\/?p=45186","title":{"rendered":"P\u0159ipom\u00edn\u00e1me si Jana Palacha\u00a0\u00a0"},"content":{"rendered":"\n<p>\u010cesk\u00fd rozhlas<\/p>\n\n\n\n<p>P\u0159ed 55 lety se na V\u00e1clavsk\u00e9m n\u00e1m\u011bst\u00ed v Praze up\u00e1lil student Jan Palach. \u010clov\u011bk mus\u00ed bojovat proti tomu zlu, na kter\u00e9 pr\u00e1v\u011b sta\u010d\u00ed. Tak zn\u00ed jedna z jeho my\u0161lenek. Dne 16. ledna je to p\u0159esn\u011b 55 let, co se jedenadvacetilet\u00fd student up\u00e1lil na protest proti cenzu\u0159e. Sv\u00fdm \u010dinem cht\u011bl Jan Palach probudit n\u00e1rod pot\u00e9, co okupace zem\u011b vojsky Var\u0161avsk\u00e9 smlouvy zni\u010dila nad\u011bje Pra\u017esk\u00e9ho jara.<\/p>\n\n\n\n<p>redaktor<br \/>&#8212;&#8212;&#8212;&#8212;&#8212;&#8212;&#8211;<br \/>Vzhledem k tomu, \u017ee se na\u0161e n\u00e1rody ocitly na okraji beznad\u011bje, rozhodli jsme se vyj\u00e1d\u0159it sv\u016fj protest a probudit lidi t\u00e9to zem\u011b n\u00e1sleduj\u00edc\u00edm zp\u016fsobem.<\/p>\n\n\n\n<p>redaktorka<br \/>&#8212;&#8212;&#8212;&#8212;&#8212;&#8212;&#8211;<br \/>Napsal 16. ledna 1969 ve sv\u00e9m pokoji na vysoko\u0161kolsk\u00e9 koleji Jan Palach. T\u0159i kopie adresoval konkr\u00e9tn\u00edm lidem a organizac\u00edm, \u010dtvrtou si str\u010dil do aktovky a ode\u0161el na V\u00e1clavsk\u00e9 n\u00e1m\u011bst\u00ed.<\/p>\n\n\n\n<p>redaktor<br \/>&#8212;&#8212;&#8212;&#8212;&#8212;&#8212;&#8211;<br \/>Na\u0161e skupina se skl\u00e1d\u00e1 z dobrovoln\u00edk\u016f, kte\u0159\u00ed jsou odhodl\u00e1ni se d\u00e1t pro na\u0161i v\u011bc up\u00e1lit. J\u00e1 jsem m\u011bl tu \u010dest vylosovat si jednotku, a tak jsem z\u00edskal pr\u00e1vo napsat prvn\u00ed dopisy a nastoupit coby prvn\u00ed pochode\u0148.<\/p>\n\n\n\n<p>redaktorka<br \/>&#8212;&#8212;&#8212;&#8212;&#8212;&#8212;&#8211;<br \/>Kr\u00e1tce po p\u016fl t\u0159et\u00ed odpoledne se Jan Palach pod rampou N\u00e1rodn\u00edho muzea polil ho\u0159lavinou a zap\u00e1lil.<\/p>\n\n\n\n<p>mluv\u010d\u00ed 3,<br \/>&#8212;&#8212;&#8212;&#8212;&#8212;&#8212;&#8211;<br \/>Podle m\u011b b\u011b\u017e\u00ed ho\u0159\u00edc\u00ed \u010dlov\u011bk, od pat a\u017e k hlav\u011b, ho\u0159el, bylo to vid\u011bt, jako kdy\u017e ho\u0159\u00ed benz\u00ednem, <\/p>\n\n\n\n<p>redaktorka<br \/>&#8212;&#8212;&#8212;&#8212;&#8212;&#8212;&#8211;<br \/>Popisoval pozd\u011bji toho dne dispe\u010der Dopravn\u00edho podniku.<\/p>\n\n\n\n<p>mluv\u010d\u00ed 3,<br \/>&#8212;&#8212;&#8212;&#8212;&#8212;&#8212;&#8211;<br \/>Tak jsem sundal rychle kab\u00e1t, b\u011b\u017e\u00edm za n\u00edm, sna\u017e\u00edm se ten kab\u00e1t na n\u011bj jako hodit. P\u0159itom on upadl tady ve vozovce, tak jsme to na n\u011bm uhasil a odvezli jsme ho do Legerov\u011b ulici na ty sp\u00e1leniny. No, bylo to jako hrozn\u00fd pod\u00edvan\u00e1 na toho \u010dlov\u011bka.<\/p>\n\n\n\n<p>redaktorka<br \/>&#8212;&#8212;&#8212;&#8212;&#8212;&#8212;&#8211;<br \/>D\u00edky sv\u011bdk\u016fm a tak\u00e9 dopisu, kter\u00fd zanechal, se zpr\u00e1va o \u010dinu Jana Palacha za\u010dala rychle \u0161\u00ed\u0159it. Nejen v \u010ceskoslovensku.<\/p>\n\n\n\n<p>historik Petr Bla\u017eek, \u0159editel muzea pam\u011bti dvac\u00e1t\u00e9ho stolet\u00ed.<br \/>&#8212;&#8212;&#8212;&#8212;&#8212;&#8212;&#8211;<br \/>Zpr\u00e1va, \u017ee se zap\u00e1lil uprost\u0159ed Evropy mlad\u00fd \u010dlov\u011bk, vyvolala velk\u00fd z\u00e1jem po cel\u00e9m sv\u011bt\u011b. O tom \u010dinu mluvil pape\u017e, mluvila cel\u00e1 \u0159ada politik\u016f, v mnoha o\u010d\u00edch. Jan Palach symbolizoval zn\u00e1siln\u011bn\u00e9 \u010ceskoslovensko, kter\u00e9 se proslavilo tak\u00e9 jak\u00fdmsi pokusem o lep\u0161\u00ed verzi socialismu.<\/p>\n\n\n\n<p>Petr Bla\u017eek, starosta Vyskytn\u00e9 \/nestr.\/<br \/>&#8212;&#8212;&#8212;&#8212;&#8212;&#8212;&#8211;<br \/>A najednou to v\u0161ecko kon\u010d\u00ed a p\u0159ich\u00e1z\u00ed vlastn\u011b tak jako v\u017edycky v souvislosti se Sov\u011btsk\u00fdm svazem, nakonec to n\u00e1siln\u00e9 potla\u010den\u00ed, Jan Palach se pro n\u011b stal, bych \u0159ekl, symbolem t\u00e9 zoufal\u00e9 situace v \u010ceskoslovensku.<\/p>\n\n\n\n<p>mluv\u010d\u00ed 5,<br \/>&#8212;&#8212;&#8212;&#8212;&#8212;&#8212;&#8211;<br \/>Jendo, hrozn\u011b to bol\u00ed&#8230;. dost, dost <\/p>\n\n\n\n<p>co \u0159\u00edk\u00e1\u0161<\/p>\n\n\n\n<p>mluv\u010d\u00ed 6,<br \/>&#8212;&#8212;&#8212;&#8212;&#8212;&#8212;&#8211;<br \/>&#8230;\u017ee \u010dlov\u011bku&#8230;.. mus\u00ed j\u00edt proti tomu &#8230;., na kter\u00fd pr\u00e1v\u011b sta\u010d\u00ed&#8230;. je\u0161t\u011b tady nejde&#8230;.<\/p>\n\n\n\n<p>Lucie Korcov\u00e1, redaktorka<br \/>&#8212;&#8212;&#8212;&#8212;&#8212;&#8212;&#8211;<br \/>17. ledna. 1969 nahr\u00e1la l\u00e9ka\u0159ka\u00a0<strong>Zdena <\/strong><strong>Kmon\u00ed\u010dkov\u00e1<\/strong>\u00a0kr\u00e1tk\u00fd rozhovor s pop\u00e1len\u00fdm Janem Palachem. Zem\u0159el o dva dny pozd\u011bji.<\/p>\n\n\n\n<p>mluv\u010d\u00ed 8,<br \/>&#8212;&#8212;&#8212;&#8212;&#8212;&#8212;&#8211;<br \/>Tento \u010dir\u00fd \u010din nam\u00ed\u0159en\u00fd p\u0159\u00edmo do st\u0159edu na\u0161eho my\u0161len\u00ed burcuje n\u00e1s k ne\u00faprosn\u00e9 nutnosti zm\u011bnit zp\u016fsob \u017eivota a my\u0161len\u00ed ka\u017ed\u00e9ho z n\u00e1s.<br \/><br \/>Lucie Korcov\u00e1, redaktorka<br \/>&#8212;&#8212;&#8212;&#8212;&#8212;&#8212;&#8211;<br \/>V den jeho smrti p\u0159e\u010detl p\u0159edseda Svazu vysoko\u0161kolsk\u00e9ho studentstva Michael Dym\u00e1\u010dek stanovisko student\u016f.<\/p>\n\n\n\n<p>mluv\u010d\u00ed 8,<br \/>&#8212;&#8212;&#8212;&#8212;&#8212;&#8212;&#8211;<br \/>Jan Palach protestoval proti mor\u00e1ln\u00ed neopr\u00e1vn\u011bnosti cenzury jako takov\u00e9 a proti ileg\u00e1ln\u00edm zpr\u00e1v\u00e1m. Jeho postoj m\u00edn\u011bn\u00ed je bezv\u00fdhradn\u011b i na\u0161\u00edm postojem, na\u0161\u00edm m\u00edn\u011bn\u00edm. Vedli jsme a d\u00e1le vedeme boj za prosazen\u00ed jeho po\u017eadavk\u016f.<\/p>\n\n\n\n<p>Lucie Korcov\u00e1, redaktorka<br \/>&#8212;&#8212;&#8212;&#8212;&#8212;&#8212;&#8211;<br \/>Na Palach\u016fv \u010din zareagoval i komunistick\u00fd re\u017eim 19. ledna. 1969 vyhl\u00e1sil pohotovost bezpe\u010dnostn\u00edch slo\u017eek, vyho\u0161t\u011bno bylo 16 zahrani\u010dn\u00edch novin\u00e1\u0159\u016f a \u010deskoslovensk\u00e9 redakce dostaly pokyn, aby vyd\u00e1valy jen ofici\u00e1ln\u00ed sd\u011blen\u00ed. V\u00fdznamnou pam\u00e1tku na Jana Palacha se ale poda\u0159ilo z\u00edskat socha\u0159i Olbramu Zoubkovi. <\/p>\n\n\n\n<p>Palachovu ob\u011b\u0165 p\u0159ipom\u00edn\u00e1 \u0159ada pietn\u00edch akc\u00ed po cel\u00e9 \u010cesk\u00e9 republice.<\/p>\n","protected":false},"excerpt":{"rendered":"<div class=\"mh-excerpt\"><p>\u010cesk\u00fd rozhlas P\u0159ed 55 lety se na V\u00e1clavsk\u00e9m n\u00e1m\u011bst\u00ed v Praze up\u00e1lil student Jan Palach. \u010clov\u011bk mus\u00ed bojovat proti tomu zlu, na kter\u00e9 pr\u00e1v\u011b sta\u010d\u00ed. <a class=\"mh-excerpt-more\" href=\"https:\/\/www.invarena.cz\/?p=45186\" title=\"P\u0159ipom\u00edn\u00e1me si Jana Palacha\u00a0\u00a0\">[&#8230;]<\/a><\/p>\n<\/div>","protected":false},"author":1,"featured_media":14273,"comment_status":"open","ping_status":"closed","sticky":false,"template":"","format":"standard","meta":{"footnotes":""},"categories":[7],"tags":[],"class_list":["post-45186","post","type-post","status-publish","format-standard","has-post-thumbnail","hentry","category-spolecnost"],"_links":{"self":[{"href":"https:\/\/www.invarena.cz\/index.php?rest_route=\/wp\/v2\/posts\/45186","targetHints":{"allow":["GET"]}}],"collection":[{"href":"https:\/\/www.invarena.cz\/index.php?rest_route=\/wp\/v2\/posts"}],"about":[{"href":"https:\/\/www.invarena.cz\/index.php?rest_route=\/wp\/v2\/types\/post"}],"author":[{"embeddable":true,"href":"https:\/\/www.invarena.cz\/index.php?rest_route=\/wp\/v2\/users\/1"}],"replies":[{"embeddable":true,"href":"https:\/\/www.invarena.cz\/index.php?rest_route=%2Fwp%2Fv2%2Fcomments&post=45186"}],"version-history":[{"count":0,"href":"https:\/\/www.invarena.cz\/index.php?rest_route=\/wp\/v2\/posts\/45186\/revisions"}],"wp:featuredmedia":[{"embeddable":true,"href":"https:\/\/www.invarena.cz\/index.php?rest_route=\/wp\/v2\/media\/14273"}],"wp:attachment":[{"href":"https:\/\/www.invarena.cz\/index.php?rest_route=%2Fwp%2Fv2%2Fmedia&parent=45186"}],"wp:term":[{"taxonomy":"category","embeddable":true,"href":"https:\/\/www.invarena.cz\/index.php?rest_route=%2Fwp%2Fv2%2Fcategories&post=45186"},{"taxonomy":"post_tag","embeddable":true,"href":"https:\/\/www.invarena.cz\/index.php?rest_route=%2Fwp%2Fv2%2Ftags&post=45186"}],"curies":[{"name":"wp","href":"https:\/\/api.w.org\/{rel}","templated":true}]}}