{"id":45190,"date":"2024-01-18T11:18:47","date_gmt":"2024-01-18T10:18:47","guid":{"rendered":"https:\/\/www.invarena.cz\/?p=45190"},"modified":"2024-01-18T11:18:48","modified_gmt":"2024-01-18T10:18:48","slug":"priznani-nove-odevzdaji-i-majitele-garazi-nebo-majitele-bytu-pronajimanych-turistum","status":"publish","type":"post","link":"https:\/\/www.invarena.cz\/?p=45190","title":{"rendered":"P\u0159izn\u00e1n\u00ed nov\u011b odevzdaj\u00ed i majitel\u00e9 gar\u00e1\u017e\u00ed nebo majitel\u00e9 byt\u016f pronaj\u00edman\u00fdch turist\u016fm"},"content":{"rendered":"\n<p>P\u0159izn\u00e1n\u00ed k dani z nemovitosti mus\u00ed letos odevzdat v\u00edc lid\u00ed. Term\u00edn pro pod\u00e1n\u00ed p\u0159izn\u00e1n\u00ed k dani z nemovitosti se bl\u00ed\u017e\u00ed, lid\u00e9, kte\u0159\u00ed v p\u0159edchoz\u00edm roce koupili, prodali nebo t\u0159eba zd\u011bdili nemovitost, ho musej\u00ed podat nejpozd\u011bji do konce m\u011bs\u00edce. Kv\u016fli vl\u00e1dn\u00edmu \u00fasporn\u00e9mu bal\u00ed\u010dku ale mus\u00ed p\u0159izn\u00e1n\u00ed letos nov\u011b odevzdat i t\u0159eba majitel\u00e9 gar\u00e1\u017e\u00ed nebo lid\u00e9, kte\u0159\u00ed sv\u016fj byt pronaj\u00edmaj\u00ed turist\u016fm. Na dani si nav\u00edc v\u0161ichni majitel\u00e9 nemovitost\u00ed p\u0159iplat\u00ed v pr\u016fm\u011bru o 8 %. Finan\u010dn\u00ed spr\u00e1va kv\u016fli zm\u011bn\u00e1m z\u0159\u00eddila speci\u00e1ln\u00ed telefonn\u00ed linky. B\u011bhem ledna tak\u00e9 vyraz\u00ed da\u0148ov\u00ed specialist\u00e9 do obc\u00ed, kde byl loni Finan\u010dn\u00ed \u00fa\u0159ad zru\u0161en\u00fd, pokra\u010duje mluv\u010d\u00ed finan\u010dn\u00ed spr\u00e1vy Tom\u00e1\u0161 Weiss.<\/p>\n\n\n\n<p>Tom\u00e1\u0161 Weiss, politolog, FSV UK<br \/>&#8212;&#8212;&#8212;&#8212;&#8212;&#8212;&#8211;<br \/>Pokud m\u00e1te obavy, zda zvl\u00e1dnete vyplnit da\u0148ov\u00e9 p\u0159izn\u00e1n\u00ed spr\u00e1vn\u011b, doporu\u010dujeme vyu\u017e\u00edt slu\u017ebu p\u0159ed vypln\u011bn\u00ed osobn\u00edch \u00fadaj\u016f a \u00fadaj\u016f z katastru nemovitost\u00ed, slu\u017eba p\u0159ed vypln\u011bn\u00ed je od leto\u0161ka dostupn\u00e1 na port\u00e1lu moje dan\u011b, kde se do sv\u00e9 da\u0148ov\u00e9 informa\u010dn\u00ed schr\u00e1nky p\u0159ihl\u00e1s\u00edte nap\u0159\u00edklad bankovn\u00ed identitou \u010di e ob\u010dankou.<\/p>\n","protected":false},"excerpt":{"rendered":"<div class=\"mh-excerpt\"><p>P\u0159izn\u00e1n\u00ed k dani z nemovitosti mus\u00ed letos odevzdat v\u00edc lid\u00ed. Term\u00edn pro pod\u00e1n\u00ed p\u0159izn\u00e1n\u00ed k dani z nemovitosti se bl\u00ed\u017e\u00ed, lid\u00e9, kte\u0159\u00ed v p\u0159edchoz\u00edm roce <a class=\"mh-excerpt-more\" href=\"https:\/\/www.invarena.cz\/?p=45190\" title=\"P\u0159izn\u00e1n\u00ed nov\u011b odevzdaj\u00ed i majitel\u00e9 gar\u00e1\u017e\u00ed nebo majitel\u00e9 byt\u016f pronaj\u00edman\u00fdch turist\u016fm\">[&#8230;]<\/a><\/p>\n<\/div>","protected":false},"author":1,"featured_media":40552,"comment_status":"open","ping_status":"closed","sticky":false,"template":"","format":"standard","meta":{"footnotes":""},"categories":[1],"tags":[],"class_list":["post-45190","post","type-post","status-publish","format-standard","has-post-thumbnail","hentry","category-nezarazene"],"_links":{"self":[{"href":"https:\/\/www.invarena.cz\/index.php?rest_route=\/wp\/v2\/posts\/45190","targetHints":{"allow":["GET"]}}],"collection":[{"href":"https:\/\/www.invarena.cz\/index.php?rest_route=\/wp\/v2\/posts"}],"about":[{"href":"https:\/\/www.invarena.cz\/index.php?rest_route=\/wp\/v2\/types\/post"}],"author":[{"embeddable":true,"href":"https:\/\/www.invarena.cz\/index.php?rest_route=\/wp\/v2\/users\/1"}],"replies":[{"embeddable":true,"href":"https:\/\/www.invarena.cz\/index.php?rest_route=%2Fwp%2Fv2%2Fcomments&post=45190"}],"version-history":[{"count":0,"href":"https:\/\/www.invarena.cz\/index.php?rest_route=\/wp\/v2\/posts\/45190\/revisions"}],"wp:featuredmedia":[{"embeddable":true,"href":"https:\/\/www.invarena.cz\/index.php?rest_route=\/wp\/v2\/media\/40552"}],"wp:attachment":[{"href":"https:\/\/www.invarena.cz\/index.php?rest_route=%2Fwp%2Fv2%2Fmedia&parent=45190"}],"wp:term":[{"taxonomy":"category","embeddable":true,"href":"https:\/\/www.invarena.cz\/index.php?rest_route=%2Fwp%2Fv2%2Fcategories&post=45190"},{"taxonomy":"post_tag","embeddable":true,"href":"https:\/\/www.invarena.cz\/index.php?rest_route=%2Fwp%2Fv2%2Ftags&post=45190"}],"curies":[{"name":"wp","href":"https:\/\/api.w.org\/{rel}","templated":true}]}}