{"id":45207,"date":"2024-01-18T12:49:20","date_gmt":"2024-01-18T11:49:20","guid":{"rendered":"https:\/\/www.invarena.cz\/?p=45207"},"modified":"2024-01-18T12:49:20","modified_gmt":"2024-01-18T11:49:20","slug":"zadejte-poslance-at-projednaji-prispevky-na-peci","status":"publish","type":"post","link":"https:\/\/www.invarena.cz\/?p=45207","title":{"rendered":"\u017d\u00e1dejte poslance, a\u0165 projednaj\u00ed p\u0159\u00edsp\u011bvky na p\u00e9\u010di"},"content":{"rendered":"\n<p>NRZP informoval, \u017ee Poslaneck\u00e1 sn\u011bmovna na sv\u00e9 posledn\u00ed sch\u016fzi v\u00a0roce 2023 rozhodovala o za\u0159azen\u00ed n\u00e1vrhu pana poslance Ale\u0161e Juchelky a dal\u0161\u00edch poslanc\u016f, sn\u011bmovn\u00ed tisk 565, na jak\u00e9 m\u00edsto n\u00e1vrh za\u0159ad\u00ed, aby mohl b\u00fdt rychle projedn\u00e1n. Jedn\u00e1 se o n\u00e1vrh z\u00e1kona, kter\u00fdm poslanci navrhovali zv\u00fd\u0161it p\u0159\u00edsp\u011bvky na p\u00e9\u010di v\u00a0jednotliv\u00fdch stupn\u00edch s\u00a0t\u00edm, \u017ee z\u00e1kon m\u011bl b\u00fdt schv\u00e1len v\u00a0tzv. zkr\u00e1cen\u00e9m zn\u011bn\u00ed a p\u0159\u00edsp\u011bvky na p\u00e9\u010di by se zv\u00fd\u0161ily k\u00a01. lednu 2024. <\/p>\n\n\n\n<p>Koali\u010dn\u00ed poslanci odm\u00edtli tisk 565 za\u0159adit tak, aby mohl b\u00fdt na tehdej\u0161\u00ed sch\u016fzi Poslaneck\u00e9 sn\u011bmovny projedn\u00e1n. Opozi\u010dn\u00ed poslaneck\u00e9 kluby cht\u011bj\u00ed n\u00e1vrh pana poslance Ale\u0161e Juchelky a dal\u0161\u00edch poslanc\u016f projednat, a proto po\u017e\u00e1dali o svol\u00e1n\u00ed mimo\u0159\u00e1dn\u00e9 sch\u016fze Poslaneck\u00e9 sn\u011bmovny, kter\u00e1 by se zab\u00fdvala pouze t\u00edmto n\u00e1vrhem. <\/p>\n\n\n\n<p>Veden\u00ed Poslaneck\u00e9 sn\u011bmovny n\u00e1vrh mus\u00ed akceptovat, ale rozhodlo, \u017ee tato mimo\u0159\u00e1dn\u00e1 sch\u016fze se bude konat v\u00a0p\u00e1tek 19. 1. 2024 po skon\u010den\u00ed diskuse k\u00a0n\u00e1vrhu na koresponden\u010dn\u00ed volby, nejpozd\u011bji v\u00a017:00 hodin. Jsou to podivn\u00e9 priority mezi koresponden\u010dn\u00ed volbou pro ob\u010dany v\u00a0cizin\u011b a zlep\u0161en\u00edm \u017eivota pro osoby se zdravotn\u00edm posti\u017een\u00edm a jejich rodinn\u00e9 p\u0159\u00edslu\u0161n\u00edky.<\/p>\n\n\n\n<p>V\u00e1\u017een\u00ed p\u0159\u00e1tel\u00e9, p\u0159esto si V\u00e1s dovolujeme po\u017e\u00e1dat, abyste napsali poslanc\u016fm, \u017ee \u017e\u00e1d\u00e1te projedn\u00e1n\u00ed n\u00e1vrhu z\u00e1kona tisk 565 ve zkr\u00e1cen\u00e9m \u010dten\u00ed, aby do\u0161lo k&nbsp;jeho p\u0159ijet\u00ed co nejrychleji. Adresy jednotliv\u00fdch poslanc\u016f najdete na tomto odkazu&nbsp;<a href=\"https:\/\/www.psp.cz\/sqw\/snem.sqw?P1=A&amp;P2=%c1\" target=\"_blank\" rel=\"noreferrer noopener\">https:\/\/www.psp.cz\/sqw\/snem.sqw?P1=A&amp;P2=%c1<\/a>. Pros\u00edme, abyste jim napsali v&nbsp;tom smyslu, \u017ee je pot\u0159eba zv\u00fd\u0161it p\u0159\u00edsp\u011bvky co nejd\u0159\u00edve, proto\u017ee \u0159\u00e1dn\u00e1 valorizace v\u0161ech stup\u0148\u016f se uskute\u010dnila naposledy v&nbsp;roce 2016.<\/p>\n\n\n\n<p>D\u011bkujeme V\u00e1m za spolupr\u00e1ci.<\/p>\n\n\n\n<p>P\u0159eji V\u00e1m v\u0161echno dobr\u00e9.<\/p>\n\n\n\n<p>V\u00e1clav Kr\u00e1sa<br \/>p\u0159edseda NRZP \u010cR<\/p>\n\n\n\n<hr class=\"wp-block-separator has-alpha-channel-opacity\"\/>\n\n\n\n<p><\/p>\n","protected":false},"excerpt":{"rendered":"<div class=\"mh-excerpt\"><p>NRZP informoval, \u017ee Poslaneck\u00e1 sn\u011bmovna na sv\u00e9 posledn\u00ed sch\u016fzi v\u00a0roce 2023 rozhodovala o za\u0159azen\u00ed n\u00e1vrhu pana poslance Ale\u0161e Juchelky a dal\u0161\u00edch poslanc\u016f, sn\u011bmovn\u00ed tisk 565, <a class=\"mh-excerpt-more\" href=\"https:\/\/www.invarena.cz\/?p=45207\" title=\"\u017d\u00e1dejte poslance, a\u0165 projednaj\u00ed p\u0159\u00edsp\u011bvky na p\u00e9\u010di\">[&#8230;]<\/a><\/p>\n<\/div>","protected":false},"author":1,"featured_media":12328,"comment_status":"open","ping_status":"closed","sticky":false,"template":"","format":"standard","meta":{"footnotes":""},"categories":[1],"tags":[],"class_list":["post-45207","post","type-post","status-publish","format-standard","has-post-thumbnail","hentry","category-nezarazene"],"_links":{"self":[{"href":"https:\/\/www.invarena.cz\/index.php?rest_route=\/wp\/v2\/posts\/45207","targetHints":{"allow":["GET"]}}],"collection":[{"href":"https:\/\/www.invarena.cz\/index.php?rest_route=\/wp\/v2\/posts"}],"about":[{"href":"https:\/\/www.invarena.cz\/index.php?rest_route=\/wp\/v2\/types\/post"}],"author":[{"embeddable":true,"href":"https:\/\/www.invarena.cz\/index.php?rest_route=\/wp\/v2\/users\/1"}],"replies":[{"embeddable":true,"href":"https:\/\/www.invarena.cz\/index.php?rest_route=%2Fwp%2Fv2%2Fcomments&post=45207"}],"version-history":[{"count":0,"href":"https:\/\/www.invarena.cz\/index.php?rest_route=\/wp\/v2\/posts\/45207\/revisions"}],"wp:featuredmedia":[{"embeddable":true,"href":"https:\/\/www.invarena.cz\/index.php?rest_route=\/wp\/v2\/media\/12328"}],"wp:attachment":[{"href":"https:\/\/www.invarena.cz\/index.php?rest_route=%2Fwp%2Fv2%2Fmedia&parent=45207"}],"wp:term":[{"taxonomy":"category","embeddable":true,"href":"https:\/\/www.invarena.cz\/index.php?rest_route=%2Fwp%2Fv2%2Fcategories&post=45207"},{"taxonomy":"post_tag","embeddable":true,"href":"https:\/\/www.invarena.cz\/index.php?rest_route=%2Fwp%2Fv2%2Ftags&post=45207"}],"curies":[{"name":"wp","href":"https:\/\/api.w.org\/{rel}","templated":true}]}}