{"id":45234,"date":"2024-01-19T00:58:51","date_gmt":"2024-01-18T23:58:51","guid":{"rendered":"https:\/\/www.invarena.cz\/?p=45234"},"modified":"2024-01-19T00:58:58","modified_gmt":"2024-01-18T23:58:58","slug":"psychiatri-hledaji-pacienty-s-depresi-do-studie-nove-lecby","status":"publish","type":"post","link":"https:\/\/www.invarena.cz\/?p=45234","title":{"rendered":"Psychiat\u0159i hledaj\u00ed pacienty s depres\u00ed do studie nov\u00e9 l\u00e9\u010dby"},"content":{"rendered":"\n<p>Psychiat\u0159i N\u00e1rodn\u00edho \u00fastavu du\u0161evn\u00edho zdrav\u00ed sh\u00e1n\u00ed pacienty s depres\u00ed, kte\u0159\u00ed jsou rezistentn\u00ed v\u016f\u010di standardn\u00ed l\u00e9\u010db\u011b antidepresivy. S l\u00e9\u010dbou depres\u00ed by mohla do budoucna pomoct psychedelika, konkr\u00e9tn\u011b l\u00e1tka psilocyb\u00edn, kterou obsahuj\u00ed halucinogenn\u00ed houby, lysohl\u00e1vky, jeho syntetickou formu te\u010f zkoumaj\u00ed experti v N\u00e1rodn\u00edm \u00fastavu du\u0161evn\u00edho zdrav\u00ed, z\u00e1rove\u0148 pro v\u00fdzkum hledaj\u00ed pacienty s depres\u00ed, kte\u0159\u00ed nereaguj\u00ed na antidepresiva, pr\u00e1v\u011b jim by l\u00e1tka mohla pomoct, \u0159\u00edk\u00e1 psychiatr a vedouc\u00ed v\u00fdzkumn\u00e9ho centra N\u00e1rodn\u00edho \u00fastavu du\u0161evn\u00edho zdrav\u00ed Ji\u0159\u00ed Hor\u00e1\u010dek.<br \/>&#8212;&#8212;&#8212;&#8212;&#8212;&#8212;&#8211;<br \/>Prvn\u00ed v\u00fdhoda je, \u017ee by mohla fungovat u pacient\u016f, u kter\u00fdch nefunguje standardn\u00ed antidepresivn\u00ed l\u00e9\u010dba, co\u017e je n\u011bjak\u00fdch 30 &#8211; 40 % v\u0161ech pacient\u016f. A druh\u00e1 v\u00fdhoda spo\u010d\u00edv\u00e1 v tom, \u017ee ten efekt je velmi rychl\u00fd po psychedelic\u00edch a nastupuje v podstat\u011b druh\u00fd den.<br \/><br \/>&#8212;&#8212;&#8212;&#8212;&#8212;&#8212;&#8211;<br \/>Jako prvn\u00ed na sv\u011bt\u011b Psilocyb\u00edn k l\u00e9\u010db\u011b du\u0161evn\u00edch poruch legalizovala loni v \u010dervenci Austr\u00e1lie ve Spojen\u00fdch st\u00e1tech i Evropsk\u00e9 unii. U\u017e je ve schvalovac\u00edm procesu, kter\u00fd m\u00e1 l\u00e1tku zav\u00e9st do b\u011b\u017en\u00e9 klinick\u00e9 praxe. <\/p>\n\n\n\n<p>mluv\u010d\u00ed 12,<br \/>&#8212;&#8212;&#8212;&#8212;&#8212;&#8212;&#8211;<br \/>Tady m\u00e1me v trezoru ulo\u017eenu medikaci.<br \/>Hezky pod z\u00e1mkem, mus\u00ed b\u00fdt pod z\u00e1mkem, proto\u017ee jsou to omamn\u00e9 psychotropn\u00ed l\u00e1tky.<\/p>\n\n\n\n<p>Karol\u00edna Burdov\u00e1, redaktorka<br \/>&#8212;&#8212;&#8212;&#8212;&#8212;&#8212;&#8211;<br \/>Psychiatr Tom\u00e1\u0161 P\u00e1len\u00ed\u010dek z N\u00e1rodn\u00edho \u00fastavu du\u0161evn\u00edho zdrav\u00ed s\u00e1m nev\u00ed, jak\u00e9 pr\u00e1\u0161ky v p\u0159ipraven\u00e9 d\u00e1vce jsou. Lahvi\u010dka s l\u00e9ky je toti\u017e zaslepena. \u00da\u010dinek psilocybin\u016f tu budou srovn\u00e1vat s kontroln\u00ed l\u00e1tkou, ketaminem a psychoaktivn\u00ed l\u00e1tkou bez antidepresivn\u00edho p\u016fsoben\u00ed midasolamem.<\/p>\n\n\n\n<p>mluv\u010d\u00ed 12,<br \/>&#8212;&#8212;&#8212;&#8212;&#8212;&#8212;&#8211;<br \/>Kdy\u017e se l\u00e9\u010d\u00ed b\u011b\u017en\u011b deprese, tak se l\u00e9\u010d\u00ed klasick\u00fdmi antidepresivy, kter\u00e9 typicky, kdy\u017e se nasad\u00ed, tak se \u010dek\u00e1 4\u20138 t\u00fddn\u016f na to, ne\u017e se projev\u00ed ten jejich antidepresivn\u00ed efekt. To, co je unik\u00e1tn\u00ed na t\u011bch takzvan\u011b rychl\u00fdch antidepresivech, \u017ee jsou schopny prolomit tu depresi jak norm\u00e1ln\u00ed, tak i rezistentn\u00ed prakticky okam\u017eit\u011b.<\/p>\n\n\n\n<p>redaktorka<br \/>&#8212;&#8212;&#8212;&#8212;&#8212;&#8212;&#8211;<br \/>Do studie se m\u016f\u017eou p\u0159ihl\u00e1sit pacienti star\u0161\u00ed 18 let s rezistentn\u00ed depres\u00ed, to znamen\u00e1 ti, kter\u00fdm nezabraly nejm\u00e9n\u011b dvoje antidepresiva v posledn\u00edch dvou letech.<\/p>\n\n\n\n<p>mluv\u010d\u00ed 15,<br \/>&#8212;&#8212;&#8212;&#8212;&#8212;&#8212;&#8211;<br \/>L\u00e9\u010dil jsem se bezv\u00fdsledn\u011b t\u0159i roky, bylo mi pod\u00e1no n\u011bkolik druh\u016f antidepresiv, le\u010d bez v\u00fdsledku.<\/p>\n\n\n\n<p>redaktorka<br \/>&#8212;&#8212;&#8212;&#8212;&#8212;&#8212;&#8211;<br \/>Do studie se zapojil i pan Richard, na doporu\u010den\u00ed ambulantn\u00edho psychiatra vyhledal pomoc pr\u00e1v\u011b v n\u00e1rodn\u00edm \u00fastavu du\u0161evn\u00edho zdrav\u00ed.<\/p>\n\n\n\n<p>mluv\u010d\u00ed 15,<br \/>&#8212;&#8212;&#8212;&#8212;&#8212;&#8212;&#8211;<br \/>J\u00e1 jsem to \u0161t\u011bst\u00ed, \u017ee v pod\u00e1n\u00ed t\u00e9to l\u00e1tky jsem schopen pracovat a \u017e\u00edt v r\u00e1mci mo\u017enost\u00ed norm\u00e1ln\u00ed \u017eivot.<\/p>\n\n\n\n<p>mluv\u010d\u00ed 16,<br \/>&#8212;&#8212;&#8212;&#8212;&#8212;&#8212;&#8211;<br \/>Kdy\u017e u\u017e n\u011bkdo t\u00edm s\u00edtem projde, \u010dek\u00e1 ho n\u011bkolik sezen\u00ed i dvout\u00fddenn\u00ed hospitalizace.<\/p>\n\n\n\n<p>mluv\u010d\u00ed 17,<br \/>&#8212;&#8212;&#8212;&#8212;&#8212;&#8212;&#8211;<br \/>K \u010demu tady je? Ta hudba?<\/p>\n\n\n\n<p>mluv\u010d\u00ed 12,<br \/>&#8212;&#8212;&#8212;&#8212;&#8212;&#8212;&#8211;<br \/>Prov\u00e1z\u00ed toho \u010dlov\u011bka, j\u00e1 tomu \u0159\u00edk\u00e1m, \u017ee to je ten hlavn\u00ed pr\u016fvodce celou tou zku\u0161enost\u00ed, proto\u017ee ta vlastn\u011b vytv\u00e1\u0159\u00ed ten pro\u017eitek, d\u00e1v\u00e1 tomu n\u011bjak\u00e9 barvy a d\u00e1v\u00e1 tomu n\u011bjak\u00e9 emoce, n\u011bjak\u00e9 t\u00f3ny&#8230;.<\/p>\n\n\n\n<p>Karol\u00edna Burdov\u00e1, redaktorka<br \/>&#8212;&#8212;&#8212;&#8212;&#8212;&#8212;&#8211;<br \/>kdy by se z psilocyb\u00ednu mohla v \u010cesku st\u00e1t vhodn\u00e1 alternativa k l\u00e9\u010db\u011b depres\u00ed, to zat\u00edm P\u00e1len\u00ed\u010dek netrouf\u00e1 odhadovat. Jako prvn\u00ed na sv\u011bt\u011b ho k l\u00e9\u010db\u011b du\u0161evn\u00edch poruch legalizovala v \u010dervenci lo\u0148sk\u00e9ho roku Austr\u00e1lie.<\/p>\n\n\n\n<p><\/p>\n","protected":false},"excerpt":{"rendered":"<div class=\"mh-excerpt\"><p>Psychiat\u0159i N\u00e1rodn\u00edho \u00fastavu du\u0161evn\u00edho zdrav\u00ed sh\u00e1n\u00ed pacienty s depres\u00ed, kte\u0159\u00ed jsou rezistentn\u00ed v\u016f\u010di standardn\u00ed l\u00e9\u010db\u011b antidepresivy. S l\u00e9\u010dbou depres\u00ed by mohla do budoucna pomoct psychedelika, <a class=\"mh-excerpt-more\" href=\"https:\/\/www.invarena.cz\/?p=45234\" title=\"Psychiat\u0159i hledaj\u00ed pacienty s depres\u00ed do studie nov\u00e9 l\u00e9\u010dby\">[&#8230;]<\/a><\/p>\n<\/div>","protected":false},"author":1,"featured_media":14888,"comment_status":"open","ping_status":"closed","sticky":false,"template":"","format":"standard","meta":{"footnotes":""},"categories":[11],"tags":[],"class_list":["post-45234","post","type-post","status-publish","format-standard","has-post-thumbnail","hentry","category-zdravi"],"_links":{"self":[{"href":"https:\/\/www.invarena.cz\/index.php?rest_route=\/wp\/v2\/posts\/45234","targetHints":{"allow":["GET"]}}],"collection":[{"href":"https:\/\/www.invarena.cz\/index.php?rest_route=\/wp\/v2\/posts"}],"about":[{"href":"https:\/\/www.invarena.cz\/index.php?rest_route=\/wp\/v2\/types\/post"}],"author":[{"embeddable":true,"href":"https:\/\/www.invarena.cz\/index.php?rest_route=\/wp\/v2\/users\/1"}],"replies":[{"embeddable":true,"href":"https:\/\/www.invarena.cz\/index.php?rest_route=%2Fwp%2Fv2%2Fcomments&post=45234"}],"version-history":[{"count":0,"href":"https:\/\/www.invarena.cz\/index.php?rest_route=\/wp\/v2\/posts\/45234\/revisions"}],"wp:featuredmedia":[{"embeddable":true,"href":"https:\/\/www.invarena.cz\/index.php?rest_route=\/wp\/v2\/media\/14888"}],"wp:attachment":[{"href":"https:\/\/www.invarena.cz\/index.php?rest_route=%2Fwp%2Fv2%2Fmedia&parent=45234"}],"wp:term":[{"taxonomy":"category","embeddable":true,"href":"https:\/\/www.invarena.cz\/index.php?rest_route=%2Fwp%2Fv2%2Fcategories&post=45234"},{"taxonomy":"post_tag","embeddable":true,"href":"https:\/\/www.invarena.cz\/index.php?rest_route=%2Fwp%2Fv2%2Ftags&post=45234"}],"curies":[{"name":"wp","href":"https:\/\/api.w.org\/{rel}","templated":true}]}}