{"id":4540,"date":"2013-05-06T09:43:45","date_gmt":"2013-05-06T07:43:45","guid":{"rendered":"http:\/\/www.invarena.cz\/?p=4540"},"modified":"2013-05-07T08:33:13","modified_gmt":"2013-05-07T06:33:13","slug":"drabek-naklady-na-zruseni-skaret-musi-nest-ti-co-odhlasuji-jejich-konec","status":"publish","type":"post","link":"https:\/\/www.invarena.cz\/?p=4540","title":{"rendered":"Dr\u00e1bek: N\u00e1klady na zru\u0161en\u00ed sKaret mus\u00ed n\u00e9st ti, co odhlasuj\u00ed jejich konec"},"content":{"rendered":"<p><strong>N\u00e1klady na p\u0159\u00edpadn\u00e9 zru\u0161en\u00ed sKaret by m\u011bli n\u00e9st ti, kte\u0159\u00ed odhlasuj\u00ed konec projektu. V po\u0159adu Partie televize Prima Family to \u0159ekl b\u00fdval\u00fd ministr pr\u00e1ce a soci\u00e1ln\u00edch v\u011bc\u00ed Jarom\u00edr Dr\u00e1bek (TOP 09). Podle n\u011bho by sKarty u\u0161et\u0159ily st\u00e1tu za 12 let t\u0159i miliardy korun. <\/strong><br \/>\n<!--more--><br \/>\n&#8222;Pokud je smlouva uzav\u0159en\u00e1 na 12 let a ka\u017ed\u00fd rok m\u011bla uspo\u0159it st\u00e1tn\u00edmu rozpo\u010dtu \u010dtvrt miliardy korun, tak si to spo\u010d\u00edtejte,&#8220; konstatoval Dr\u00e1bek. Reagoval tak na kritiku, \u017ee zaveden\u00ed sKaret, p\u0159es kter\u00e9 m\u011bly b\u00fdt lidem vypl\u00e1ceny soci\u00e1ln\u00ed d\u00e1vky, je pro st\u00e1t nev\u00fdhodn\u00e9.<\/p>\n<p>Projekt sKaret odstartoval loni pr\u00e1v\u011b pod veden\u00edm Dr\u00e1bka. Ministerstvo na syst\u00e9m uzav\u0159elo s \u010ceskou spo\u0159itelnou smlouvu do roku 2024. Spo\u0159itelnu podle ned\u00e1vn\u00e9ho vyj\u00e1d\u0159en\u00ed jej\u00edho veden\u00ed syst\u00e9m st\u00e1l kolem 300 milion\u016f korun. Dr\u00e1bek podotkl, \u017ee smlouva neobsahuje ujedn\u00e1n\u00ed o konkr\u00e9tn\u00ed sankci v p\u0159\u00edpad\u011b jej\u00edho vypov\u011bzen\u00ed, ale umo\u017e\u0148uje po \u0161esti letech jedn\u00e1n\u00ed obou stran o kompenzaci, pokud by byl provoz syst\u00e9mu ztr\u00e1tov\u00fd.<\/p>\n<p>Vl\u00e1da ve \u010dtvrtek ministryni pr\u00e1ce Ludmile M\u00fcllerov\u00e9 (TOP 09) doporu\u010dila, aby p\u0159ipravila ukon\u010den\u00ed kritizovan\u00e9ho projektu a intenzivn\u011b o n\u011bm za\u010dala jednat se spo\u0159itelnou. M\u00e1 p\u0159edlo\u017eit novelu, kter\u00e1 by syst\u00e9m zru\u0161ila. Ministryn\u011b nedok\u00e1zala \u0159\u00edct, kdy n\u00e1vrh vl\u00e1d\u011b d\u00e1. Podle jej\u00ed mluv\u010d\u00ed by to m\u011blo b\u00fdt co nejd\u0159\u00edve.<\/p>\n<p>Z\u00e1viset to ale pr\u00fd bude i na v\u00fdsledku jedn\u00e1n\u00ed. Ta se rozb\u011bhla hned ve \u010dtvrtek po rozhodnut\u00ed kabinetu. Prvn\u00ed se konalo na ministerstvu pr\u00e1ce. S gener\u00e1ln\u00edm \u0159editelem Pavlem Kysilkou by pak podle informac\u00ed \u010cTK m\u011bla M\u00fcllerov\u00e1 ji\u017e jednat.<\/p>\n<p>Podle informac\u00ed serveru Novinky.cz policie podez\u0159\u00edv\u00e1 Ministerstvo pr\u00e1ce a soci\u00e1ln\u00edch v\u011bc\u00ed pr\u00e1v\u011b kv\u016fli sKart\u00e1m z neopr\u00e1vn\u011bn\u00e9ho nakl\u00e1d\u00e1n\u00ed s osobn\u00edmi \u00fadaji. Podle policejn\u00ed mluv\u010d\u00ed Evy Krop\u00e1\u010dov\u00e9 p\u0159i\u0161lo kv\u016fli vyd\u00e1n\u00ed \u00fadaj\u016f p\u0159\u00edjemc\u016f soci\u00e1ln\u00edch d\u00e1vek \u010cesk\u00e9 spo\u0159iteln\u011b n\u011bkolik trestn\u00edch ozn\u00e1men\u00ed.<\/p>\n<p>M\u00fcllerov\u00e1 se ru\u0161en\u00ed projektu dosud br\u00e1nila. Prosazovala jen jeho \u00fapravu. Odvol\u00e1vala se na smlouvu se spo\u0159itelnou. P\u0159i ukon\u010den\u00ed kontraktu se ob\u00e1vala sankc\u00ed. Kabinet dva jej\u00ed pokusy o zm\u011bnu pravidel pou\u017e\u00edv\u00e1n\u00ed karet odm\u00edtl.<br \/>\nSpo\u0159itelnu podle ned\u00e1vn\u00e9ho vyj\u00e1d\u0159en\u00ed jej\u00edho veden\u00ed syst\u00e9m st\u00e1l kolem 300 milion\u016f. Premi\u00e9r p\u0159ed ned\u00e1vnem \u0159ekl, \u017ee st\u00e1t uzn\u00e1v\u00e1, \u017ee banka m\u011bla v\u00fddaje. O kompenzac\u00edch by se tedy jednalo. Zat\u00edm je ani p\u0159edseda vl\u00e1dy, ani ministryn\u011b nep\u0159ibl\u00ed\u017eili.<\/p>\n<p>Parlamentnilisty.cz<\/p>\n","protected":false},"excerpt":{"rendered":"<div class=\"mh-excerpt\"><p>N\u00e1klady na p\u0159\u00edpadn\u00e9 zru\u0161en\u00ed sKaret by m\u011bli n\u00e9st ti, kte\u0159\u00ed odhlasuj\u00ed konec projektu. V po\u0159adu Partie televize Prima Family to \u0159ekl b\u00fdval\u00fd ministr pr\u00e1ce a <a class=\"mh-excerpt-more\" href=\"https:\/\/www.invarena.cz\/?p=4540\" title=\"Dr\u00e1bek: N\u00e1klady na zru\u0161en\u00ed sKaret mus\u00ed n\u00e9st ti, co odhlasuj\u00ed jejich konec\">[&#8230;]<\/a><\/p>\n<\/div>","protected":false},"author":1,"featured_media":2249,"comment_status":"open","ping_status":"open","sticky":false,"template":"","format":"standard","meta":{"footnotes":""},"categories":[6],"tags":[],"class_list":["post-4540","post","type-post","status-publish","format-standard","has-post-thumbnail","hentry","category-politika"],"_links":{"self":[{"href":"https:\/\/www.invarena.cz\/index.php?rest_route=\/wp\/v2\/posts\/4540","targetHints":{"allow":["GET"]}}],"collection":[{"href":"https:\/\/www.invarena.cz\/index.php?rest_route=\/wp\/v2\/posts"}],"about":[{"href":"https:\/\/www.invarena.cz\/index.php?rest_route=\/wp\/v2\/types\/post"}],"author":[{"embeddable":true,"href":"https:\/\/www.invarena.cz\/index.php?rest_route=\/wp\/v2\/users\/1"}],"replies":[{"embeddable":true,"href":"https:\/\/www.invarena.cz\/index.php?rest_route=%2Fwp%2Fv2%2Fcomments&post=4540"}],"version-history":[{"count":0,"href":"https:\/\/www.invarena.cz\/index.php?rest_route=\/wp\/v2\/posts\/4540\/revisions"}],"wp:featuredmedia":[{"embeddable":true,"href":"https:\/\/www.invarena.cz\/index.php?rest_route=\/wp\/v2\/media\/2249"}],"wp:attachment":[{"href":"https:\/\/www.invarena.cz\/index.php?rest_route=%2Fwp%2Fv2%2Fmedia&parent=4540"}],"wp:term":[{"taxonomy":"category","embeddable":true,"href":"https:\/\/www.invarena.cz\/index.php?rest_route=%2Fwp%2Fv2%2Fcategories&post=4540"},{"taxonomy":"post_tag","embeddable":true,"href":"https:\/\/www.invarena.cz\/index.php?rest_route=%2Fwp%2Fv2%2Ftags&post=4540"}],"curies":[{"name":"wp","href":"https:\/\/api.w.org\/{rel}","templated":true}]}}