{"id":45402,"date":"2024-01-26T05:51:15","date_gmt":"2024-01-26T04:51:15","guid":{"rendered":"https:\/\/www.invarena.cz\/?p=45402"},"modified":"2024-01-26T05:51:16","modified_gmt":"2024-01-26T04:51:16","slug":"chystane-zmeny-na-trhu-prace","status":"publish","type":"post","link":"https:\/\/www.invarena.cz\/?p=45402","title":{"rendered":"Chystan\u00e9 zm\u011bny na trhu pr\u00e1ce\u00a0\u00a0"},"content":{"rendered":"\n<p>\u010cT 1\u00a0&#8211; Ud\u00e1losti<br \/><br \/>Rekvalifikace, dal\u0161\u00ed podpora zkr\u00e1cen\u00fdch \u00favazk\u016f i v\u011bt\u0161\u00ed zam\u011bstnanost cizinc\u016f. Ministerstvo pr\u00e1ce p\u0159edstavilo nov\u00fd model pracovn\u00edho trhu, kter\u00fd se m\u00e1 m\u011bnit v \u010dase a shroma\u017e\u010fovat data i mimo samotn\u00e9 \u00fa\u0159ady pr\u00e1ce. Syst\u00e9m m\u00e1 zahrnout t\u0159eba i studenty a z\u00e1jemce na rodi\u010dovsk\u00e9.<br \/><br \/>\u0160ij\u00ed neopreny pro pot\u00e1p\u011b\u010de i ryb\u00e1\u0159e. V t\u00e9to zl\u00ednsk\u00e9 rodinn\u00e9 firm\u011b pracuje 20 lid\u00ed. Te\u010f cht\u011bj\u00ed expandovat.<br \/><br \/>Michaela Greplov\u00e1, majitelka a jednatelka Agama Diving<br \/>&#8212;&#8212;&#8212;&#8212;&#8212;&#8212;&#8211;<br \/>Tak\u017ee my p\u0159ij\u00edm\u00e1me t\u0159eba \u017eeny, kter\u00e9 maj\u00ed \u0161it\u00ed jako hobby, a sna\u017e\u00edme se zau\u010dit a vlastn\u011b vy\u0161kolit si je sami.<br \/><br \/>Petra Hrabcov\u00e1, vedouc\u00ed servisn\u00ed a v\u00fdrobn\u00ed d\u00edlny<br \/>&#8212;&#8212;&#8212;&#8212;&#8212;&#8212;&#8211;<br \/>Ur\u010dit\u011b se to nezvl\u00e1dne za t\u0159i m\u011bs\u00edce, jak trv\u00e1 zku\u0161ebn\u00ed doba, ale je to minim\u00e1ln\u011b tady ot\u00e1zka tak rok.<br \/><br \/>redaktorka \u010cT<br \/>&#8212;&#8212;&#8212;&#8212;&#8212;&#8212;&#8211;<br \/>P\u0159e\u0161kolit se musel i Roman Divilek, te\u010f tu pracuje jako servisn\u00ed technik.<br \/><br \/>Roman Divilek, servisn\u00ed technik<br \/>&#8212;&#8212;&#8212;&#8212;&#8212;&#8212;&#8211;<br \/>M\u00e1m lesnickou \u0161kolu, to znamen\u00e1, jsem \u00fapln\u011b mimo obor a u\u010d\u00edm se po\u0159\u00e1d.<br \/><br \/>redaktorka \u010cT<br \/>&#8212;&#8212;&#8212;&#8212;&#8212;&#8212;&#8211;<br \/>P\u0159il\u00e1kat zam\u011bstnance maj\u00ed i zkr\u00e1cen\u00e9 pracovn\u00ed \u00favazky pro matky s d\u011btmi nebo seniory.<br \/><br \/>Marian Jure\u010dka,\u00a0<strong>ministr<\/strong>\u00a0<strong>pr\u00e1ce<\/strong>\u00a0a soci\u00e1ln\u00edch v\u011bc\u00ed \/KDU-\u010cSL\/<br \/>&#8212;&#8212;&#8212;&#8212;&#8212;&#8212;&#8211;<br \/>V\u00edce jak 23 000 firem dok\u00e1zalo tyto \u010d\u00e1ste\u010dn\u00e9 \u00favazky nab\u00edzet, a tedy vyu\u017eili i tu podporu, kterou poskytujeme.<br \/><br \/>redaktorka \u010cT<br \/>&#8212;&#8212;&#8212;&#8212;&#8212;&#8212;&#8211;<br \/>Nov\u00fd model pracuje i s pomoc\u00ed ze zahrani\u010d\u00ed, t\u0159eba pohostinstv\u00ed by se bez n\u00ed neobe\u0161lo, p\u0159esv\u011bd\u010den je o tom i majitel jedn\u00e9 z restaura\u010dn\u00edch s\u00edt\u00ed.<br \/><br \/>Jan Mu\u017e\u00e1tko, jednatel, Pizza Colloseum<br \/>&#8212;&#8212;&#8212;&#8212;&#8212;&#8212;&#8211;<br \/>Je zaj\u00edmav\u00fd prost\u011b, \u017ee my v \u010cech\u00e1ch m\u00e1me takov\u00fd probl\u00e9m, co se t\u00fd\u010de zam\u011bstn\u00e1v\u00e1n\u00ed cizinc\u016f, kdy\u017e nap\u0159\u00edklad v Polsku z\u00edsk\u00e1 Ukrajinec pracovn\u00ed povolen\u00ed za den.<br \/><br \/>Zden\u011bk Zaj\u00ed\u010dek, prezident, Hospod\u00e1\u0159sk\u00e1 komora \u010cR<br \/>&#8212;&#8212;&#8212;&#8212;&#8212;&#8212;&#8211;<br \/>I my jsme proto, abysme co nejv\u00edce urychlili p\u0159\u00edstup na \u010desk\u00fd pracovn\u00ed trh, ale z\u00e1rove\u0148, abysme to d\u011blali z bezpe\u010dn\u00fdch region\u016f.<br \/><br \/>Hana Vorl\u00ed\u010dkov\u00e1, redaktorka \u010cT<br \/>&#8212;&#8212;&#8212;&#8212;&#8212;&#8212;&#8211;<br \/>T\u0159eba ze \u0160pan\u011blska nebo Portugalska. St\u00e1t chce i pracovn\u00edky z Vietnamu, Indie nebo Filip\u00edn, tedy ze zem\u00ed, kde je vysok\u00e1 nezam\u011bstnanost.<br \/><br \/>Karel Havl\u00ed\u010dek, prvn\u00ed m\u00edstop\u0159edseda hnut\u00ed \/ANO\/<br \/>&#8212;&#8212;&#8212;&#8212;&#8212;&#8212;&#8211;<br \/>J\u00e1 bych docela r\u00e1d p\u0159e\u0161el od proklamac\u00ed a od vzletn\u00fdch my\u0161lenek k re\u00e1lu.<br \/><br \/>redaktorka \u010cT<br \/>&#8212;&#8212;&#8212;&#8212;&#8212;&#8212;&#8211;<br \/>To, kde budou lidi pracovat, ovliv\u0148uje i dopravn\u00ed spojen\u00ed. Mluv\u00ed o tom t\u0159eba v t\u00e9to firm\u011b kousek za Prahou.<br \/><br \/>Krist\u00fdna Rus\u0148\u00e1kov\u00e1, \u0159editelka logistiky, Tren\u00fdrk\u00e1rna.cz<br \/>&#8212;&#8212;&#8212;&#8212;&#8212;&#8212;&#8211;<br \/>I kdy\u017e ten zam\u011bstnanec je tady vedle z vesnice, tak zast\u00e1vka je n\u011bjak\u00fdch 12 minut odtud a cesta je po hlavn\u00ed silnici.<br \/><br \/>redaktorka \u010cT<br \/>&#8212;&#8212;&#8212;&#8212;&#8212;&#8212;&#8211;<br \/>K o\u017eiven\u00ed trhu pr\u00e1ce vyz\u00fdv\u00e1 i n\u00e1rodn\u00ed ekonomick\u00e1 rada vl\u00e1dy. Opat\u0159en\u00ed p\u0159edstavila v tomto t\u00fddnu. V \u0159ad\u011b bod\u016f, t\u0159eba v dostupnosti bydlen\u00ed se shoduje i se zam\u011bstnavateli. <\/p>\n\n\n\n<p>\u010cesk\u00e1 televize.<\/p>\n\n\n\n<p><\/p>\n","protected":false},"excerpt":{"rendered":"<div class=\"mh-excerpt\"><p>\u010cT 1\u00a0&#8211; Ud\u00e1losti Rekvalifikace, dal\u0161\u00ed podpora zkr\u00e1cen\u00fdch \u00favazk\u016f i v\u011bt\u0161\u00ed zam\u011bstnanost cizinc\u016f. Ministerstvo pr\u00e1ce p\u0159edstavilo nov\u00fd model pracovn\u00edho trhu, kter\u00fd se m\u00e1 m\u011bnit v \u010dase <a class=\"mh-excerpt-more\" href=\"https:\/\/www.invarena.cz\/?p=45402\" title=\"Chystan\u00e9 zm\u011bny na trhu pr\u00e1ce\u00a0\u00a0\">[&#8230;]<\/a><\/p>\n<\/div>","protected":false},"author":1,"featured_media":18323,"comment_status":"open","ping_status":"closed","sticky":false,"template":"","format":"standard","meta":{"footnotes":""},"categories":[6],"tags":[],"class_list":["post-45402","post","type-post","status-publish","format-standard","has-post-thumbnail","hentry","category-politika"],"_links":{"self":[{"href":"https:\/\/www.invarena.cz\/index.php?rest_route=\/wp\/v2\/posts\/45402","targetHints":{"allow":["GET"]}}],"collection":[{"href":"https:\/\/www.invarena.cz\/index.php?rest_route=\/wp\/v2\/posts"}],"about":[{"href":"https:\/\/www.invarena.cz\/index.php?rest_route=\/wp\/v2\/types\/post"}],"author":[{"embeddable":true,"href":"https:\/\/www.invarena.cz\/index.php?rest_route=\/wp\/v2\/users\/1"}],"replies":[{"embeddable":true,"href":"https:\/\/www.invarena.cz\/index.php?rest_route=%2Fwp%2Fv2%2Fcomments&post=45402"}],"version-history":[{"count":0,"href":"https:\/\/www.invarena.cz\/index.php?rest_route=\/wp\/v2\/posts\/45402\/revisions"}],"wp:featuredmedia":[{"embeddable":true,"href":"https:\/\/www.invarena.cz\/index.php?rest_route=\/wp\/v2\/media\/18323"}],"wp:attachment":[{"href":"https:\/\/www.invarena.cz\/index.php?rest_route=%2Fwp%2Fv2%2Fmedia&parent=45402"}],"wp:term":[{"taxonomy":"category","embeddable":true,"href":"https:\/\/www.invarena.cz\/index.php?rest_route=%2Fwp%2Fv2%2Fcategories&post=45402"},{"taxonomy":"post_tag","embeddable":true,"href":"https:\/\/www.invarena.cz\/index.php?rest_route=%2Fwp%2Fv2%2Ftags&post=45402"}],"curies":[{"name":"wp","href":"https:\/\/api.w.org\/{rel}","templated":true}]}}