{"id":45405,"date":"2024-01-26T05:53:44","date_gmt":"2024-01-26T04:53:44","guid":{"rendered":"https:\/\/www.invarena.cz\/?p=45405"},"modified":"2024-01-26T05:53:45","modified_gmt":"2024-01-26T04:53:45","slug":"propousteni-zamestnancu-i-bez-udani-duvodu","status":"publish","type":"post","link":"https:\/\/www.invarena.cz\/?p=45405","title":{"rendered":"Propou\u0161t\u011bn\u00ed zam\u011bstnanc\u016f i bez ud\u00e1n\u00ed d\u016fvodu\u00a0\u00a0"},"content":{"rendered":"\n<p>\u010cT 1\u00a0&#8211; Ud\u00e1losti<br \/><br \/>Propou\u0161t\u011bn\u00ed zam\u011bstnanc\u016f i bez ud\u00e1n\u00ed d\u016fvodu, takovou mo\u017enost bude p\u0159i vl\u00e1dn\u00edm vyjedn\u00e1v\u00e1n\u00ed o reform\u011b z\u00e1kon\u00edku pr\u00e1ce prosazovat ministr financ\u00ed Zbyn\u011bk Stanjura. V\u00fdm\u011bnou za to by m\u011blo b\u00fdt vy\u0161\u0161\u00ed odstupn\u00e9. Koali\u010dn\u00ed partne\u0159i jsou ochotni o n\u00e1vrhu jednat, naopak opozice pl\u00e1n kritizuje, podle n\u00ed by novinku mohli zam\u011bstnavatel\u00e9 zneu\u017e\u00edvat.<br \/><br \/>Zbyn\u011bk STANJURA, ministr financ\u00ed, 1. m\u00edstop\u0159edseda strany \/ODS\/<br \/>&#8212;&#8212;&#8212;&#8212;&#8212;&#8212;&#8211;<br \/>Pro v\u00fdpov\u011b\u010f bez ud\u00e1n\u00ed d\u016fvodu za jasn\u011b definovan\u00e9 v\u00fd\u0161e odstupn\u00e9ho, proto\u017ee to m\u016f\u017ee b\u00fdt vhodn\u00e9 pro ob\u011b strany, nejenom pro zam\u011bstnavatele, ale i pro toho zam\u011bstnance, kter\u00fd m\u016f\u017ee dostat v\u00fdhodnou nab\u00eddku a pak by ji mohl velmi rychle odej\u00edt.<br \/><br \/>redaktor \u010cT<br \/>&#8212;&#8212;&#8212;&#8212;&#8212;&#8212;&#8211;<br \/>T\u0159eba a\u017e p\u011bt m\u011bs\u00ed\u010dn\u00edch plat\u016f t\u0159eba.<br \/><br \/>Zbyn\u011bk STANJURA, ministr financ\u00ed, 1. m\u00edstop\u0159edseda strany \/ODS\/<br \/>&#8212;&#8212;&#8212;&#8212;&#8212;&#8212;&#8211;<br \/>To je ur\u010dit\u011b rozmez\u00ed, o kter\u00e9m se debata vede.<br \/><br \/>Marian Jure\u010dka, vicepremi\u00e9r,\u00a0<strong>ministr<\/strong>\u00a0<strong>pr\u00e1ce<\/strong>\u00a0a soci\u00e1ln\u00edch v\u011bc\u00ed, p\u0159edseda strany \/KDU-\u010cSL\/<br \/>&#8212;&#8212;&#8212;&#8212;&#8212;&#8212;&#8211;<br \/>Na jedn\u00e9 stran\u011b m\u00edt v\u011bt\u0161\u00ed flexibilitu, na druh\u00e9 stran\u011b ale um\u011bt tak\u00e9 dob\u0159e, \u0159ekn\u011bme, m\u00edt nastaven\u00e9 soci\u00e1ln\u00ed opat\u0159en\u00ed pro tyto osoby, to jsou dv\u011b v\u011bci, kter\u00e9 je nutn\u00e9 spolu dob\u0159e vyv\u00e1\u017eit.<br \/><br \/>Alena Schillerov\u00e1, p\u0159edsedkyn\u011b poslaneck\u00e9ho klubu, m\u00edstop\u0159edsedkyn\u011b hnut\u00ed \/ANO\/<br \/>&#8212;&#8212;&#8212;&#8212;&#8212;&#8212;&#8211;<br \/>To m\u016f\u017ee b\u00fdt prost\u011b skute\u010dn\u011b pou\u017e\u00edv\u00e1no k tomu, aby se zam\u011bstnavatel zbavil, ale bude to jenom jak\u00fdsi n\u00e1stroj rychl\u00e9ho p\u0159etahov\u00e1n\u00ed si zam\u011bstnanc\u016f a nevytvo\u0159\u00ed to nov\u00e1 pracovn\u00ed m\u00edsta.<\/p>\n\n\n\n<p><\/p>\n","protected":false},"excerpt":{"rendered":"<div class=\"mh-excerpt\"><p>\u010cT 1\u00a0&#8211; Ud\u00e1losti Propou\u0161t\u011bn\u00ed zam\u011bstnanc\u016f i bez ud\u00e1n\u00ed d\u016fvodu, takovou mo\u017enost bude p\u0159i vl\u00e1dn\u00edm vyjedn\u00e1v\u00e1n\u00ed o reform\u011b z\u00e1kon\u00edku pr\u00e1ce prosazovat ministr financ\u00ed Zbyn\u011bk Stanjura. V\u00fdm\u011bnou <a class=\"mh-excerpt-more\" href=\"https:\/\/www.invarena.cz\/?p=45405\" title=\"Propou\u0161t\u011bn\u00ed zam\u011bstnanc\u016f i bez ud\u00e1n\u00ed d\u016fvodu\u00a0\u00a0\">[&#8230;]<\/a><\/p>\n<\/div>","protected":false},"author":1,"featured_media":27904,"comment_status":"open","ping_status":"closed","sticky":false,"template":"","format":"standard","meta":{"footnotes":""},"categories":[7],"tags":[],"class_list":["post-45405","post","type-post","status-publish","format-standard","has-post-thumbnail","hentry","category-spolecnost"],"_links":{"self":[{"href":"https:\/\/www.invarena.cz\/index.php?rest_route=\/wp\/v2\/posts\/45405","targetHints":{"allow":["GET"]}}],"collection":[{"href":"https:\/\/www.invarena.cz\/index.php?rest_route=\/wp\/v2\/posts"}],"about":[{"href":"https:\/\/www.invarena.cz\/index.php?rest_route=\/wp\/v2\/types\/post"}],"author":[{"embeddable":true,"href":"https:\/\/www.invarena.cz\/index.php?rest_route=\/wp\/v2\/users\/1"}],"replies":[{"embeddable":true,"href":"https:\/\/www.invarena.cz\/index.php?rest_route=%2Fwp%2Fv2%2Fcomments&post=45405"}],"version-history":[{"count":0,"href":"https:\/\/www.invarena.cz\/index.php?rest_route=\/wp\/v2\/posts\/45405\/revisions"}],"wp:featuredmedia":[{"embeddable":true,"href":"https:\/\/www.invarena.cz\/index.php?rest_route=\/wp\/v2\/media\/27904"}],"wp:attachment":[{"href":"https:\/\/www.invarena.cz\/index.php?rest_route=%2Fwp%2Fv2%2Fmedia&parent=45405"}],"wp:term":[{"taxonomy":"category","embeddable":true,"href":"https:\/\/www.invarena.cz\/index.php?rest_route=%2Fwp%2Fv2%2Fcategories&post=45405"},{"taxonomy":"post_tag","embeddable":true,"href":"https:\/\/www.invarena.cz\/index.php?rest_route=%2Fwp%2Fv2%2Ftags&post=45405"}],"curies":[{"name":"wp","href":"https:\/\/api.w.org\/{rel}","templated":true}]}}