{"id":45407,"date":"2024-01-26T06:22:05","date_gmt":"2024-01-26T05:22:05","guid":{"rendered":"https:\/\/www.invarena.cz\/?p=45407"},"modified":"2024-01-26T06:22:55","modified_gmt":"2024-01-26T05:22:55","slug":"vasina-na-hrade-nahradi-vohralikovou","status":"publish","type":"post","link":"https:\/\/www.invarena.cz\/?p=45407","title":{"rendered":"Va\u0161ina na hrad\u011b nahrad\u00ed Vohral\u00edkovou\u00a0\u00a0"},"content":{"rendered":"\n<p>Studio \u010cT24<\/p>\n\n\n\n<p>Jana Vohral\u00edkov\u00e1 kon\u010d\u00ed jako vedouc\u00ed prezidentsk\u00e9 kancel\u00e1\u0159e. Podle hradu odch\u00e1z\u00ed z osobn\u00edch d\u016fvod\u016f. Jako n\u00e1stupce si Pavel vybral \u0159editele st\u0159edoevropsk\u00e9 pobo\u010dky Aspen institutu Milana Va\u0161inu, ten napsal, \u017ee chce pokra\u010dovat v pr\u00e1ci sv\u00e9 p\u0159edch\u016fdkyn\u011b.<br \/><br \/>mluv\u010d\u00ed 1,<br \/>&#8212;&#8212;&#8212;&#8212;&#8212;&#8212;&#8211;<br \/>Jana Vohral\u00edkov\u00e1 odvedla skv\u011blou pr\u00e1ci v nesm\u00edrn\u011b t\u011b\u017ek\u00e9 dob\u011b, za\u010d\u00e1tku prezidentsk\u00e9ho mand\u00e1tu a budov\u00e1n\u00ed kancel\u00e1\u0159e, dok\u00e1zala p\u0159iv\u00e9st do vedouc\u00edch pozic profesion\u00e1ly, nastavit a organizaci a fungov\u00e1n\u00ed cel\u00e9ho t\u00fdmu. Pat\u0159\u00ed za to m\u00e9 velk\u00e9 pod\u011bkov\u00e1n\u00ed. Byl bych pot\u011b\u0161en, kdybych mohl i nad\u00e1le vyu\u017e\u00edvat jej\u00ed zku\u0161enosti nebo doporu\u010den\u00ed a z\u016fstal s n\u00ed v kontaktu. Dve\u0159e na hrad bude m\u00edt otev\u0159en\u00e9.<\/p>\n\n\n\n<p>Jana Vohral\u00edkov\u00e1<br \/>Pr\u00e1ce kancl\u00e9\u0159ky byla tou nejlep\u0161\u00ed zku\u0161enost\u00ed, kterou jsem dostala. Byla to doba neskute\u010dn\u011b zaj\u00edmav\u00e1, obohacuj\u00edc\u00ed a pestr\u00e1, ale z\u00e1rove\u0148 velmi n\u00e1ro\u010dn\u00e1. Pracovn\u00ed tlak a spole\u010densk\u00e9 povinnosti spojen\u00e9 s funkc\u00ed jsou vysiluj\u00edc\u00ed, a proto se v bl\u00edzk\u00e9 budoucnosti chci v\u011bnovat jin\u00e9 pr\u00e1ci a projekt\u016fm.<br \/><br \/><\/p>\n","protected":false},"excerpt":{"rendered":"<div class=\"mh-excerpt\"><p>Studio \u010cT24 Jana Vohral\u00edkov\u00e1 kon\u010d\u00ed jako vedouc\u00ed prezidentsk\u00e9 kancel\u00e1\u0159e. Podle hradu odch\u00e1z\u00ed z osobn\u00edch d\u016fvod\u016f. Jako n\u00e1stupce si Pavel vybral \u0159editele st\u0159edoevropsk\u00e9 pobo\u010dky Aspen institutu <a class=\"mh-excerpt-more\" href=\"https:\/\/www.invarena.cz\/?p=45407\" title=\"Va\u0161ina na hrad\u011b nahrad\u00ed Vohral\u00edkovou\u00a0\u00a0\">[&#8230;]<\/a><\/p>\n<\/div>","protected":false},"author":1,"featured_media":45413,"comment_status":"open","ping_status":"closed","sticky":false,"template":"","format":"standard","meta":{"footnotes":""},"categories":[6],"tags":[],"class_list":["post-45407","post","type-post","status-publish","format-standard","has-post-thumbnail","hentry","category-politika"],"_links":{"self":[{"href":"https:\/\/www.invarena.cz\/index.php?rest_route=\/wp\/v2\/posts\/45407","targetHints":{"allow":["GET"]}}],"collection":[{"href":"https:\/\/www.invarena.cz\/index.php?rest_route=\/wp\/v2\/posts"}],"about":[{"href":"https:\/\/www.invarena.cz\/index.php?rest_route=\/wp\/v2\/types\/post"}],"author":[{"embeddable":true,"href":"https:\/\/www.invarena.cz\/index.php?rest_route=\/wp\/v2\/users\/1"}],"replies":[{"embeddable":true,"href":"https:\/\/www.invarena.cz\/index.php?rest_route=%2Fwp%2Fv2%2Fcomments&post=45407"}],"version-history":[{"count":0,"href":"https:\/\/www.invarena.cz\/index.php?rest_route=\/wp\/v2\/posts\/45407\/revisions"}],"wp:featuredmedia":[{"embeddable":true,"href":"https:\/\/www.invarena.cz\/index.php?rest_route=\/wp\/v2\/media\/45413"}],"wp:attachment":[{"href":"https:\/\/www.invarena.cz\/index.php?rest_route=%2Fwp%2Fv2%2Fmedia&parent=45407"}],"wp:term":[{"taxonomy":"category","embeddable":true,"href":"https:\/\/www.invarena.cz\/index.php?rest_route=%2Fwp%2Fv2%2Fcategories&post=45407"},{"taxonomy":"post_tag","embeddable":true,"href":"https:\/\/www.invarena.cz\/index.php?rest_route=%2Fwp%2Fv2%2Ftags&post=45407"}],"curies":[{"name":"wp","href":"https:\/\/api.w.org\/{rel}","templated":true}]}}