{"id":4548,"date":"2013-05-06T08:09:52","date_gmt":"2013-05-06T06:09:52","guid":{"rendered":"http:\/\/www.invarena.cz\/?p=4548"},"modified":"2014-10-20T20:13:49","modified_gmt":"2014-10-20T18:13:49","slug":"pred-sto-lety-nemohli-do-skoly-dnes-jdou-dal-nez-lide-zdravi","status":"publish","type":"post","link":"https:\/\/www.invarena.cz\/?p=4548","title":{"rendered":"P\u0159ed sto lety nemohli do \u0161koly, dnes &#8222;jdou d\u00e1l&#8220; ne\u017e lid\u00e9 zdrav\u00ed"},"content":{"rendered":"<p><strong>Voz\u00ed\u010dk\u00e1\u0159i z Jedli\u010dkova \u00fastavu v sobotu sla\u0148ovali ze st\u0159echy pra\u017esk\u00e9ho Kongresov\u00e9ho centra. Oslavili t\u00edm sto let existence sv\u00e9 \u0161koly a zah\u00e1jili festival Poj\u010f d\u00e1l, kter\u00fd cht\u011bl uk\u00e1zat, jak se posti\u017een\u00ed dok\u00e1\u017eou vyrovnat zdrav\u00fdm lidem.<\/strong><br \/>\n<!--more--><br \/>\nNa voz\u00ed\u010dku se u\u017e nechali spustit po lan\u011b z Vy\u0161ehradsk\u00e9 sk\u00e1ly na C\u00edsa\u0159skou louku. Sk\u00e1kali pad\u00e1kem a sla\u0148ovali z horkovzdu\u0161n\u00e9ho balonu. V sobotu parta voz\u00ed\u010dk\u00e1\u0159\u016f z Jedli\u010dkova \u00fastavu zbo\u0159ila dal\u0161\u00ed bari\u00e9ru.<\/p>\n<p>P\u016fvodn\u011b j\u00ed m\u011bl b\u00fdt pades\u00e1t metr\u016f vysok\u00fd Nuselsk\u00fd most. Ale kdy\u017e to nevy\u0161lo, vzali \u00fatokem budovu Kongresov\u00e9ho centra na Pankr\u00e1ci. Na horolezeck\u00fdch lanech se jich i s voz\u00edky do polovi\u010dn\u00ed hloubky &#8222;propadlo&#8220; hned deset. Navzdory nev\u00e1bn\u00e9mu po\u010das\u00ed a za hust\u00e9ho de\u0161t\u011b. Ji\u0161t\u011bni byli dv\u011bma lany a horolezcem, kter\u00fd se spou\u0161t\u011bl s nimi.<\/p>\n<p><strong>Obavy vyst\u0159\u00eddalo nad\u0161en\u00ed<\/strong><\/p>\n<p><strong>&#8222;<\/strong>Tro\u0161i\u010dku obavy jsem m\u011bla,&#8220; p\u0159iznala p\u011btadvacetilet\u00e1 Kate\u0159ina \u0160\u016flov\u00e1. Hrdlo se j\u00ed sev\u0159elo ve chv\u00edli, kdy kole\u010dka voz\u00edku horolezci p\u0159ekl\u00e1p\u011bli p\u0159es hranu budovy a pod n\u00ed se rozev\u0159el voln\u00fd prostor. &#8222;To jsem se opravdu b\u00e1la. Ale nakonec se mi to l\u00edbilo a klidn\u011b bych do toho \u0161la znova,&#8220; usm\u00edvala se, a t\u00edm dodala odvahu v\u0161em sv\u00fdm koleg\u016fm p\u0159ipraven\u00fdm na st\u0159e\u0161e.<\/p>\n<p>Sobotn\u00ed odv\u00e1\u017en\u00e1 akce se uskute\u010dnila v r\u00e1mci zah\u00e1jen\u00ed festivalu hudby a pohybu Poj\u010f d\u00e1l, kter\u00fd na Vy\u0161ehrad\u011b po\u0159\u00e1dal Jedli\u010dk\u016fv \u00fastav ke sv\u00e9mu st\u00e9mu v\u00fdro\u010d\u00ed. I na n\u011bm se lid\u00e9 s handicapem sna\u017eili uk\u00e1zat, \u017ee se mohou vyrovnat zdrav\u00fdm lidem.<\/p>\n<p>&#8222;\u017de dok\u00e1\u017eou budovat vztah s ve\u0159ejnost\u00ed a lidmi, kte\u0159\u00ed se s handicapovan\u00fdmi t\u0159eba je\u0161t\u011b nikdy nesetkali,&#8220; vysv\u011btlil organiz\u00e1tor festivalu \u0160imon Ornest, kter\u00fd je z\u00e1rove\u0148 kapeln\u00edkem The Tap Tap \u2013 hudebn\u00ed skupiny slo\u017een\u00e9 pr\u00e1v\u011b ze student\u016f a absolvent\u016f \u0161kol Jedli\u010dkova \u00fastavu.<\/p>\n<p>Na \u00fapat\u00ed Centra p\u0159ihl\u00ed\u017eela schovan\u00e1 pod kapucemi \u010di de\u0161tn\u00edky asi stovka div\u00e1k\u016f. Atmosf\u00e9ru okam\u017eiku umocnila pr\u00e1v\u011b skupina The Tap Tap, kter\u00e1 m\u011bnila rytmy sv\u00fdch hudebn\u00edch n\u00e1stroj\u016f podle aktu\u00e1ln\u00ed situace na st\u0159e\u0161e a pod\u00e9l budovy. A jakmile se ka\u017ed\u00fd dal\u0161\u00ed \u00fa\u010dastn\u00edk spustil z centra, ozval se prostorem mohutn\u00fd potlesk.<\/p>\n<p>A hlavn\u00ed akt\u00e9\u0159i si akci n\u00e1ramn\u011b u\u017e\u00edvali. &#8222;Je to v\u00fdborn\u00fd pocit. Bylo to naprosto v pohod\u011b, \u017e\u00e1dn\u00fd strach jsem nem\u011bl, ani z\u00e1vrat\u011b. Kongres\u00e1k m\u00e1m prolezl\u00fd zevnit\u0159, tak kone\u010dn\u011b jsem se dostal i ven. V\u00fd\u0161ky m\u00e1m r\u00e1d, v\u017edy\u0165 sk\u00e1\u010du i z letadel,&#8220; pochvaloval si sla\u0148ov\u00e1n\u00ed Jakub Kouck\u00fd. P\u0159\u00ed\u0161t\u011b by se pr\u00fd r\u00e1d vydal tak\u00e9 opa\u010dn\u00fdm sm\u011brem.<\/p>\n<p>Sedmat\u0159icetilet\u00fd absolvent \u0161koly Jedli\u010dkova \u00fastavu p\u0159ed sedmi lety zalo\u017eil spole\u010dnost Adrenalin bez bari\u00e9r, kter\u00e1 podobn\u00e9 volno\u010dasov\u00e9 aktivity nab\u00edz\u00ed handicapovan\u00fdm nejen z &#8222;Jedli\u010dk\u00e1rny&#8220;. &#8222;Sna\u017e\u00edme se spojovat se zdrav\u00fdmi lidmi a posti\u017een\u00fdm uk\u00e1zat, \u017ee se nemaj\u00ed \u010deho b\u00e1t,&#8220; dodal.<\/p>\n<p><strong>Horolezci oce\u0148ovali odvahu<\/strong><\/p>\n<p>O bezpe\u010dnost se od sobotn\u00edho r\u00e1na starala parta horolezc\u016f. Na p\u0159\u00edpravn\u00e9 plo\u0161in\u011b na st\u0159e\u0161e mohlo b\u00fdt v jednu chv\u00edli nejv\u00fd\u0161e p\u011bt lid\u00ed.<\/p>\n<p>&#8222;Co tady voz\u00ed\u010dk\u00e1\u0159i p\u0159edv\u00e1d\u011bj\u00ed, je naprosto \u00fa\u017easn\u00e9. Mysl\u00edm, \u017ee do jist\u00e9 m\u00edry nemaj\u00ed z\u00e1brany, a t\u00edm to maj\u00ed leh\u010d\u00ed. Na druhou stranu u\u017e jen dostat se na st\u0159echu Kongresov\u00e9ho centra mus\u00ed b\u00fdt pro n\u011b dobrodru\u017estv\u00ed,&#8220; uvedl horolezec Borek Nechanick\u00fd. Jeho pr\u00e1ce nespo\u010d\u00edvala pouze v maxim\u00e1ln\u00edm zabezpe\u010den\u00ed spou\u0161t\u011bn\u00e9ho klienta, ale i p\u0159i samotn\u00e9m sla\u0148ov\u00e1n\u00ed. &#8222;Mus\u00edme v\u0161echno kontrolovat, a kdyby se cokoliv stalo, b\u00fdt hned p\u0159i ruce a pomoci,&#8220; doplnil.<\/p>\n<p>Po sportovn\u00edch v\u00fdkonech se festival p\u0159esunul do are\u00e1lu Jedli\u010dkova \u00fastavu. Zde vystoupilo nap\u0159\u00edklad trio nevidom\u00fdch zp\u011bva\u010dek Makabara, kapely Tam Tam Batucada nebo \u010cechomor. &#8222;Oslavujeme po cel\u00fd rok 2013 a tento festival bychom cht\u011bli nap\u0159esrok zopakovat. A douf\u00e1m, \u017ee se n\u00e1m poda\u0159\u00ed slanit i ten Nusel\u00e1k,&#8220; dodal \u0160imon Ornest.<\/p>\n<p>Mlad\u00e1 fronta DNES<\/p>\n","protected":false},"excerpt":{"rendered":"<div class=\"mh-excerpt\"><p>Voz\u00ed\u010dk\u00e1\u0159i z Jedli\u010dkova \u00fastavu v sobotu sla\u0148ovali ze st\u0159echy pra\u017esk\u00e9ho Kongresov\u00e9ho centra. Oslavili t\u00edm sto let existence sv\u00e9 \u0161koly a zah\u00e1jili festival Poj\u010f d\u00e1l, kter\u00fd <a class=\"mh-excerpt-more\" href=\"https:\/\/www.invarena.cz\/?p=4548\" title=\"P\u0159ed sto lety nemohli do \u0161koly, dnes &#8222;jdou d\u00e1l&#8220; ne\u017e lid\u00e9 zdrav\u00ed\">[&#8230;]<\/a><\/p>\n<\/div>","protected":false},"author":1,"featured_media":4557,"comment_status":"open","ping_status":"open","sticky":false,"template":"","format":"standard","meta":{"footnotes":""},"categories":[7],"tags":[],"class_list":["post-4548","post","type-post","status-publish","format-standard","has-post-thumbnail","hentry","category-spolecnost"],"_links":{"self":[{"href":"https:\/\/www.invarena.cz\/index.php?rest_route=\/wp\/v2\/posts\/4548","targetHints":{"allow":["GET"]}}],"collection":[{"href":"https:\/\/www.invarena.cz\/index.php?rest_route=\/wp\/v2\/posts"}],"about":[{"href":"https:\/\/www.invarena.cz\/index.php?rest_route=\/wp\/v2\/types\/post"}],"author":[{"embeddable":true,"href":"https:\/\/www.invarena.cz\/index.php?rest_route=\/wp\/v2\/users\/1"}],"replies":[{"embeddable":true,"href":"https:\/\/www.invarena.cz\/index.php?rest_route=%2Fwp%2Fv2%2Fcomments&post=4548"}],"version-history":[{"count":0,"href":"https:\/\/www.invarena.cz\/index.php?rest_route=\/wp\/v2\/posts\/4548\/revisions"}],"wp:featuredmedia":[{"embeddable":true,"href":"https:\/\/www.invarena.cz\/index.php?rest_route=\/wp\/v2\/media\/4557"}],"wp:attachment":[{"href":"https:\/\/www.invarena.cz\/index.php?rest_route=%2Fwp%2Fv2%2Fmedia&parent=4548"}],"wp:term":[{"taxonomy":"category","embeddable":true,"href":"https:\/\/www.invarena.cz\/index.php?rest_route=%2Fwp%2Fv2%2Fcategories&post=4548"},{"taxonomy":"post_tag","embeddable":true,"href":"https:\/\/www.invarena.cz\/index.php?rest_route=%2Fwp%2Fv2%2Ftags&post=4548"}],"curies":[{"name":"wp","href":"https:\/\/api.w.org\/{rel}","templated":true}]}}