{"id":45618,"date":"2024-02-02T16:57:55","date_gmt":"2024-02-02T15:57:55","guid":{"rendered":"https:\/\/www.invarena.cz\/?p=45618"},"modified":"2024-02-02T16:57:56","modified_gmt":"2024-02-02T15:57:56","slug":"v-krnove-otevreli-azylovy-dum","status":"publish","type":"post","link":"https:\/\/www.invarena.cz\/?p=45618","title":{"rendered":"V Krnov\u011b otev\u0159eli azylov\u00fd d\u016fm"},"content":{"rendered":"\n<p>Kdyby v Krnov\u011b nebyli, nev\u00edm, jak bych s d\u011btmi dopadla. To jsou slova Jany, kterou Arm\u00e1da sp\u00e1sy p\u0159ijala do svinovsk\u00e9ho azylov\u00e9ho domu pro matky s d\u011btmi. Arm\u00e1da sp\u00e1sy ho te\u010f znovu otev\u00edr\u00e1 po dvoulet\u00e9 rekonstrukci za v\u00edce ne\u017e 17 000 000 K\u010d. V 10 samostatn\u00fdch bytov\u00fdch jednotk\u00e1ch budou rodiny v nouzi hledat cestu zp\u00e1tky do b\u011b\u017en\u00e9ho \u017eivota.<br \/><br \/>Jana,<br \/>&#8212;&#8212;&#8212;&#8212;&#8212;&#8212;&#8211;<br \/>Ur\u010dit\u011b to nen\u00ed ostuda tam bydlet a m\u016f\u017ee tak skon\u010dit kdokoliv ze dne na den. Prost\u011b m\u016f\u017ee \u010dlov\u011bk p\u0159ij\u00edt o pr\u00e1ci, o bydlen\u00ed prost\u011b a jin\u00e1 mo\u017enost neexistuje. \u017de to je Zvl\u00e1\u0161tn\u00ed zku\u0161enost v\u00edm.<br \/><br \/>mluv\u010d\u00ed 9,<br \/>&#8212;&#8212;&#8212;&#8212;&#8212;&#8212;&#8211;<br \/>Jana Goreov\u00e1 u\u017e se za to nestyd\u00ed, ale na za\u010d\u00e1tku j\u00ed pobyt v azylov\u00e9m dom\u011b p\u0159ipadal jako prohra.<br \/><br \/>Jana <br \/>&#8212;&#8212;&#8212;&#8212;&#8212;&#8212;&#8211;<br \/>Dovedla mi tam situace prost\u011b, kdy\u017e jsem p\u0159i\u0161la ne vlastn\u00ed vinou o bydlen\u00ed. To, jak to b\u00fdv\u00e1, jdete na soci\u00e1lku \u017e\u00e1dat o p\u0159\u00edsp\u011bvek na bydlen\u00ed, no, a tam mi prost\u011b bylo sd\u011bleno, \u017ee mi nem\u016f\u017eou nic p\u0159isp\u011bt, proto\u017ee na tom byt\u011b je p\u0159ihl\u00e1\u0161enej je\u0161t\u011b n\u011bkdo jinej.<br \/><br \/>mluv\u010d\u00ed 9,<br \/>&#8212;&#8212;&#8212;&#8212;&#8212;&#8212;&#8211;<br \/>To bylo p\u0159ed p\u011bti lety. Mezit\u00edm s pomoc\u00ed soci\u00e1ln\u00edch pracovnic vy\u0159e\u0161ila sv\u00e9 dluhy a z\u00edskala bydlen\u00ed v krizov\u00e9m m\u011bstsk\u00e9m byt\u011b, taky za\u010dala pracovat.<br \/><br \/>Jana <br \/>&#8212;&#8212;&#8212;&#8212;&#8212;&#8212;&#8211;<br \/>Te\u010fko bydl\u00edm v m\u011bstsk\u00e9m byt\u011b, pokud plat\u00edm n\u00e1jem, tak prost\u011b m\u016f\u017eu bydlet do konce \u017eivota.<br \/><br \/>mluv\u010d\u00ed 9,<br \/>&#8212;&#8212;&#8212;&#8212;&#8212;&#8212;&#8211;<br \/>V\u0161echny p\u0159\u00edb\u011bhy nemaj\u00ed happyend, ale je jich dost. Soci\u00e1ln\u00ed pracovnice Marie l\u0161tv\u00e1nov\u00e1 p\u0159ipom\u00edn\u00e1 t\u0159eba klientku Dagmar.<br \/><br \/>mluv\u010d\u00ed 10,<br \/>&#8212;&#8212;&#8212;&#8212;&#8212;&#8212;&#8211;<br \/>M\u011bla dv\u011b d\u011bti v d\u011btsk\u00fdm domov\u011b, kter\u00e9 vlastn\u011b o v\u00edkendech ji tady nav\u0161t\u011bvovaly a v r\u00e1mci t\u00e9 spolupr\u00e1ce tady se soci\u00e1ln\u00ed pracovnici se poda\u0159ilo, \u017ee pan\u00ed Dagmar za\u010dala pracovat, no a poda\u0159ilo se j\u00ed pot\u00e9 z\u00edskat byt a i ty vztahy v rodin\u011b se zlep\u0161ily.<br \/><br \/>mluv\u010d\u00ed 9,<br \/>&#8212;&#8212;&#8212;&#8212;&#8212;&#8212;&#8211;<br \/>Opraven\u00fd azylov\u00fd d\u016fm je zat\u00edm pr\u00e1zdn\u00fd. Klientky s d\u011btmi se sem z provizoria, kde jsou te\u010f, nast\u011bhuj\u00ed v pond\u011bl\u00ed. Soci\u00e1ln\u00ed pracovnice si u\u017e ale zabydluj\u00ed sv\u00e9 nov\u00e9 kancel\u00e1\u0159e.<br \/><br \/>mluv\u010d\u00ed 9,<br \/>&#8212;&#8212;&#8212;&#8212;&#8212;&#8212;&#8211;<br \/>V bytov\u00fdch jednotk\u00e1ch u\u017e jsou nachystan\u00e9 postele, ale taky psac\u00ed stoly, aby se d\u011bti mohly p\u0159ipravovat do \u0161koly. V nov\u00e9 budov\u011b jsou nav\u00edc podle \u0159editele krnovsk\u00e9 Arm\u00e1dy sp\u00e1sy Ji\u0159\u00edho Ivanova p\u0159ipraveni nejen na m\u00e1my a jejich d\u011bti.<br \/>M\u00e1me zku\u0161enost s t\u00edm, \u017ee se na n\u00e1s obracej\u00ed tak\u00e9 jako rodiny s d\u011btmi, p\u0159\u00edpadn\u011b tat\u00ednci s d\u011btmi, tak jsme p\u0159istoupili k tomuto kroku, \u017ee tu slu\u017ebu roz\u0161\u00ed\u0159\u00edme vlastn\u011b o tuhle c\u00edlovou skupinu, d\u00edky rekonstrukci je vlastn\u011b i toto roz\u0161\u00ed\u0159en\u00ed, toto p\u0159izp\u016fsoben\u00ed c\u00edlov\u00e9 skupiny vlastn\u011b mo\u017en\u00e9.<br \/><br \/>mluv\u010d\u00ed 9,<br \/>&#8212;&#8212;&#8212;&#8212;&#8212;&#8212;&#8211;<br \/>Azylov\u00fd d\u016fm stoj\u00ed u kolej\u00ed na pr\u016fmyslov\u00e9m okraji m\u011bsta a jde pr\u00e1v\u011b o to, aby se d\u011bti a jejich bl\u00edzc\u00ed dostali z okraje zp\u00e1tky mezi ostatn\u00ed lidi. <\/p>\n\n\n\n<p>\u010cesk\u00fd rozhlas.<br \/>\u00a9&nbsp;<\/p>\n","protected":false},"excerpt":{"rendered":"<div class=\"mh-excerpt\"><p>Kdyby v Krnov\u011b nebyli, nev\u00edm, jak bych s d\u011btmi dopadla. To jsou slova Jany, kterou Arm\u00e1da sp\u00e1sy p\u0159ijala do svinovsk\u00e9ho azylov\u00e9ho domu pro matky s <a class=\"mh-excerpt-more\" href=\"https:\/\/www.invarena.cz\/?p=45618\" title=\"V Krnov\u011b otev\u0159eli azylov\u00fd d\u016fm\">[&#8230;]<\/a><\/p>\n<\/div>","protected":false},"author":1,"featured_media":14678,"comment_status":"open","ping_status":"closed","sticky":false,"template":"","format":"standard","meta":{"footnotes":""},"categories":[7],"tags":[],"class_list":["post-45618","post","type-post","status-publish","format-standard","has-post-thumbnail","hentry","category-spolecnost"],"_links":{"self":[{"href":"https:\/\/www.invarena.cz\/index.php?rest_route=\/wp\/v2\/posts\/45618","targetHints":{"allow":["GET"]}}],"collection":[{"href":"https:\/\/www.invarena.cz\/index.php?rest_route=\/wp\/v2\/posts"}],"about":[{"href":"https:\/\/www.invarena.cz\/index.php?rest_route=\/wp\/v2\/types\/post"}],"author":[{"embeddable":true,"href":"https:\/\/www.invarena.cz\/index.php?rest_route=\/wp\/v2\/users\/1"}],"replies":[{"embeddable":true,"href":"https:\/\/www.invarena.cz\/index.php?rest_route=%2Fwp%2Fv2%2Fcomments&post=45618"}],"version-history":[{"count":0,"href":"https:\/\/www.invarena.cz\/index.php?rest_route=\/wp\/v2\/posts\/45618\/revisions"}],"wp:featuredmedia":[{"embeddable":true,"href":"https:\/\/www.invarena.cz\/index.php?rest_route=\/wp\/v2\/media\/14678"}],"wp:attachment":[{"href":"https:\/\/www.invarena.cz\/index.php?rest_route=%2Fwp%2Fv2%2Fmedia&parent=45618"}],"wp:term":[{"taxonomy":"category","embeddable":true,"href":"https:\/\/www.invarena.cz\/index.php?rest_route=%2Fwp%2Fv2%2Fcategories&post=45618"},{"taxonomy":"post_tag","embeddable":true,"href":"https:\/\/www.invarena.cz\/index.php?rest_route=%2Fwp%2Fv2%2Ftags&post=45618"}],"curies":[{"name":"wp","href":"https:\/\/api.w.org\/{rel}","templated":true}]}}