{"id":4562,"date":"2013-05-06T11:25:03","date_gmt":"2013-05-06T09:25:03","guid":{"rendered":"http:\/\/www.invarena.cz\/?p=4562"},"modified":"2014-10-20T20:13:49","modified_gmt":"2014-10-20T18:13:49","slug":"schozofrenici-a-zadluzeni","status":"publish","type":"post","link":"https:\/\/www.invarena.cz\/?p=4562","title":{"rendered":"Schizofrenici ob\u011bt\u00ed bank a podvodn\u00edk\u016f. Pro\u010d je neum\u00edme ochr\u00e1nit?"},"content":{"rendered":"<p><strong>Schizofrenici Stanislav a Pavel jsou beznad\u011bjn\u011b zadlu\u017een\u00ed. P\u0159esto\u017ee si st\u011b\u017e\u00ed vzpomenou, kolik je jim let, finan\u010dn\u00ed \u00fastavy jim nap\u016fj\u010dovaly statis\u00edce korun, kter\u00e9 nemohou <\/strong><strong>splatit. Du\u0161evn\u011b nemocn\u00ed se st\u00e1vaj\u00ed i snadnou ko\u0159ist\u00ed podvodn\u00edk\u016f. Pro\u010d je neum\u00edme ochr\u00e1nit? <\/strong><br \/>\n<!--more--><\/p>\n<p>\u010cty\u0159ia\u0161edes\u00e1tilet\u00fd Stanislav se u\u017e skoro \u010dty\u0159icet let l\u00e9\u010d\u00ed se schizofreni\u00ed. M\u00e1 za sebou 29 hospitalizac\u00ed a ka\u017ed\u00fd nov\u00fd n\u00e1por nemoci mu ukroj\u00ed n\u011bco z rozumu. Zn\u00e1m jeho jm\u00e9no i nacion\u00e1le a on mi je dovoluje pou\u017e\u00edt. Po dohod\u011b s jeho o\u0161et\u0159uj\u00edc\u00edm l\u00e9ka\u0159em v\u0161ak prav\u00e9 jm\u00e9no nahrad\u00edm jin\u00fdm. Stanislav toti\u017e povol\u00ed cokoli a ka\u017ed\u00e9mu \u2013 kv\u016fli sv\u00e9 chorob\u011b. A pr\u00e1v\u011b v tom tkv\u00ed pot\u00ed\u017e. Pacient je tak snadnou ko\u0159ist\u00ed pro r\u016fzn\u00e9 p\u0159\u00ed\u017eivn\u00edky, podvodn\u00edky a tak\u00e9 banky.<\/p>\n<p>Stanislav u\u017e nem\u00e1 \u0161anci splatit z invalidn\u00edho d\u016fchodu sv\u00e9 dluhy. Je z toho vystresovan\u00fd a nev\u00ed, co si po\u010d\u00edt. Kdysi to b\u00fdval chytr\u00fd kluk. Vyu\u010dil se fotografem, vid\u011bl sv\u011bt origin\u00e1ln\u00edma o\u010dima. Jen\u017ee ve dvaadvaceti se u n\u011bj projevila schizofrenie, jedna z nejv\u00e1\u017en\u011bj\u0161\u00edch du\u0161evn\u00edch nemoc\u00ed.<\/p>\n<p>Postupn\u011b se p\u0159id\u00e1valy dal\u0161\u00ed zdravotn\u00ed probl\u00e9my \u2013 dnes u\u017e je nav\u00edc i slabozrak\u00fd. Podepisuje se, kam mu kdo uk\u00e1\u017ee. I na smlouvy. A nen\u00ed schopen se z neblah\u00fdch zku\u0161enost\u00ed pou\u010dit. Domov u\u017e nem\u00e1 \u017e\u00e1dn\u00fd.<\/p>\n<p>Jeho p\u0159\u00edb\u011bh jsem vyslechla na lavi\u010dce z\u00e1meck\u00e9ho parku ve Slavkov\u011b u Brna za p\u0159\u00edtomnosti o\u0161et\u0159uj\u00edc\u00edho l\u00e9ka\u0159e Martina Tu\u010dka. Stanislav je pacientem tamn\u00edho psychiatrick\u00e9ho odd\u011blen\u00ed.<\/p>\n<p>B\u011bhem \u0159e\u010di m\u00e1 n\u011bkolikr\u00e1t na kraj\u00ed\u010dku \u2013 hlavn\u011b kdy\u017e vzpomene na svoji maminku. N\u011bkdy mluv\u00ed zmaten\u011b, jindy zab\u00edh\u00e1 do nepodstatn\u00fdch detail\u016f nebo se zacykl\u00ed \u2013 t\u0159eba kdy\u017e se sna\u017e\u00ed vzpomenout si, kolik je mu vlastn\u011b let. P\u0159esto mu banky nap\u016fj\u010dovaly statis\u00edce korun.<\/p>\n<p>B\u00edl\u00e1 m\u00edsta v pacientov\u011b pam\u011bti mi tu a tam pom\u00e1h\u00e1 vyplnit l\u00e9ka\u0159 a p\u0159ede mnou postupn\u011b vyvstane skli\u010duj\u00edc\u00ed p\u0159\u00edb\u011bh. Tak si ho poslechn\u011bme:<\/p>\n<p><strong>P\u0159\u00edb\u011bh prvn\u00ed \u2013 Stanislava nap\u00e1lila s\u0148atkov\u00e1 podvodnice<\/strong><\/p>\n<p>&#8222;Kdy\u017e jsem m\u011bl je\u0161t\u011b maminku, starala se o m\u011b. Byla moc hodn\u00e1. Ut\u00edkal jsem za n\u00ed i z l\u00e9\u010debny. (Zlom\u00ed se mu hlas.) Sourozenc\u016fm jsem pom\u00e1hal stav\u011bt d\u016fm, pro ka\u017ed\u00e9ho jeden. Po restituci n\u00e1m vr\u00e1tili pole, pracovali jsme na n\u011bm s maminkou. Jen\u017ee u\u017e p\u0159ed lety zem\u0159ela. V Brn\u011b jsem se sezn\u00e1mil se spr\u00e1vcem penzionu Viktoria v Hlubok\u00e9 ulici. Ubytoval m\u011b tam a j\u00e1 pro n\u011bj zadarmo pracoval. Platil jsem za ubytov\u00e1n\u00ed skoro cel\u00fd invalidn\u00ed d\u016fchod.<\/p>\n<p>Sliboval mi, \u017ee m\u011b vezme na dovolenou, kdy\u017e si pro n\u011bho p\u016fj\u010d\u00edm pen\u00edze. Zavedl m\u011b do banky, tam mi \u0159ekli, a\u0165 podep\u00ed\u0161u n\u011bjak\u00fd pap\u00edr. Tak jsem to ud\u011blal. Domluvil za m\u011b i p\u016fj\u010dku u Providentu. Pak mi ale \u0159ekl, \u017ee to na cestu pro m\u011b nesta\u010d\u00ed. Na dovolenou odjeli sami s dru\u017ekou, ani nev\u00edm kam. Je n\u00e1s p\u011bt sourozenc\u016f a j\u00e1 jsem m\u011bl p\u011btinov\u00fd pod\u00edl z domku po mamince. D\u011blalo to necel\u00fdch dv\u011b st\u011b tis\u00edc.<\/p>\n<p>Tehdy jsem poznal jednu \u017eenu, bydlela v Brn\u011b na Francouzsk\u00e9 ulici. M\u011bla t\u0159iat\u0159icet let. Za p\u00e1r dn\u00ed \u0159ekla, \u017ee bychom se m\u011bli co nejrychleji vz\u00edt. Mn\u011b se to moc nezd\u00e1lo, ale p\u0159esv\u011bd\u010dila m\u011b, \u017ee se s n\u00ed budu m\u00edt dob\u0159e. Tak jsme se v kv\u011btnu 2010 vzali.<\/p>\n<p>S man\u017eelkou jsem nikdy nic nem\u011bl a po svatb\u011b necht\u011bla, abych s n\u00ed bydlel. Pot\u0159ebovala ty moje pen\u00edze za p\u011btinu domu, tak jsem j\u00ed je dal. Z bytu m\u011b pak odhl\u00e1sila. Za m\u011bs\u00edc jsem po\u017e\u00e1dal o rozvod, po\u0159\u00e1d to ale u soudu stoj\u00ed. Nech\u00e1pu, pro\u010d to trv\u00e1 tak dlouho.<\/p>\n<p>Ani nev\u00edm, kolika bank\u00e1m vlastn\u011b dlu\u017e\u00edm. Po\u0159\u00e1d mi od nich n\u011bkdo telefonoval. Taky ve\u010der nebo v ned\u011bli. Hrozn\u011b m\u011b to rozru\u0161ovalo, a tak si pan doktor vzal m\u016fj mobil k sob\u011b. Dlu\u017e\u00edm patn\u00e1ct tis\u00edc i nemocnici. T\u00e9 chci p\u0159i spl\u00e1cen\u00ed d\u00e1t p\u0159ednost, proto\u017ee mi tady uleh\u010duj\u00ed \u017eivot.<\/p>\n<p>Z d\u016fchodu mi podle z\u00e1kona mus\u00ed ur\u010dit\u00e1 \u010d\u00e1st z\u016fstat. Jak se ale splat\u00ed jedno, za\u010dne spl\u00e1cen\u00ed druh\u00e9ho: V\u00edm, \u017ee dluhy nesplat\u00edm do konce \u017eivota.<\/p>\n<p>Nechci b\u00fdt nikomu na obt\u00ed\u017e. U\u017e d\u0159\u00edv jsem se cht\u011bl zab\u00edt. Po\u010dkal jsem si, a\u017e budu s\u00e1m doma, a spolykal 80 pr\u00e1\u0161k\u016f. To je\u0161t\u011b \u017eila maminka. P\u0159i\u0161la ale dom\u016f d\u0159\u00edv a zachr\u00e1nila m\u011b. Ona jedin\u00e1 na m\u011b byla hodn\u00e1, taky pan doktor. Ale tohle nem\u011bla ud\u011blat.&#8220;<\/p>\n<p><strong>O\u0161et\u0159uj\u00edc\u00ed l\u00e9ka\u0159 se c\u00edt\u00ed bezmocn\u00fd <\/strong><\/p>\n<p>Bezv\u00fdchodn\u011b zadlu\u017een\u00fdch pacient\u016f m\u00e1 psychiatr Martin Tu\u010dek na starosti v\u00edce. Dept\u00e1 ho, \u017ee jim nem\u016f\u017ee pomoci.<\/p>\n<p>&#8222;Schizofrenie je t\u011b\u017ek\u00e1 nemoc, kter\u00e1 celo\u017eivotn\u011b poznamen\u00e1 celou osobnost. V pr\u016fb\u011bhu let i vzdor l\u00e9k\u016fm naru\u0161\u00ed nemoc rozumov\u00e9 schopnosti pacient\u016f, tak\u017ee p\u0159est\u00e1vaj\u00ed b\u00fdt schopni \u0159e\u0161it i jednoduch\u00e9 \u00fakoly. St\u00e1vaj\u00ed se extr\u00e9mn\u011b d\u016fv\u011b\u0159iv\u00fdmi. Pokud jim finan\u010dn\u00ed \u00fastavy navle\u010dou na invalidn\u00ed d\u016fchody b\u0159emeno statis\u00edcov\u00fdch dluh\u016f, nikdo je nep\u0159ijme \u2013 ani \u017e\u00e1dn\u00fd domov nebo \u00fastav,&#8220; \u0159\u00edk\u00e1 Stanislav\u016fv o\u0161et\u0159uj\u00edc\u00ed l\u00e9ka\u0159 Martin Tu\u010dek.<\/p>\n<p>Zranitelnost pacient\u016f ho tr\u00e1p\u00ed. To, jak se na n\u011b nabaluj\u00ed r\u016fzn\u00ed paraziti. Stanislav nevolni\u010dil u majitele penzionu, okradla ho s\u0148atkov\u00e1 podvodnice. Nem\u00e1 ani st\u0159echu nad hlavou. M\u011bl sm\u016flu v tom, \u017ee se o omezen\u00ed jeho sv\u00e9pr\u00e1vnosti neza\u017e\u00e1dalo ji\u017e p\u0159ed lety: odpov\u011bdn\u00fd opatrovn\u00edk jej mohl ochr\u00e1nit. Teprve te\u010f je takov\u00e1 \u017e\u00e1dost v b\u011bhu.<\/p>\n<p>Sv\u00fdm pacient\u016fm se Martin Tu\u010dek sna\u017e\u00ed pomoci, jak to jen jde. Dal trestn\u00ed ozn\u00e1men\u00ed na spr\u00e1vce penzionu a psal i bank\u00e1m, odvol\u00e1vaje se na k\u0159es\u0165ansk\u00e9 c\u00edt\u011bn\u00ed. Jen\u017ee finan\u010dn\u00ed \u00fastavy na charitu nesly\u0161\u00ed a nelze jim zazl\u00edvat, \u017ee cht\u011bj\u00ed sv\u00e9 pen\u00edze zp\u00e1tky.<\/p>\n<p>&#8222;Pacienti jsou zcela bezbrann\u00ed. T\u011b\u017e\u0161\u00ed p\u0159\u00edpady uv\u00e1znou na l\u016f\u017ek\u00e1ch l\u00e9\u010deben, jin\u00ed najdou azyl t\u0159eba u Arm\u00e1dy sp\u00e1sy nebo se ocitnou rovnou na ulici,&#8220; dod\u00e1v\u00e1 l\u00e9ka\u0159.<\/p>\n<p>Z\u00e1stupci neziskov\u00fdch organizac\u00ed a l\u00e9ka\u0159i doufaj\u00ed, \u017ee se poda\u0159\u00ed zlep\u0161it situaci psychiatrick\u00fdch pacient\u016f po vytvo\u0159en\u00ed N\u00e1rodn\u00edho pl\u00e1nu p\u00e9\u010de o du\u0161evn\u00ed zdrav\u00ed, kter\u00fd m\u00e1 b\u00fdt do \u010dervna hotov\u00fd.<\/p>\n<p>&#8222;Jsme jednou z m\u00e1la zem\u00ed EU, kter\u00e1 ho je\u0161t\u011b nem\u00e1. Pl\u00e1n by m\u011bl mimo jin\u00e9 \u0159e\u0161it ochranu pacient\u016f po opu\u0161t\u011bn\u00ed l\u00e9\u010debny. N\u00e1vaznou p\u00e9\u010di,&#8220; \u0159\u00edk\u00e1 Jan Jaro\u0161 z ob\u010dansk\u00e9ho sdru\u017een\u00ed Kolumbus.<\/p>\n<p><strong>P\u0159\u00edb\u011bh druh\u00fd \u2013 Pavla pron\u00e1sleduj\u00ed hlasy i v\u011b\u0159itel\u00e9 <\/strong><\/p>\n<p>Jako bezdomovec skon\u010dil i dal\u0161\u00ed pacient l\u00e9ka\u0159e Tu\u010dka \u2013 \u010dty\u0159icetilet\u00fd Pavel.<\/p>\n<p>&#8222;V psychiatrick\u00e9 l\u00e9\u010debn\u011b v Brn\u011b-\u010cernovic\u00edch jsem se p\u0159ed lety sezn\u00e1mil s jednou \u017eenou. Taky pacientkou. Zpo\u010d\u00e1tku to bylo fajn. Cht\u011bli jsme si za\u0159\u00eddit vlastn\u00ed bydlen\u00ed, a tak nezbylo ne\u017e si p\u016fj\u010dit.<\/p>\n<p>Do GE Money Bank jsem si \u0161el pro pades\u00e1t tis\u00edc, ale oni mi nab\u00eddli rovnou sto pades\u00e1t. V t\u00e9 dob\u011b jsem m\u011bl sedm a p\u016fl tis\u00edce invalidn\u00edho d\u016fchodu. Nesta\u010dil jsem spl\u00e1cet, a tak jsem si na spl\u00e1tky p\u016fj\u010doval u jin\u00fdch \u00fastav\u016f. Dohromady to d\u011bl\u00e1 kolem p\u016fl milionu, do smrti to nem\u00e1m \u0161anci splatit.<\/p>\n<p>N\u011bkdy m\u00e1m pocit, \u017ee se mi rozsko\u010d\u00ed hlava. Na klap\u00e1n\u00ed v u\u0161\u00edch u\u017e jsem si zvykl, ale zd\u00e1 se mi, \u017ee je m\u016fj mozek ovliv\u0148ov\u00e1n n\u011bjak\u00fdmi sign\u00e1ly. Lustr vyd\u00e1v\u00e1 divn\u00e9 zvuky. V hlav\u011b se mi hon\u00ed spousta my\u0161lenek, ani je nesta\u010d\u00edm sledovat.<\/p>\n<p>Ochromuje m\u011b strach ze v\u0161eho&#8230; Vyd\u011bs\u00ed m\u011b i cvaknut\u00ed propisovac\u00ed tu\u017eky. V noci n\u011bkdy nedok\u00e1\u017eu dr\u017eet o\u010di zav\u0159en\u00e9, jako by samovoln\u011b mrkaly, a jazyk se mi n\u011bkdy vyplazuje proti m\u00e9 v\u016fli. Jako by m\u011b n\u011bkdo ovl\u00e1dal, mo\u017en\u00e1 stroje nebo satelity. C\u00edt\u00edm tik\u00e1n\u00ed ve svalech.<\/p>\n<p>V hlav\u011b m\u00edv\u00e1m hlasy, kter\u00e9 v\u0161echno komentuj\u00ed a na\u0159izuj\u00ed, abych si ubl\u00ed\u017eil. T\u0159eba \u017ee m\u00e1m sko\u010dit pod autobus. Jednou jsem si u\u017e p\u0159ilo\u017eil k z\u00e1p\u011bst\u00ed n\u016f\u017e. N\u011bkdy rad\u011bji nesp\u00edm, m\u00e1m strach usnout, je to k nevydr\u017een\u00ed.<br \/>\nJeden m\u016fj zadlu\u017een\u00fd kamar\u00e1d z l\u00e9\u010debny ned\u00e1vno sko\u010dil kv\u016fli p\u016fj\u010dk\u00e1m pod vlak. U\u017e nev\u011bd\u011bl, kudy kam. \u017divo\u0159il na ulici, nem\u011bl ani na j\u00eddlo, strh\u00e1vali mu pen\u00edze z d\u016fchodu.<\/p>\n<p>Ani m\u011b \u017eivot u\u017e d\u00e1vno net\u011b\u0161\u00ed. M\u00e1m sice dva syny a exman\u017eelku, ale nem\u00e1m se kam vr\u00e1tit. Moj\u00ed jedinou sp\u00e1sou je l\u00e9\u010debna.&#8220;<\/p>\n<p>&#8212;<\/p>\n<p>O autorovi: Ivana Kar\u00e1skov\u00e1, report\u00e9rka MF DNES Autorka se zab\u00fdv\u00e1 soci\u00e1ln\u011b patologick\u00fdmi jevy ve spole\u010dnosti a popisuje p\u0159\u00edb\u011bhy lid\u00ed, kte\u0159\u00ed se ocitli v mezn\u00edch situac\u00edch. Tentokr\u00e1t se vypravila za pacienty psychiatrick\u00fdch klinik, kte\u0159\u00ed v d\u016fsledku sv\u00e9 nemoci spadli do dluh\u016f.<\/p>\n<p>Mlad\u00e1 fronta Dnes<\/p>\n<p><em>redak\u010dn\u011b kr\u00e1ceno, cel\u00fd text je v dne\u0161n\u00edm vyd\u00e1n\u00ed MfD<\/em><\/p>\n","protected":false},"excerpt":{"rendered":"<div class=\"mh-excerpt\"><p>Schizofrenici Stanislav a Pavel jsou beznad\u011bjn\u011b zadlu\u017een\u00ed. P\u0159esto\u017ee si st\u011b\u017e\u00ed vzpomenou, kolik je jim let, finan\u010dn\u00ed \u00fastavy jim nap\u016fj\u010dovaly statis\u00edce korun, kter\u00e9 nemohou splatit. Du\u0161evn\u011b <a class=\"mh-excerpt-more\" href=\"https:\/\/www.invarena.cz\/?p=4562\" title=\"Schizofrenici ob\u011bt\u00ed bank a podvodn\u00edk\u016f. Pro\u010d je neum\u00edme ochr\u00e1nit?\">[&#8230;]<\/a><\/p>\n<\/div>","protected":false},"author":1,"featured_media":0,"comment_status":"open","ping_status":"open","sticky":false,"template":"","format":"standard","meta":{"footnotes":""},"categories":[1],"tags":[],"class_list":["post-4562","post","type-post","status-publish","format-standard","hentry","category-nezarazene"],"_links":{"self":[{"href":"https:\/\/www.invarena.cz\/index.php?rest_route=\/wp\/v2\/posts\/4562","targetHints":{"allow":["GET"]}}],"collection":[{"href":"https:\/\/www.invarena.cz\/index.php?rest_route=\/wp\/v2\/posts"}],"about":[{"href":"https:\/\/www.invarena.cz\/index.php?rest_route=\/wp\/v2\/types\/post"}],"author":[{"embeddable":true,"href":"https:\/\/www.invarena.cz\/index.php?rest_route=\/wp\/v2\/users\/1"}],"replies":[{"embeddable":true,"href":"https:\/\/www.invarena.cz\/index.php?rest_route=%2Fwp%2Fv2%2Fcomments&post=4562"}],"version-history":[{"count":0,"href":"https:\/\/www.invarena.cz\/index.php?rest_route=\/wp\/v2\/posts\/4562\/revisions"}],"wp:attachment":[{"href":"https:\/\/www.invarena.cz\/index.php?rest_route=%2Fwp%2Fv2%2Fmedia&parent=4562"}],"wp:term":[{"taxonomy":"category","embeddable":true,"href":"https:\/\/www.invarena.cz\/index.php?rest_route=%2Fwp%2Fv2%2Fcategories&post=4562"},{"taxonomy":"post_tag","embeddable":true,"href":"https:\/\/www.invarena.cz\/index.php?rest_route=%2Fwp%2Fv2%2Ftags&post=4562"}],"curies":[{"name":"wp","href":"https:\/\/api.w.org\/{rel}","templated":true}]}}