{"id":45632,"date":"2024-02-15T09:53:32","date_gmt":"2024-02-15T08:53:32","guid":{"rendered":"https:\/\/www.invarena.cz\/?p=45632"},"modified":"2024-02-15T09:53:34","modified_gmt":"2024-02-15T08:53:34","slug":"hraba-istanbulskou-umluvou-by-se-cr-zavazala-platit-neziskovkam-za-sireni-genderove-ideologie","status":"publish","type":"post","link":"https:\/\/www.invarena.cz\/?p=45632","title":{"rendered":"Hraba: Istanbulskou \u00famluvou by se \u010cR zav\u00e1zala platit neziskovk\u00e1m za \u0161\u00ed\u0159en\u00ed genderov\u00e9 ideologie\u00a0\u00a0"},"content":{"rendered":"\n<p>CNN Prima News&nbsp;<\/p>\n\n\n\n<p>\u010cesko st\u00e1le neratifikovalo istanbulskou \u00famluvu, odm\u00edtl ji sen\u00e1t. Jej\u00ed zast\u00e1nci mluv\u00ed o st\u0159edov\u011bku, odp\u016frci o nebezpe\u010d\u00edch, kter\u00e1 \u00fadajn\u011b obsahuje. Pr\u00e1v\u011b tohle t\u00e9ma, te\u010f proberu se sen\u00e1torem\u00a0<strong>Zde\u0148kem<\/strong>\u00a0<strong>Hrabou<\/strong>, na\u0161\u00edm hostem by m\u011bla b\u00fdt i sen\u00e1torka Hana Kordov\u00e1 Marvanov\u00e1, pokud j\u00ed to technika dovol\u00ed&#8212;&#8212;-<br \/>Pane sen\u00e1tore, vysv\u011btlete, pros\u00edm, na za\u010d\u00e1tek, proto\u017ee j\u00e1 v\u00edm, \u017ee vy jste hlasoval proti, tak pro\u010d.<br \/><br \/>Zd<strong>en\u011bk<\/strong>\u00a0<strong>Hraba<\/strong>, sen\u00e1tor \/ODS a TOP 09\/<br \/>&#8212;&#8212;&#8212;&#8212;&#8212;&#8212;&#8211;<br \/>istanbulsk\u00e1 smlouva obsahu vedle chv\u00e1lyhodn\u00fdch v\u011bc\u00ed, to znamen\u00e1 boje proti n\u00e1sil, i \u0159adu velmi nebezpe\u010dn\u00fdch ustanoven\u00ed, kter\u00e1 mohou fakticky ohrozit \u010desk\u00fd st\u00e1t. Dominantn\u011b se jedn\u00e1 toti\u017e o \u00fapravu financov\u00e1n\u00ed neziskov\u00fdch organizac\u00ed, \u00fapravu napojen\u00ed na financov\u00e1n\u00ed \u010desk\u00e9ho st\u00e1tu. M\u00e1m na mysli \u010dl\u00e1nek osm, ve kter\u00e9m by se \u010cesk\u00e1 republika zav\u00e1zala platit nevl\u00e1dn\u00edm organizac\u00edm za \u0161\u00ed\u0159en\u00ed a v podstat\u011b genderov\u00e9 ideologie za aplikaci n\u011bkter\u00fdch ustanoven\u00ed istanbulsk\u00e9 \u00famluvy. Ve spojen\u00ed s \u010dl. 60, kter\u00fd prolamuje azylov\u00e9 pr\u00e1vo, proto\u017ee by p\u0159id\u011blil azyl pr\u00e1vo na azyl t\u011bm, kdo jsou tedy genderov\u011b pron\u00e1sledov\u00e1ni genderov\u011b podm\u00edn\u011bn\u00fdm n\u00e1sil\u00edm, tzv. ze t\u0159et\u00edch st\u00e1t\u016f byl by to azylov\u00fd d\u016fvod Kdy\u017e se pod\u00edv\u00e1me ve spojen\u00ed s \u010dl. 30 istanbulsk\u00e9 \u00famluvy, tak pr\u00e1vo na od\u0161kodn\u011bn\u00ed takov\u00fdch ob\u011bt\u00ed by bylo mo\u017en\u00e9 uplatnit v\u016f\u010di \u010desk\u00e9mu st\u00e1tu. A pokud by tedy bychom spojili t\u0159eba tyto dva \u010dl\u00e1nky 30. A 60, tak ze zem\u00ed n\u00e1m kulturn\u011b vzd\u00e1len\u00fdch by se sem mohly leg\u00e1ln\u011b dostat lid\u00e9, kte\u0159\u00ed objektivn\u011b t\u0159eba trp\u00ed a t\u00edm, \u017ee tam \u017eeny maj\u00ed men\u0161\u00ed pr\u00e1va ne\u017e mu\u017ei, dostali by azyl a mohli by \u017e\u00e1dat po \u010desk\u00e9m st\u00e1tu od\u0161kodn\u011bn\u00ed za takov\u00e9to \u00fajmy. Rozum\u00edm.<br \/><br \/>mluv\u010d\u00ed 1,<br \/>&#8212;&#8212;&#8212;&#8212;&#8212;&#8212;&#8211;<br \/>Te\u010f v t\u00e9 na\u0161\u00ed debat\u011b v\u00edt\u00e1m u\u017e i sen\u00e1torku Hanu kordovou Marvanovou, dobr\u00fd den i v\u00e1m. Zept\u00e1m se podobn\u011b jako pana sen\u00e1tora, ale opa\u010dn\u00fdm zp\u016fsobem, tedy, pro\u010d jste pova\u017eovala za d\u016fle\u017eit\u00e9  istanbulskou \u00famluvu? jej\u00ed ratifikaci. Hlasovat, zvednout ruku. Pros\u00edm, vysv\u011btlete to.<br \/><br \/>mluv\u010d\u00ed 5,<br \/>&#8212;&#8212;&#8212;&#8212;&#8212;&#8212;&#8211;<br \/>J\u00e1 pova\u017euju za d\u016fle\u017eit\u00e9, aby \u010cesk\u00e1 republika se pln\u011b hl\u00e1sila k ochran\u011b lidsk\u00fdch pr\u00e1v a istanbulsk\u00e1 \u00famluva, teda \u00famluva o prevenci a boj proti n\u00e1sil\u00ed na \u017een\u00e1ch a proti dom\u00e1c\u00edmu n\u00e1sil\u00ed. Tak vlastn\u011b navazuje na ve\u0161ker\u00e9 dal\u0161\u00ed \u00famluvy o lidsk\u00fdch pr\u00e1vech, je postaven\u00e1 na principu rovnopr\u00e1vnosti mu\u017e\u016f a \u017een, vlastn\u011b rovnopr\u00e1vnost \u010di lid\u00ed bez ohledu na pohlav\u00ed, a je zam\u011b\u0159ena p\u0159edev\u0161\u00edm na pomoc ob\u011btem dom\u00e1c\u00edho n\u00e1sil\u00ed a ob\u011btem n\u00e1sil\u00ed, jeho\u017e ter\u010dem zejm\u00e9na v r\u00e1mci rodiny b\u00fdvaj\u00ed \u017eeny. J\u00e1 se zab\u00fdv\u00e1m jako advok\u00e1tka p\u0159es 20 let ob\u011btem trestn\u00e9 \u010dinnosti, ob\u011btem dom\u00e1c\u00edho n\u00e1sil\u00ed. Tak\u017ee j\u00e1 to pova\u017euju za nedostate\u010dn\u011b vy\u0159e\u0161en\u00fd probl\u00e9m. U n\u00e1s samoz\u0159ejm\u011b nejen u n\u00e1s jsou zem\u011b, kde to je je\u0161t\u011b hor\u0161\u00ed, ale u n\u00e1s m\u00e1me rezervy, a kdy\u017e bychom schv\u00e1lili tu \u00famluvu, tak je to mezin\u00e1rodn\u00ed z\u00e1vazek, \u017ee jsme povinni d\u011blat v\u00edc pro ob\u011bti n\u00e1sil\u00ed a dom\u00e1c\u00edho n\u00e1sil\u00ed.<br \/><br \/>mluv\u010d\u00ed 1,<br \/>&#8212;&#8212;&#8212;&#8212;&#8212;&#8212;&#8211;<br \/>A je\u0161t\u011b jenom pro na\u0161e div\u00e1ky, dopln\u00edm, \u017ee cel\u00fd text istanbulsk\u00e9 \u00famluvy a taky koment\u00e1\u0159e politik\u016f i expert\u016f najdete jednak na na\u0161em webu, ale m\u00e1te i dal\u0161\u00ed mo\u017enost. Sta\u010d\u00ed nam\u00ed\u0159it mobiln\u00ed telefon na QR k\u00f3d v doln\u00edm rohu obrazovky. Te\u010f ho pr\u00e1v\u011b vid\u00edte a tam se dozv\u00edte v\u00edc.<br \/><br \/>mluv\u010d\u00ed 1,<br \/>&#8212;&#8212;&#8212;&#8212;&#8212;&#8212;&#8211;<br \/>Pokra\u010dujeme v debat\u011b. Nab\u00edzej\u00ed se vlastn\u011b dv\u011b ot\u00e1zky, kter\u00e9 stoj\u00ed proti sob\u011b, prvn\u00ed zn\u00ed m\u00e1me n\u011bco proti pot\u00edr\u00e1n\u00ed n\u00e1sil\u00ed na \u017een\u00e1ch a proti tomu m\u016f\u017eeme zase postavit. Na druhou stranu tvrzen\u00ed jsou u n\u00e1s \u017eeny nedostate\u010dn\u011b chr\u00e1n\u011bny. A pot\u0159ebujeme tedy n\u011bjakou zvl\u00e1\u0161tn\u00ed normu, kter\u00e1 by to napravila tou druhou ot\u00e1zkou? M\u00ed\u0159\u00edm na pan\u00ed sen\u00e1torku.<br \/><br \/>Hana Kordov\u00e1 Marvanov\u00e1, sen\u00e1torka, z\u00e1stupkyn\u011b po\u0161kozen\u00fdch \/nestr.\/<br \/>&#8212;&#8212;&#8212;&#8212;&#8212;&#8212;&#8211;<br \/>Opravdu tady m\u00e1me velk\u00e9 rezervy. Pod\u00edvejme si jenom na p\u0159\u00edklady z posledn\u00ed doby, jak\u00fdm zp\u016fsobem jsou chr\u00e1n\u011bny ob\u011bti zn\u00e1siln\u011bn\u00ed, v\u011bt\u0161ina ob\u011bt\u00ed zn\u00e1siln\u011bn\u00ed v r\u00e1mci soudu, \u017ee soud odsuzuje pachatele jenom k podm\u00edn\u011bn\u00e9mu trestu a dokonce, i kdy\u017e se to d\u011bje v\u016f\u010di nezletil\u00e9 osob\u011b, toto zn\u00e1siln\u011bn\u00ed. J\u00e1 se domn\u00edv\u00e1m, \u017ee tady by m\u011blo doj\u00edt t\u0159eba ke zp\u0159\u00edsn\u011bn\u00ed i tr. z\u00e1kon\u00edku, ale zejm\u00e9na taky ke zp\u0159\u00edsn\u011bn\u00ed pohledu soudu, jako kdyby jin\u00e9 trestn\u00e9 \u010diny byly z\u00e1va\u017en\u011bj\u0161\u00ed ne\u017e \u00fatoky na \u017eivot, zdrav\u00ed a d\u016fstojnost \u017een. Mysl\u00edm si, \u017ee ty alarmuj\u00edc\u00ed p\u0159\u00edpady i p\u0159\u00edklady te\u010f z posledn\u00ed doby, ale to je jaksi, jsme praxe. J\u00e1 to za\u017e\u00edv\u00e1m zoufalou situaci ob\u011bt\u00ed p\u0159es 20 let a pom\u00e1h\u00e1m jim, tak si mysl\u00edm, \u017ee uspokojovat se takov\u00fdmi obecn\u00fdmi fr\u00e1zemi, \u017ee u n\u00e1s je v\u0161echno v po\u0159\u00e1dku, tak to mohou \u0159\u00edkat jenom lid\u00e9, kte\u0159\u00ed pr\u00e1v\u011b p\u0159\u00edpady n\u00e1sil\u00ed na \u017een\u00e1ch nebo dom\u00e1c\u00edho n\u00e1sil\u00ed ne\u0159e\u0161\u00ed.<br \/><br \/>mluv\u010d\u00ed 2,<br \/>&#8212;&#8212;&#8212;&#8212;&#8212;&#8212;&#8211;<br \/>Ot\u00e1zka na pana sen\u00e1tora Hrabu, co sen\u00e1t s t\u00edm, \u017ee neschv\u00e1lil istanbulskou \u00famluvu? J\u00e1 tedy, s dovolen\u00edm znovu opakuji, \u017ee vy jste hlasoval proti. <br \/>Co t\u00edm vzk\u00e1zal Evropsk\u00e9 unii? A byla tam snaha o jak\u00e9si poselstv\u00ed, o jak\u00fdsi vzkaz, symboliku.<br \/><br \/><strong>Zden\u011bk<\/strong>\u00a0<strong>Hraba<\/strong>, sen\u00e1tor \/ODS a TOP 09\/<br \/>&#8212;&#8212;&#8212;&#8212;&#8212;&#8212;&#8211;<br \/>Ur\u010dit\u011b t\u00edm vzkazem bylo, \u017ee \u010desk\u00fd st\u00e1t se nenech\u00e1 mluvit do toho, co a jak bude financovat, \u017ee \u010desk\u00fd st\u00e1t nebude povinn\u011b financovat nevl\u00e1dn\u00ed organizace k jak\u00e9koliv, kter\u00e9 si \u0159eknou o jak\u00e9koliv pen\u00edze, to si mysl\u00edm, \u017ee je z\u00e1kladn\u00ed vzkaz a je to vid\u011bt i na t\u00e9 diskuzi, kter\u00e1 n\u00e1sleduje po t\u00e9, co istanbulsk\u00e1 \u00famluva nepro\u0161la sen\u00e1tem, ta velk\u00e1 aktivita nevl\u00e1dn\u00edch organizac\u00ed, n\u011bkter\u00fdch, samoz\u0159ejm\u011b t\u011bch, kter\u00e9 m\u011bly velk\u00fd finan\u010dn\u00ed z\u00e1jem na tom, aby istanbulsk\u00e1 \u00famluva pro\u0161la, je d\u016fkazem toho, \u017ee ten vzkaz byl velmi siln\u00fd a \u017ee \u010desk\u00fd sen\u00e1t vyvstal velmi siln\u00fd sign\u00e1l, \u017ee si \u010desk\u00fd st\u00e1t nenech\u00e1 mluvit do toho, koho a jak bude financovat, je nesporn\u00e9, \u017ee \u010desk\u00fd st\u00e1t mus\u00ed l\u00e9pe zabezpe\u010dit boj proti n\u00e1sil\u00ed na komkoliv, na komkoliv, proto\u017ee up\u0159ednost\u0148ovat kohokoliv je nep\u0159\u00edpustn\u00e9. V\u0161ichni jsou si v pr\u00e1vech oni. J\u00e1 bych tady cht\u011bl p\u0159ipomenout, \u017ee souhlas\u00edm s t\u00edm, \u017ee \u010desk\u00e9 soudy trestaj\u00ed m\u00e1lo p\u0159\u00edsn\u011b, kdy\u017e se pod\u00edv\u00e1me na statistiky na konci osmdes\u00e1t\u00fdch let, tak kolem 80 % pachatel\u016f zn\u00e1siln\u011bn\u00ed odch\u00e1zelo do v\u011bzen\u00ed a te\u010f je to 40 % pachatel\u016f, a to m\u00e1me skutkovou podstatu zn\u00e1siln\u011bn\u00ed podstatn\u011b \u0161ir\u0161\u00ed a m\u016f\u017eou j\u00edt do v\u011bzen\u00ed za podstatn\u011b \u0161ir\u0161\u00ed v\u011bj\u00ed\u0159 aktivit t\u011bch sexu\u00e1ln\u011b n\u00e1siln\u00fdch, to znamen\u00e1, v t\u011bchto oblastech je skute\u010dn\u011b je\u0161t\u011b na \u010dem pracovat. Nen\u00ed to ani tak v\u011bc\u00ed pr\u00e1vn\u00edho nastaven\u00ed, samoz\u0159ejm\u011b souhlas\u00edm s t\u00edm, \u017ee bude redefinov\u00e1no zn\u00e1siln\u011bn\u00ed, tam se horn\u00ed sazba u t\u00e9 nejm\u00edrn\u011bj\u0161\u00ed formy zn\u00e1siln\u011bn\u00ed zved\u00e1 z p\u011btina 10 let. To znamen\u00e1, \u017ee soudci by mohli ulo\u017eit soud trest a\u017e 10 let odn\u011bt\u00ed svobody. Ale oni to prost\u011b ned\u011blaj\u00ed. Tady je n\u011bco \u0161patn\u011b ve st\u00e1t\u011b \u010desk\u00e9m.<br \/><br \/>mluv\u010d\u00ed 2,<br \/>&#8212;&#8212;&#8212;&#8212;&#8212;&#8212;&#8211;<br \/>Poj\u010fme si te\u010f poslechnout ohledn\u011b istanbulsk\u00e9 \u00famluvy je\u0161t\u011b dal\u0161\u00ed n\u00e1zor. Ost\u0159e proti n\u00ed vystupuje nap\u0159\u00edklad sen\u00e1torka Jitka Chal\u00e1nkov\u00e1, ta upozor\u0148uje na jej\u00ed genderovou nevyv\u00e1\u017eenost.<br \/><br \/>mluv\u010d\u00ed 6,<br \/>&#8212;&#8212;&#8212;&#8212;&#8212;&#8212;&#8211;<br \/>Kde\u017eto istanbulsk\u00e1 \u00famluva ch\u00e1pe n\u00e1sil\u00ed na \u017een\u00e1ch jako tzv. t\u0159\u00eddn\u00ed boj, to znamen\u00e1, \u017ee je podm\u00edn\u011bn t\u00edm, \u017ee u mu\u017e\u016f a chlapc\u016f m\u00e1 doj\u00edt k tzv. p\u0159ev\u00fdchov\u011b p\u00e1chaj\u00ed n\u00e1sil\u00ed jen proto, \u017ee jsou to mu\u017ei a chlapci, to znamen\u00e1, \u017ee pat\u0159\u00ed k genderov\u00e9 skupin\u011b, kde je zakotveno n\u00e1sil\u00ed jen proto, \u017ee jsou to mu\u017ei. To u\u017e je ot\u00e1zka takov\u00e9ho a\u017e t\u0159\u00eddn\u00edho boje a takto nelze poj\u00edmat vztahy mezi lidmi.<br \/><br \/>mluv\u010d\u00ed 1,<br \/>&#8212;&#8212;&#8212;&#8212;&#8212;&#8212;&#8211;<br \/>No, faktem je, \u017ee \u00famluva u\u017e v n\u00e1zvu Explicitn\u011b mluv\u00ed o \u017een\u00e1ch. P\u0159itom ob\u011b\u0165mi dom\u00e1c\u00edho n\u00e1sil\u00ed mohou b\u00fdt i mu\u017ei. Tak d\u00e1 se v\u00fdtka pan\u00ed sen\u00e1torky Chal\u00e1nkov\u00e9 n\u011bjak\u00fdm zp\u016fsobem rozporovat? Pan\u00ed sen\u00e1torko.<br \/><br \/>mluv\u010d\u00ed 7,<br \/>&#8212;&#8212;&#8212;&#8212;&#8212;&#8212;&#8211;<br \/>Ur\u010dit\u011b.<br \/><br \/>Hana Kordov\u00e1 Marvanov\u00e1, sen\u00e1torka, z\u00e1stupkyn\u011b po\u0161kozen\u00fdch \/nestr.\/<br \/>&#8212;&#8212;&#8212;&#8212;&#8212;&#8212;&#8211;<br \/>Nav\u00edc my jsme teda t\u0159i kolegov\u00e9, jsme sou\u010d\u00e1st\u00ed t\u00e9ho\u017e klubu, v kter\u00e9m prob\u00edh\u00e1 nebo prob\u00edhala pom\u011brn\u011b z\u00e1sadn\u00ed debata o tom, ale j\u00e1 m\u00e1m \u00fapln\u011b jin\u00fd n\u00e1zor a mysl\u00edm si, \u017ee bohu\u017eel jsou vys\u00edl\u00e1ny do toho ve\u0159ejn\u00e9ho prostoru i nepravdiv\u00e9 informace o obsahu \u00famluvy, pokud o \u00famluvu, ano, v textu, v nadpisu je n\u00e1sil\u00ed na \u017een\u00e1ch a dom\u00e1c\u00ed n\u00e1sil\u00ed, a to dom\u00e1c\u00ed n\u00e1sil\u00ed se opravdu d\u011bje nejen v\u016f\u010di \u017een\u00e1m, d\u011bje se i v\u016f\u010di mu\u017e\u016fm, d\u011bje se i v\u016f\u010di d\u011btem. \u00damluva tedy se zam\u011b\u0159uje na ochranu ob\u011bt\u00ed dom\u00e1c\u00edho n\u00e1sil\u00ed i bez ohledu na pohlav\u00ed, tak\u017ee nen\u00ed zam\u011b\u0159ena jenom na pomoc \u017een\u00e1m, to, \u017ee \u017eeny jsou tam zd\u016fraz\u0148ov\u00e1ny, tak je proto, \u017ee \u017eeny jsou \u010dast\u011bji ob\u011bt\u00ed dom\u00e1c\u00edho n\u00e1sil\u00ed a je to d\u00e1no i fyziologick\u00fdmi p\u0159edpoklady, \u017ee mu\u017e t\u0159eba b\u00fdv\u00e1 dominantn\u011bj\u0161\u00ed, mu\u017e b\u00fdv\u00e1 siln\u011bj\u0161\u00ed, m\u00e1 i jaksi fyzickou p\u0159evahu nad tou \u017eenou, tak\u017ee to jsou d\u016fvody, kter\u00e9 ov\u0161em popisuje sociolog d\u011bje, popisuj\u00ed to r\u016fzn\u00e9 v\u011bdn\u00ed obory, tak\u017ee to je vypozorov\u00e1no, \u017ee \u010dast\u011bji jsou \u017eeny ob\u011bt\u00ed dom\u00e1c\u00edho n\u00e1sil\u00ed, ale jak jsem \u0159\u00edkala, stejn\u011b tak se d\u011bje to, \u017ee t\u0159eba senio\u0159i jsou ob\u011bt\u00ed dom\u00e1c\u00edho n\u00e1sil\u00ed nebo i d\u011bti. A \u00famluva by m\u011bla skute\u010dn\u011b pom\u00e1hat v\u0161em. Proto nelze v\u016fbec hovo\u0159it o n\u011bjak\u00e9m t\u0159\u00eddn\u00edm boji. To je prost\u011b marxistick\u00fd obrat, kter\u00fd v \u017e\u00e1dn\u00e9 \u00famluv\u011b o ochran\u011b lidsk\u00fdch pr\u00e1v nen\u00ed, ani v t\u00e9to, a je\u0161t\u011b jsem cht\u011bla zareagovat na to, co \u0159\u00edkal pan sen\u00e1tor, \u017ee tedy \u00famluva nut\u00ed \u010desk\u00fd st\u00e1t kohokoliv, kdo si \u0159ekne z t\u011bch neziskov\u00fdch organizac\u00ed, aby byly financov\u00e1ny, ale tomu tak nen\u00ed, to, kdo bude financov\u00e1n, tak o tom rozhoduje samoz\u0159ejm\u011b vl\u00e1da, parlament, jak\u00e9 prost\u0159edky se v\u011bnuj\u00ed na podporu \u010dinnosti neziskov\u00fdch organizac\u00ed, tedy nest\u00e1tn\u00edch organizac\u00ed, kter\u00e9 se v\u011bnuj\u00ed t\u0159eba soci\u00e1ln\u00ed pr\u00e1ci, v\u0161ichni se asi shodneme na tom, \u017ee ta soci\u00e1ln\u00ed pr\u00e1ce, pr\u00e1ce pro ob\u011bti, \u010dinnost azylov\u00fdch dom\u016f a podobn\u011b, \u017ee tu nedok\u00e1\u017ee obs\u00e1hnout st\u00e1t, ale ty ob\u011bti pot\u0159ebuj\u00ed tu pomoc t\u0159eba okam\u017eit\u011b, \u010dasto maj\u00ed i v\u011bt\u0161\u00ed d\u016fv\u011bru t\u011bm nevl\u00e1dn\u00edm organizac\u00edm, proto\u017ee tam jsou zam\u011bstn\u00e1ny oni odborn\u00edci, kte\u0159\u00ed jsou na toto vy\u0161koleni a poskytuji empatickou pomoc, tak j\u00e1 se domn\u00edv\u00e1m, \u017ee tak jako podporujeme, aby t\u0159eba i obce \u010di st\u00e1t d\u00e1val prost\u0159edky na pomoc t\u0159eba organizac\u00edm pro zdravotn\u011b posti\u017een\u00e9, soci\u00e1ln\u00ed slu\u017eby, tak i slu\u017eby, kter\u00e9 pom\u00e1haj\u00ed ob\u011btem dom\u00e1c\u00edho n\u00e1sil\u00ed, tak si zaslou\u017e\u00ed finance. Ale to, kdo to konkr\u00e9tn\u011b dostane, o tom v\u017edycky rozhoduje jenom \u010cesk\u00e1 republika, jej\u00ed p\u0159\u00edslu\u0161n\u00e9 org\u00e1ny. Nav\u00edc \u00famluva ani nemluv\u00ed o tom, v jak\u00e9m rozsahu m\u00e1 ta podpora b\u00fdt, jenom mluv\u00ed o tom, \u017ee je \u017e\u00e1douc\u00ed, aby tu podporu poskytoval nebo tu pomoc poskytovaly st\u00e1tn\u00ed instituce, ve\u0159ejn\u00e9 instituce, ale i st\u00e1tem podporovan\u00e9 je organizace nevl\u00e1dn\u00ed, kter\u00e9 se na to zam\u011b\u0159uj\u00ed a mysl\u00edm si, \u017ee zpochyb\u0148ovat tedy kvalitu t\u011bch jejich slu\u017eeb, \u017ee to je a\u017e takov\u00e1 dehonestaci t\u00e9 jejich \u010dinnosti, kter\u00e1 pom\u00e1h\u00e1 \u010dasto i zachra\u0148ovat \u017eivoty t\u011bch ob\u011bt\u00ed dom\u00e1c\u00edho n\u00e1sil\u00ed.<br \/><br \/>mluv\u010d\u00ed 2,<br \/>&#8212;&#8212;&#8212;&#8212;&#8212;&#8212;&#8211;<br \/>Jestli na tohle, co bylo \u0159e\u010deno, pan sen\u00e1tor Hraba nechce reagovat, tak m\u00e1m pro n\u011bj dal\u0161\u00ed ot\u00e1zku.<br \/><br \/><strong>Zden\u011bk<\/strong>\u00a0<strong>Hraba<\/strong>, sen\u00e1tor \/ODS a TOP 09\/<br \/>&#8212;&#8212;&#8212;&#8212;&#8212;&#8212;&#8211;<br \/>Cht\u011bl bych reagovat, jestli m\u016f\u017eu, \u010dl\u00e1nek istanbulsk\u00e9 \u00famluvy naprosto jednozna\u010dn\u011b \u0159\u00edk\u00e1, \u017ee strany, kter\u00e9 ratifikuj\u00ed istanbulskou \u00famluvu, vid\u011bl j\u00edt p\u0159im\u011b\u0159en\u00e9 zdroje i nevl\u00e1dn\u00edm organizac\u00edm, to znamen\u00e1, je to vysouditeln\u00fd z\u00e1vazek \u010cesk\u00e9 republiky, pokud bude \u010cesk\u00e1 republika \u017ealov\u00e1na u Evropsk\u00e9ho soudu pro lidsk\u00e1 pr\u00e1va a n\u011bjakou organizac\u00ed, tak prost\u011b podle t\u00e9to \u00famluvy by plnit m\u011bla. A vid\u011bli p\u0159im\u011b\u0159en\u00e9 finan\u010dn\u00ed zdroje. To je prvn\u00ed pozn\u00e1mka, druh\u00e1 pozn\u00e1mka, on ten t\u0159\u00eddn\u00ed boj je u\u017e samotn\u00e9 preamuli istanbulsk\u00e9 \u00famluvy, kter\u00e1 \u0159\u00edk\u00e1, \u017ee n\u00e1sil\u00ed v\u016f\u010di \u017een\u00e1m, jako\u017eto n\u00e1sil\u00ed genderov\u011b podm\u00edn\u011bn\u00e9, m\u00e1 struktur\u00e1ln\u00ed povahu, to znamen\u00e1, tam se konstatuje, \u017ee n\u00e1sil\u00ed v\u016f\u010di \u017een\u00e1m je d\u016fsledkem toho, \u017ee mu\u017e je mu\u017eem a \u017eena je \u017eenou, a to je klasick\u00fd neomarxistick\u00fd respekt, Neo bol\u0161evick\u00fd, abych byl p\u0159esn\u011bj\u0161\u00ed kojem a term\u00edn. Tak\u017ee tolik jenom dv\u011b pozn\u00e1mky.<br \/><br \/>mluv\u010d\u00ed 1,<br \/>&#8212;&#8212;&#8212;&#8212;&#8212;&#8212;&#8211;<br \/>Te\u010f u\u017e dal\u0161\u00ed ot\u00e1zka pro pan\u00ed sen\u00e1torku Marvanovou.Istanbulsk\u00e1 \u00famluva, respektive \u010cesk\u00e1 republika se tu \u00famluvu podepsala jako jedna z posledn\u00edch zem\u00ed Evropsk\u00e9 unie, to bylo v roce 2016. Dokument m\u011bl b\u00fdt ratifikov\u00e1n.<br \/><br \/>mluv\u010d\u00ed 1,<br \/>&#8212;&#8212;&#8212;&#8212;&#8212;&#8212;&#8211;<br \/>Do poloviny roku 2018. Jen\u017ee z toho, co tu \u0159\u00edk\u00e1me, jak to sledujeme, to vypad\u00e1, jako by se z n\u011bjak\u00e9ho d\u016fvodu \u010desk\u00fdm politik\u016fm necht\u011blo do toho procesu ratifikace. Tak d\u00e1 se vysv\u011btlit a \u0159\u00edct jednodu\u0161e, pro m\u011b, pro laika, pro\u010d takov\u00fd nez\u00e1jem, pro\u010d je.<br \/><br \/>mluv\u010d\u00ed 2,<br \/>&#8212;&#8212;&#8212;&#8212;&#8212;&#8212;&#8211;<br \/>T\u00e9ma n\u00e1sil\u00ed na \u017eeny na \u017een\u00e1ch? Z\u0159ejm\u011b tak m\u00e1lo obl\u00edben\u00e9 Mezi politiky?<br \/><br \/>Hana Kordov\u00e1 Marvanov\u00e1, sen\u00e1torka, z\u00e1stupkyn\u011b po\u0161kozen\u00fdch \/nestr.\/<br \/>&#8212;&#8212;&#8212;&#8212;&#8212;&#8212;&#8211;<br \/>Nejen problematika n\u00e1sil\u00ed na \u017een\u00e1ch a dom\u00e1c\u00edho n\u00e1sil\u00ed je neobl\u00edben\u00e1. Mysl\u00edm, \u017ee se tomu prost\u011b v\u011bnuje jenom zlomek politik\u016f, je to m\u00e1lo up\u0159ednost\u0148ovan\u00e1 agenda, kter\u00e1 spad\u00e1 pod ministerstvo spravedlnosti. My jsme loni na zased\u00e1n\u00ed \u00fastavn\u011bpr\u00e1vn\u00edch v\u00fdbor\u016f obou komor, tedy sn\u011bmovny i sen\u00e1tu, prob\u00edrali p\u0159ipravovanou rekodifikaci tr. \u0159\u00e1du. J\u00e1 jsem byla jedin\u00e1, kdo tam mluvil o tom, \u017ee je t\u0159eba pos\u00edlit pr\u00e1va ob\u011bt\u00ed trestn\u00fdch \u010din\u016f, my jsme p\u0159ijali, n\u00e1\u0161 st\u00e1t p\u0159ijal z\u00e1kon o ob\u011btech trestn\u00fdch \u010din\u016f v roce 2013, ale \u010dasto je uplat\u0148ov\u00e1n jenom form\u00e1ln\u011b. Ob\u011bti dostanou, a te\u010f mluv\u00edm obecn\u011b ob\u011btech, ale tam pr\u00e1v\u011b spadaj\u00ed ob\u011bti zn\u00e1siln\u011bn\u00ed, ob\u011bti dom\u00e1c\u00edho n\u00e1sil\u00ed, tak ob\u011bti dostanou k podpisu na policii. Pou\u010den\u00ed, jak\u00e1 maj\u00ed pr\u00e1va, ale \u017ee by se s nimi zach\u00e1zelo l\u00e9pe, \u017ee by jim byl, \u017ee by jejich hlas byl v\u00edce sly\u0161et, \u017ee by t\u0159eba sebral ohled na to. Te\u010f nar\u00e1\u017e\u00ed na ten posledn\u00ed p\u0159\u00edpad, kdy ob\u011b\u0165 se boj\u00ed toho n\u00e1siln\u00edka, p\u0159esto pachatel jej propust\u00ed nejen z vazby, nakonec ho odsoud\u00ed na podm\u00ednku. J\u00e1 si v\u016fbec neum\u00edm p\u0159edstavit situaci ob\u011bti, kter\u00e1 potom se vrac\u00ed do rodiny nebo tam se vrac\u00ed ten n\u00e1siln\u00edk a ona s n\u00edm tam d\u00e1l mus\u00ed \u017e\u00edt. Tam je obrovsk\u00e9 nebezpe\u010d\u00ed mzdy ze strany toho pachatele, ale proto\u017ee se to d\u011bje za zav\u0159en\u00fdmi dve\u0159mi, tak prost\u011b se \u010dasto nedostane pomoci rychle t\u011bm ob\u011btem. A j\u00e1 to \u0159\u00edk\u00e1m jako n\u011bkdo, kdo se tomu v\u011bnuje a mysl\u00edm si, \u017ee teda m\u011b to mrz\u00ed na pana sen\u00e1tora hrabou, proto\u017ee on je advok\u00e1t, ale j\u00e1 p\u0159edpokl\u00e1d\u00e1m, \u017ee prost\u011b neza\u017eil ty p\u0159\u00edpady, kter\u00e9 j\u00e1 jsem za\u017e\u00edvala s t\u011bmi ob\u011b\u0165mi 20. a posledn\u00edch let. A je\u0161t\u011b jednu pozn\u00e1mku. A \u0159\u00edk\u00e1, \u017ee vlastn\u011b ozna\u010duje tu \u00famluvu, \u017ee pou\u017e\u00edv\u00e1 Neo bol\u0161evick\u00e9 term\u00edny jako za bo.<br \/><br \/>mluv\u010d\u00ed 1,<br \/>&#8212;&#8212;&#8212;&#8212;&#8212;&#8212;&#8211;<br \/>Sv\u00fdmi pohyby se sna\u017e\u00edm, pan\u00ed sen\u00e1torko, a nezlobte se na m\u011b, je to nezdvo\u0159il\u00e9, v\u00edm.<br \/><br \/>Hana Kordov\u00e1 Marvanov\u00e1, sen\u00e1torka, z\u00e1stupkyn\u011b po\u0161kozen\u00fdch \/nestr.\/<br \/>&#8212;&#8212;&#8212;&#8212;&#8212;&#8212;&#8211;<br \/>My je chceme chr\u00e1nit.<br \/><br \/>mluv\u010d\u00ed 2,<br \/>&#8212;&#8212;&#8212;&#8212;&#8212;&#8212;&#8211;<br \/>Ukon\u010dit tuto debatu. Jsem za n\u00ed velmi r\u00e1d, r\u00e1d sleduji, \u017ee tohle t\u00e9ma v\u00e1s zaj\u00edm\u00e1. Hana Kordov\u00e1 Marvanov\u00e1 a\u00a0<strong>Zden\u011bk<\/strong>\u00a0<strong>Hraba<\/strong>, oba sen\u00e1to\u0159i, te\u010f byli hosty na\u0161eho vys\u00edl\u00e1n\u00ed.<br \/><br \/><\/p>\n","protected":false},"excerpt":{"rendered":"<div class=\"mh-excerpt\"><p>CNN Prima News&nbsp; \u010cesko st\u00e1le neratifikovalo istanbulskou \u00famluvu, odm\u00edtl ji sen\u00e1t. Jej\u00ed zast\u00e1nci mluv\u00ed o st\u0159edov\u011bku, odp\u016frci o nebezpe\u010d\u00edch, kter\u00e1 \u00fadajn\u011b obsahuje. Pr\u00e1v\u011b tohle t\u00e9ma, <a class=\"mh-excerpt-more\" href=\"https:\/\/www.invarena.cz\/?p=45632\" title=\"Hraba: Istanbulskou \u00famluvou by se \u010cR zav\u00e1zala platit neziskovk\u00e1m za \u0161\u00ed\u0159en\u00ed genderov\u00e9 ideologie\u00a0\u00a0\">[&#8230;]<\/a><\/p>\n<\/div>","protected":false},"author":1,"featured_media":5657,"comment_status":"open","ping_status":"closed","sticky":false,"template":"","format":"standard","meta":{"footnotes":""},"categories":[12],"tags":[],"class_list":["post-45632","post","type-post","status-publish","format-standard","has-post-thumbnail","hentry","category-rozhovory"],"_links":{"self":[{"href":"https:\/\/www.invarena.cz\/index.php?rest_route=\/wp\/v2\/posts\/45632","targetHints":{"allow":["GET"]}}],"collection":[{"href":"https:\/\/www.invarena.cz\/index.php?rest_route=\/wp\/v2\/posts"}],"about":[{"href":"https:\/\/www.invarena.cz\/index.php?rest_route=\/wp\/v2\/types\/post"}],"author":[{"embeddable":true,"href":"https:\/\/www.invarena.cz\/index.php?rest_route=\/wp\/v2\/users\/1"}],"replies":[{"embeddable":true,"href":"https:\/\/www.invarena.cz\/index.php?rest_route=%2Fwp%2Fv2%2Fcomments&post=45632"}],"version-history":[{"count":0,"href":"https:\/\/www.invarena.cz\/index.php?rest_route=\/wp\/v2\/posts\/45632\/revisions"}],"wp:featuredmedia":[{"embeddable":true,"href":"https:\/\/www.invarena.cz\/index.php?rest_route=\/wp\/v2\/media\/5657"}],"wp:attachment":[{"href":"https:\/\/www.invarena.cz\/index.php?rest_route=%2Fwp%2Fv2%2Fmedia&parent=45632"}],"wp:term":[{"taxonomy":"category","embeddable":true,"href":"https:\/\/www.invarena.cz\/index.php?rest_route=%2Fwp%2Fv2%2Fcategories&post=45632"},{"taxonomy":"post_tag","embeddable":true,"href":"https:\/\/www.invarena.cz\/index.php?rest_route=%2Fwp%2Fv2%2Ftags&post=45632"}],"curies":[{"name":"wp","href":"https:\/\/api.w.org\/{rel}","templated":true}]}}