{"id":45684,"date":"2024-02-05T06:06:35","date_gmt":"2024-02-05T05:06:35","guid":{"rendered":"https:\/\/www.invarena.cz\/?p=45684"},"modified":"2024-02-05T06:06:36","modified_gmt":"2024-02-05T05:06:36","slug":"pro-elisku","status":"publish","type":"post","link":"https:\/\/www.invarena.cz\/?p=45684","title":{"rendered":"Pro Eli\u0161ku\u00a0\u00a0"},"content":{"rendered":"\n<p>\u00a0\u010cT 1\u00a0&#8211; 168 hodin<br \/><\/p>\n\n\n\n<p>Eli\u0161ka \u0160im\u016fnkov\u00e1 byla zavra\u017ed\u011bna ve \u010dtvrtek 21. prosince st\u0159elcem na Filozofick\u00e9 fakult\u011b. Studovala komunikaci a \u0159e\u010d\u00a0<strong>nesly\u0161\u00edc\u00edch<\/strong>\u00a0a bojovala za pr\u00e1va men\u0161in. Promluvit se rozhodla jej\u00ed maminka Lenka. Pan\u00ed \u0160im\u016fnkov\u00e1 m\u011bla jen Eli\u0161ku. \u017dili spolu ve st\u0159edo\u010desk\u00fdch \u010cel\u00e1kovic\u00edch. Pr\u00e1v\u011b tam se s jej\u00ed dcerou m\u00edstn\u00ed rozlou\u010dili minul\u00fd p\u00e1tek. Maminka chce d\u00e1l n\u00e9st jej\u00ed odkaz. Zakl\u00e1d\u00e1 nadaci pro\u00a0<strong>nesly\u0161\u00edc\u00ed<\/strong>, kter\u00e1 ponese Eli\u0161ky jm\u00e9no. A a\u017e dostane pen\u00edze z univerzitn\u00ed sb\u00edrky, vlo\u017e\u00ed je do n\u00ed. Chce pomoci prosadit man\u017eelstv\u00ed pro LGBT tak, jak si to p\u0159\u00e1la ud\u011blat jej\u00ed dcera. A ve\u0159ejnosti chce pan\u00ed \u0160im\u016fnkov\u00e1 sd\u011blit je\u0161t\u011b v\u00edc.<br \/><br \/>Lenka \u0160im\u016fnkov\u00e1, maminka Eli\u0161ky<br \/>&#8212;&#8212;&#8212;&#8212;&#8212;&#8212;&#8211;<br \/>Rozhodla jsem se vystoupit, d\u00e1t rozhovor kv\u016fli tomu, \u017ee a\u010dkoliv tady sed\u00edm s mou dcerou na obr\u00e1zku a nesed\u00ed tady vedle m\u011b, tak jsem po\u0159\u00e1d maminka. Dcera se mi m\u011bla vr\u00e1tit ve \u010dtvrtek o p\u016fl \u0161est\u00e9 ze \u0161koly a nevr\u00e1tila se mi. P\u0159esto v\u0161ecko jsem tady po\u0159\u00e1d maminka, sna\u017eila bych se, nebo sna\u017e\u00edm se, chci d\u00e1l mluvit jej\u00edm hlasem. Chci naplnit jej\u00ed touhy, jej\u00ed p\u0159\u00e1n\u00ed, jej\u00ed sny. Obejmuly jsme se, pol\u00edbily a ptala jsem se Eli\u0161ky, kdy se vr\u00e1t\u00ed. V kolik kon\u010d\u00ed dneska? Usm\u00edvala se a \u0159\u00edkala, \u017ee o p\u016fl \u0161est\u00e9 bude doma, \u017ee p\u0159ijede. Pracuju do \u010dty\u0159, tak\u017ee bych j\u00ed \u0161la ur\u010dit\u011b vyzvednout na n\u00e1dra\u017e\u00ed. Ale odpoledne jsem sed\u011bla v kancel\u00e1\u0159i a moj\u00ed kolegyni zvonil telefon. Volal j\u00ed jej\u00ed partner policista. Zn\u00e1me se. Sly\u0161ela jsem svoj\u00ed kolegyni, jak mluv\u00ed do telefonu se sv\u00fdm partnerem a kouk\u00e1 na m\u011b.<\/p>\n\n\n\n<p> Pak jenom sly\u0161\u00edm, \u017ee se m\u011b pt\u00e1, kde je Eli\u0161ka? \u0158\u00edk\u00e1m, Eli\u0161ka je ve \u0161kole. Kde ve \u0161kole? J\u00e1 \u0159\u00edk\u00e1m, Blani, v\u017edy\u0165 v\u00ed\u0161, kde je ve \u0161kole. Je na fakult\u011b, kde p\u0159esn\u011b? J\u00e1 \u0159\u00edk\u00e1m, jestli je v Celetn\u00e9, j\u00e1 \u0159\u00edk\u00e1m ne. Univerzita jako Palacha. Kde p\u0159esn\u011b to je? Tak jsem na n\u00ed koukala a \u0159\u00edk\u00e1m, nerozum\u00edm, pro\u010d se na to pt\u00e1\u0161, pro\u010d? S k\u00fdm se\u0161 na telefonu? A \u0159\u00edk\u00e1, \u017ee je na telefonu se sv\u00fdm partnerem a \u017ee v t\u00e9 \u0161kole se st\u0159\u00edlelo, kde je moje Eli\u0161ka. Tak si \u0159\u00edk\u00e1m, jak se mohlo st\u0159\u00edlet ve \u0161kole? A pak se m\u011b zeptala, v jak\u00e9m pat\u0159e je moje Eli\u0161ka. A j\u00e1 \u0159\u00edk\u00e1m ve \u010dtvrt\u00e9m. A ta kolegyn\u011b u\u017e m\u011bla \u00fapln\u011b jakoby jin\u00fd v\u00fdraz v obli\u010deji. <\/p>\n\n\n\n<p>A j\u00e1 jsem vzala telefon a za\u010dala jsem volat svoj\u00ed Eli\u0161ce. Ale ten telefon jenom zvonil, tak jsem si \u0159\u00edkala, \u017ee m\u00e1 p\u0159edn\u00e1\u0161ku, m\u00e1 zlomen\u00fd zvuk, aby neru\u0161ila ostatn\u00ed. Vzala jsem si kabelku, vyb\u011bhla jsem ven, ut\u00edkala jsem na n\u00e1dra\u017e\u00ed a sedla jsem na vlak. A po cest\u011b jsem celou dobu volala. Celou dobu jsem volala Eli\u0161ce, aby zvedla telefon. Psala jsem j\u00ed esemesky, a\u0165 se mi hnedka ozve, jen co uvid\u00ed prome\u0161kan\u00fd hovor, a\u0165 se mi ozve. <\/p>\n\n\n\n<p>P\u0159ijela jsem do Prahy, vystoupila jsem na Masarykovy n\u00e1dra\u017e\u00ed a ut\u00edkala jsem a zabloudila jsem na Starom\u00e1ku, pane bo\u017ee. Ale na\u0161la jsem spr\u00e1vnou ulici a vyb\u011bhl jsem ke \u0161kole. Za\u010dal mi zvonit telefon, spousta kamar\u00e1d\u016f se za\u010dalo pt\u00e1t, tak jsem jenom \u0159ekla, omlouv\u00e1m se, pot\u0159ebuju m\u00edt voln\u00fd telefon, kdyby mi volala Eli\u0161ka. Nem\u016f\u017ee si s v\u00e1ma te\u010fka pov\u00eddat, proto\u017ee mn\u011b ka\u017edou chvilku zavol\u00e1. A \u010d\u00edm v\u00edc ten \u010das b\u011b\u017eel, tak jsem si \u0159\u00edkala, jestli ty d\u011bcka jsou v tom Rudolf\u00ednu a Eli\u0161ka je s nima v tom Rudolf\u00ednu, tak by mi zavolala. N\u011bjak\u00fd krizov\u00fd pracovn\u00edk mi tam \u0159\u00edkal, \u017ee je v \u0161oku, tak proto nezavol\u00e1.<\/p>\n\n\n\n<p>\u0158\u00edkala jsem si, \u017ee Eli\u0161ka v\u00ed, jak stra\u0161n\u011b, stra\u0161n\u011b, stra\u0161n\u011b moc se boj\u00edm, \u017ee by si ur\u010dit\u011b od kohokoliv p\u016fj\u010dila telefon. Pamatovala si moje \u010d\u00edslo z hlavy a zavolala by mi, \u017ee je v po\u0159\u00e1dku. Za\u010dali jsme obj\u00ed\u017ed\u011bt nemocnice. Ptala jsem se v\u0161ude, jestli tam nen\u00ed m\u00e1 dcera. \u010c\u00edm v\u00edc nemocnic jsme objeli, jsem za\u010d\u00ednala m\u00edt pocit, \u017ee by se mohlo st\u00e1t, \u017ee moje Eli\u0161ka v \u017e\u00e1dn\u00fd nemocnici nen\u00ed. <\/p>\n\n\n\n<p>Jsem se dostala na policii, kde po n\u00e1s cht\u011bli popisy na\u0161ich d\u011bt\u00ed. Sed\u011bli jsme spolu ve stejn\u00fd m\u00edstnosti s maminkou, s jinou maminkou, s jin\u00fdm tat\u00ednkem, kte\u0159\u00ed hledali svoji dceru. P\u0159i\u0161lo mi, \u017ee tam jsme stra\u0161n\u011b dlouho. V\u017edycky n\u011bkdo p\u0159i\u0161el a u\u017e jsem si myslela, \u017ee to je n\u011bkdo, kdo m\u011b odvede za moj\u00ed Eli\u0161kou, \u017ee prost\u011b mi \u0159eknou, v jak\u00e9 nemocnici se na\u0161la. Bylo vlastn\u011b zoufal\u00fd sed\u011bt na policii, kdy\u017e \u010dlov\u011bk v\u011bd\u011bl, \u017ee by m\u011bl ty nemocnice obj\u00ed\u017ed\u011bt, \u017ee by mohl d\u00e1t ze sebe cokoliv, aby prost\u011b mohl sv\u00fdmu d\u00edt\u011bti pomoct. Mysl\u00edm cokoliv.<\/p>\n\n\n\n<p> Nev\u011bd\u011bla jsem, co se mohlo st\u00e1t v\u0161ecko, kdyby pot\u0159ebovala cokoliv ze m\u011b, jestli mi rozum\u00edte. A po\u0159\u00e1d jsem \u0159\u00edkala, v\u017edy\u0165 ten \u010das ut\u00edk\u00e1, u\u017e mi n\u011bkdo mus\u00ed p\u0159ij\u00edt, jestli opravdu mi Eli\u0161ka je\u0161t\u011b nezavolala, tak te\u010fka u\u017e mus\u00ed n\u011bkdo p\u0159ij\u00edt. V\u017edy\u0165 j\u00e1 tady jsem a poskytnu ze sebe v\u0161ecko.<\/p>\n\n\n\n<p> Tak p\u0159i\u0161el mu\u017e, byl v civilu. \u0158ekl, jestli s n\u00edm m\u016f\u017eu j\u00edt dol\u016f po schodech. U\u017e tam bylo stra\u0161n\u011b moc lid\u00ed a&#8230; \u010dlov\u011bk najednou st\u00e1l venku, sed\u011bla jsem s n\u011bk\u00fdm v aut\u011b, ale ml\u010dela \/nesrozumiteln\u00e9\/. Cht\u011bla zastavit. Bylo mi umo\u017en\u011bno, \u017ee se zastavilo. \u0158ekla jsem, \u017ee jdu na z\u00e1chod a kou\u0159it. Ale m\u011bla jsem \u00fapln\u011b jin\u00fd pl\u00e1ny. Ale cht\u011bla jsem j\u00edt za svoj\u00ed dcerou. Nej\u010dist\u0161\u00ed du\u0161e, dobrosrde\u010dn\u00e1, pln\u00e1 l\u00e1sky, neskute\u010dn\u011b \u010dist\u00fd l\u00e1sky. S touhou pom\u00e1hat, s touhou pomoci komukoliv, je\u0161t\u011b ne\u017e byste vyslovila n\u011bjakou va\u0161i touhu, va\u0161e p\u0159\u00e1n\u00ed, dok\u00e1zala si v\u00e1s p\u0159e\u010d\u00edst. Tak\u017ee v\u00e1m je\u0161t\u011b nab\u00eddla pomoc, je\u0161t\u011b ne\u017e vy jste si pomalu o n\u00ed dok\u00e1zala \u0159\u00edct, jestli to d\u00e1v\u00e1 smysl. Um\u011bla vid\u011bt lidi. Vid\u011bla opravdu du\u0161i. Pov\u00eddala si s n\u011bk\u00fdm, dok\u00e1zala uchopit toho \u010dlov\u011bka u\u017e odmali\u010dka. <\/p>\n\n\n\n<p>J\u00e1 si pamatuju, kdy jsem sly\u0161ela moji Eli\u0161ku naposledy plakat. To bylo, byla jsem v kancel\u00e1\u0159i, zvonil mi telefon. Zvednu telefon. Eli\u0161ka mi volala, \u017ee jede za svoj\u00ed p\u0159\u00edtelkyni, je v Poslaneck\u00e9 sn\u011bmovn\u011b a \u017ee man\u017eelstv\u00ed jako takov\u00e9, aby to m\u011blo n\u00e1zev man\u017eelstv\u00ed, aby to nem\u011blo \u017e\u00e1dn\u00fd jin\u00fd n\u00e1zev. Pouze man\u017eelstv\u00ed, jedno man\u017eelstv\u00ed pro v\u0161ecky, jedna kolonka. Tak\u017ee to nepro\u0161lo. \u0158\u00edk\u00e1, maminko, nevy\u0161lo to. Nevy\u0161lo man\u017eelstv\u00ed pro v\u0161echny. Cht\u011bla jsem po\u017e\u00e1dat na V\u00e1noce Ad\u00e9lku o ruku. Cht\u011bly jsme se vz\u00edt, co\u017e jsem v\u0161echno v\u011bd\u011bla. A v\u011bd\u011bla jsem, \u017ee v\u00edc budu muset b\u00fdt sly\u0161et. V\u00edc se budu muset t\u00e1zat, i jak\u00fd je ten d\u016fvod, pro\u010d nem\u016f\u017eou gayov\u00e9 a lesby uzav\u0159\u00edt klasick\u00fd s\u0148atek, man\u017eelstv\u00ed. Nikdy by m\u011b nenapadlo, \u017ee to budu \u0159e\u0161it takhle brzo. Ne takhle. <\/p>\n\n\n\n<p>V\u00edm, \u017ee dcera by si to p\u0159\u00e1la vybojovat sama. A v\u00edm, \u017ee by to vybojovala. S pomoc\u00ed v\u0161ech ostatn\u00edch. J\u00e1 jsem \u0159\u00edkala, Eli\u0161ko, jednou, jednou to ur\u010dit\u011b vyjde. Jednou to opravdu vyjde. Spole\u010dnost je p\u0159ipraven\u00e1. \u010clov\u011bk si neum\u011bl v\u016fbec p\u0159edstavit, \u017ee by ten z\u00edt\u0159ek nebyl. Eli\u0161ka studovala komunikaci a \u0159e\u010di\u00a0<strong>nesly\u0161\u00edc\u00edch<\/strong>\u00a0na Filozofick\u00e9 fakult\u011b. Cht\u011bla m\u00edt svou nadaci, kter\u00e1 by nesla jej\u00ed jm\u00e9no. Eli\u0161ka by 26. ledna slavila 21. narozeniny. A jej\u00ed b\u00fdvala spolu\u017ea\u010dka z v\u00edcelet\u00e9ho gymn\u00e1zia, \u0159ekla, \u017ee Eli\u0161ka j\u00ed v\u017edycky p\u0159\u00e1la k narozenin\u00e1m, \u017ee nikdy nezapomn\u011bla, v\u017edycky j\u00ed k narozenin\u00e1m pop\u0159\u00e1la. A \u017ee i ona by cht\u011bla pro n\u00ed n\u011bco ud\u011blat, kdy\u017e ta Eli\u0161ka u\u017e nen\u00ed. A \u017ee by se mohla na n\u00e1m\u011bst\u00ed uspo\u0159\u00e1dat malink\u00e1 m\u0161e. No, z t\u00e9 malink\u00fd m\u0161e byl, \u0159ekla bych moc kr\u00e1sn\u00fd den. Takov\u00fd, jak\u00fd by se Eli\u0161ka zaslou\u017eila, aby byl.<\/p>\n\n\n\n<p>26. odpoledne jsem na n\u00e1m\u011bst\u00ed st\u00e1la. Koukala na neskute\u010dn\u00fd mno\u017estv\u00ed lid\u00ed, kte\u0159\u00ed p\u0159i\u0161li vyj\u00e1d\u0159it Eli\u0161ce l\u00e1sku. Kolik lid\u00ed bylo t\u0159eba \u0159editel\u016f, mate\u0159sk\u00e1 \u0161kolka, z\u00e1kladn\u00ed \u0161kola, v\u00edcelet\u00e9 gymn\u00e1zium. Kolik l\u00e1sky bylo moj\u00ed Eli\u0161ce projeveno t\u00edm, \u017ee vlastn\u011b ty lidi v\u0161ichni p\u0159i\u0161li, zorganizovali ten den. D\u00edvala jsem se kolem a nevid\u011bla nikoho t\u0159eba z univerzity, kdo by p\u0159i\u0161el vyj\u00e1d\u0159it tu \u00factu a ten respekt. Univerzitu jsem zvala. <\/p>\n\n\n\n<p>Tady v t\u00e9 situaci se v\u0161ichni semkli. Neskute\u010dn\u00e1 solid\u00e1rnost, \u017ee to, co jste si myslela, \u017ee ten \u010dlov\u00ed\u010dek je \u00fa\u017easnej, tak zjist\u00edte, \u017ee ty lidi okolo v\u00e1s jsou je\u0161t\u011b daleko \u00fa\u017easn\u011bj\u0161\u00ed, neskute\u010dn\u011b \u010dist\u00ed a soudr\u017en\u00ed. Pln\u00fd pot\u0159eby projevu l\u00e1sky v\u016f\u010di m\u00e9 dce\u0159i. A tam, kde si mysl\u00edte, \u017ee by to m\u011blo b\u00fdt spr\u00e1vn\u00e9, a\u017e \u0159e\u010deno automatick\u00e9 a o\u010dek\u00e1van\u00e9. Tak za tu \u0161kolu, kterou si moje dcera vymodlila, vysnila. Karlova univerzita, maminko. J\u00e1 jsem to zvl\u00e1dla, p\u0159ijali m\u011b. Tak m\u011b bol\u00ed, jestli tohle to dcera vid\u00ed. S ostatn\u00edmi rodi\u010di v kontaktu nejsem.<\/p>\n\n\n\n<p> Poka\u017ed\u00fd, kdy\u017e jsem na sch\u016fzce v Karol\u00ednu, tak je mi \u0159e\u010deno, kdy\u017e se pt\u00e1m, dotazuju na ty rodi\u010de ostatn\u00ed, tak v\u017edycky je jim poskytovan\u00e1 informace, \u017ee se setk\u00e1me v nejbli\u017e\u0161\u00edch dnech. A v\u017edycky je mi odpov\u011bzeno. P\u0159edpokl\u00e1d\u00e1m, \u017ee to bude ve \u010dtvrtek p\u0159\u00ed\u0161t\u00ed t\u00fdden. Od za\u010d\u00e1tku ten \u010dtvrtek je\u0161t\u011b nebyl. Domn\u00edv\u00e1m se, \u017ee ten \u010dtvrtek u\u017e ani nebude. Za\u010d\u00edn\u00e1m si i \u0159\u00edkat, \u017ee asi je tam n\u011bjak\u00fd d\u016fvod, abysme se nesetkali. Budou si kl\u00e1st stejnou ot\u00e1zku, jako m\u00e1m j\u00e1, \u017ee policie p\u0159ed tou fakultou byla a odjela. A \u017ee jej\u00ed d\u011bti nemusely b\u00fdt ve fyzick\u00e9m stavu, v jak\u00e9m jsou te\u010fka, v psychick\u00e9m stavu, v jak\u00e9m jsou. Tak n\u00e1s bude hodn\u011b. Co se t\u00fdk\u00e1 policie, tak nechci jenom sed\u011bt a \u010dekat, a\u017e mi n\u011bkdo p\u0159ijde \u0159\u00edct, \u017ee je uzav\u0159enej spis a \u017ee tak to prost\u011b bylo a m\u00e1m se s t\u00edm sm\u00ed\u0159it. S t\u00edm se nikdy nesm\u00ed\u0159\u00edm. Nesm\u00ed\u0159\u00edm se s t\u00edm, \u017ee dcera tady nen\u00ed, \u017ee tady Eli\u0161ku nem\u00e1m. <\/p>\n\n\n\n<p>J\u00e1 pouze pot\u0159ebuju zn\u00e1t vysv\u011btlen\u00ed. V\u0161ecko m\u00e1 ur\u010dit\u011b svoje opodstatn\u011bn\u00ed, v\u0161echno m\u00e1 sv\u016fj d\u016fvod, ale pot\u0159ebuju, aby mi byly moje ot\u00e1zky zodpov\u011bzeny, abych je mohla uchopit, zpracovat a ji\u017e se nemusela t\u00e1zat. M\u00e1m ot\u00e1zku, co se p\u0159esn\u011b stalo ve \u010dtvrtek odpoledne. Pokud policie st\u00e1la p\u0159ed univerzitou a bylo tam z n\u011bjak\u00e9ho d\u016fvodu p\u0159ivol\u00e1na a z jak\u00e9ho d\u016fvodu byla odvol\u00e1na? Jak\u00fd byl ten d\u016fvod, kdo odvolal policii od fakulty, kde byly d\u011bti? <\/p>\n\n\n\n<p>Chci v\u00e1s vid\u011bt a chci, abyste mi to \u0159ekl do o\u010d\u00ed. Chci vid\u011bt pravdu o \u010dtvrtku. Chci v\u011bd\u011bt pravdu o na\u0161ich d\u011btech. Chci v\u011bd\u011bt pravdu o sv\u00e9 dce\u0159i, kter\u00e1 \u0161la do \u0161koly a nevr\u00e1tila se. \u010cek\u00e1m, \u017ee mi to zodpov\u00edte. Ne\u010dek\u00e1m uzav\u0159en\u00ed spisu s t\u00edm, \u017ee bylo v\u0161echno ud\u011bl\u00e1no spr\u00e1vn\u011b, proto\u017ee v\u0161echno spr\u00e1vn\u011b ur\u010dit\u011b ud\u011bl\u00e1no nebylo. Z n\u011bjak\u00e9ho d\u016fvodu jste tam byli a z n\u011bjak\u00e9ho d\u016fvodu jste odjeli. Byli jste n\u011bk\u00fdm odvol\u00e1ni? A j\u00e1 chci vid\u011bt konkr\u00e9tn\u00ed, j\u00e1 chci vid\u011bt obli\u010dej toho \u010dlov\u011bka, kter\u00fd rozhodl, \u017ee policist\u00e9, kte\u0159\u00ed st\u00e1li p\u0159ed fakultou, byli odvol\u00e1ni, odjeli. Chci, abyste mi konkr\u00e9tn\u011b \u0159ekl ten d\u016fvod. A nechci sly\u0161et d\u016fvod, nebo vid\u011bt v\u00e1\u0161 obli\u010dej v televizi. Chci, abyste si stoupl ke mn\u011b a \u0159ekl mi to z o\u010d\u00ed do o\u010d\u00ed.<\/p>\n\n\n\n<p> Chci zn\u00e1t pravdu, pro\u010d nem\u00e1m do dne\u0161n\u00edho dne pitevn\u00ed zpr\u00e1vu sv\u00e9 dcery. \u010cas \u00famrt\u00ed m\u00e9 dcery. Proto\u017ee se mi hon\u00ed hlavou pochopiteln\u011b my\u0161lenky, \u017ee m\u00e9 dce\u0159i mohlo b\u00fdt pomo\u017eeno. M\u011blo j\u00ed b\u00fdt pomo\u017eeno. M\u00e9 dce\u0159i se vlastn\u011b nem\u011blo v\u016fbec nic st\u00e1t. M\u011bla se vr\u00e1tit ve \u010dtvrtek v p\u016fl \u0161est\u00fd dom\u016f. \u010cek\u00e1m na v\u00e1s, a\u017e p\u0159ijdete. Bydl\u00edm v \u010cel\u00e1kovic\u00edch, telefon na m\u011b v\u0161ichni m\u00e1te, tak mi to p\u0159ij\u010fte \u0159\u00edct. \u010cek\u00e1m. Chci zn\u00e1t pravdu.<\/p>\n\n\n\n<p><\/p>\n","protected":false},"excerpt":{"rendered":"<div class=\"mh-excerpt\"><p>\u00a0\u010cT 1\u00a0&#8211; 168 hodin Eli\u0161ka \u0160im\u016fnkov\u00e1 byla zavra\u017ed\u011bna ve \u010dtvrtek 21. prosince st\u0159elcem na Filozofick\u00e9 fakult\u011b. Studovala komunikaci a \u0159e\u010d\u00a0nesly\u0161\u00edc\u00edch\u00a0a bojovala za pr\u00e1va men\u0161in. Promluvit <a class=\"mh-excerpt-more\" href=\"https:\/\/www.invarena.cz\/?p=45684\" title=\"Pro Eli\u0161ku\u00a0\u00a0\">[&#8230;]<\/a><\/p>\n<\/div>","protected":false},"author":1,"featured_media":45686,"comment_status":"open","ping_status":"closed","sticky":false,"template":"","format":"standard","meta":{"footnotes":""},"categories":[7],"tags":[],"class_list":["post-45684","post","type-post","status-publish","format-standard","has-post-thumbnail","hentry","category-spolecnost"],"_links":{"self":[{"href":"https:\/\/www.invarena.cz\/index.php?rest_route=\/wp\/v2\/posts\/45684","targetHints":{"allow":["GET"]}}],"collection":[{"href":"https:\/\/www.invarena.cz\/index.php?rest_route=\/wp\/v2\/posts"}],"about":[{"href":"https:\/\/www.invarena.cz\/index.php?rest_route=\/wp\/v2\/types\/post"}],"author":[{"embeddable":true,"href":"https:\/\/www.invarena.cz\/index.php?rest_route=\/wp\/v2\/users\/1"}],"replies":[{"embeddable":true,"href":"https:\/\/www.invarena.cz\/index.php?rest_route=%2Fwp%2Fv2%2Fcomments&post=45684"}],"version-history":[{"count":0,"href":"https:\/\/www.invarena.cz\/index.php?rest_route=\/wp\/v2\/posts\/45684\/revisions"}],"wp:featuredmedia":[{"embeddable":true,"href":"https:\/\/www.invarena.cz\/index.php?rest_route=\/wp\/v2\/media\/45686"}],"wp:attachment":[{"href":"https:\/\/www.invarena.cz\/index.php?rest_route=%2Fwp%2Fv2%2Fmedia&parent=45684"}],"wp:term":[{"taxonomy":"category","embeddable":true,"href":"https:\/\/www.invarena.cz\/index.php?rest_route=%2Fwp%2Fv2%2Fcategories&post=45684"},{"taxonomy":"post_tag","embeddable":true,"href":"https:\/\/www.invarena.cz\/index.php?rest_route=%2Fwp%2Fv2%2Ftags&post=45684"}],"curies":[{"name":"wp","href":"https:\/\/api.w.org\/{rel}","templated":true}]}}