{"id":4572,"date":"2013-05-06T10:45:35","date_gmt":"2013-05-06T08:45:35","guid":{"rendered":"http:\/\/www.invarena.cz\/?p=4572"},"modified":"2014-10-20T20:13:49","modified_gmt":"2014-10-20T18:13:49","slug":"vzp-ustoupila-zaplati-lecbu-lidem-s-roztrousenou-sklerozou","status":"publish","type":"post","link":"https:\/\/www.invarena.cz\/?p=4572","title":{"rendered":"VZP ustoupila, zaplat\u00ed l\u00e9\u010dbu lidem s roztrou\u0161enou skler\u00f3zou"},"content":{"rendered":"<p><strong>Ned\u00e1vno jsme v \u010dl\u00e1nku <a href=\"https:\/\/www.invarena.cz\/?p=4231\">&#8222;Poji\u0161\u0165ovna \u0161et\u0159\u00ed, nechce hradit l\u00e9\u010dbu roztrou\u0161en\u00e9 skler\u00f3zy&#8220;<\/a> psali o lidech, jim\u017e VZP odm\u00edt\u00e1 hradit n\u00e1kladnou biologickou l\u00e9\u010dbu. V\u0161e se ale nakonec v dobr\u00e9 obr\u00e1tilo, VZP je ochotna nad\u00e1le\u00a0 dra\u017e\u0161\u00ed l\u00e9ky pacient\u016fm s roztrou\u0161enou skler\u00f3zou platit.<\/strong><\/p>\n<p><!--more--><\/p>\n<p>Nejprve o dra\u017e\u0161\u00ed l\u00e9\u010dbu p\u0159i\u0161li, po n\u011bkolika m\u011bs\u00edc\u00edch ji ale maj\u00ed zp\u00e1tky. V\u0161eobecn\u00e1 zdravotn\u00ed poji\u0161\u0165ovna se v p\u00e1tek dohodla s Pardubickou krajskou nemocnic\u00ed, \u017ee patn\u00e1cti pacient\u016fm s roztrou\u0161enou skler\u00f3zou bude i nad\u00e1le platit biologickou l\u00e9\u010dbu. V\u00edt Posel z Chocn\u011b, kter\u00fd se proti vysazen\u00ed l\u00e9k\u016f br\u00e1nil, usp\u011bl.<\/p>\n<p>&#8222;Sm\u00edr\u010d\u00ed jedn\u00e1n\u00ed mezi VZP a Pardubickou krajskou nemocnic\u00ed skon\u010dilo dohodou,&#8220; uvedl mluv\u010d\u00ed V\u0161eobecn\u00e9 zdravotn\u00ed poji\u0161\u0165ovny Old\u0159ich Tich\u00fd s t\u00edm, \u017ee nemocnice a poji\u0161\u0165ovna ji\u017e nejsou u \u017e\u00e1dn\u00e9ho z pacient\u016f s roztrou\u0161enou skler\u00f3zou ve sporu.<\/p>\n<p>&#8222;U v\u0161ech pacient\u016f, jich\u017e se t\u00fdkala revize, byla uzn\u00e1na medic\u00ednsk\u00e1 krit\u00e9ria zd\u016fvod\u0148uj\u00edc\u00ed l\u00e9\u010dbu a budou ji m\u00edt i nad\u00e1le hrazenou,&#8220; potvrdil tak\u00e9 mluv\u010d\u00ed nemocnice Du\u0161an Korel. VZP a nemocnice jednaly o patn\u00e1cti pacientech l\u00e9\u010den\u00fdch v pardubick\u00e9m MS Centru, tedy specializovan\u00e9m centru pro l\u00e9\u010dbu roztrou\u0161en\u00e9 skler\u00f3zy. To pom\u00e1h\u00e1 zhruba tis\u00edcovce lid\u00ed.<\/p>\n<p>Polovina z nich bere takzvanou biologickou l\u00e9\u010dbu. Ta je \u00fa\u010dinn\u011bj\u0161\u00ed, ale tak\u00e9 dra\u017e\u0161\u00ed. M\u011bs\u00ed\u010dn\u011b stoj\u00ed 20 a\u017e 40 tis\u00edc korun, zat\u00edmco l\u00e9\u010den\u00ed bez n\u00ed vyjde VZP na p\u011bt a\u017e osmn\u00e1ct tis\u00edc korun.<\/p>\n<p>Biologickou l\u00e9\u010dbu patn\u00e1cti pacient\u016fm poji\u0161\u0165ovna p\u0159estala hradit loni na ja\u0159e. P\u0159i\u0161el o ni tak\u00e9 V\u00edt Posel. Kr\u00e1tce po vysazen\u00ed l\u00e9ku Tysabri dostal z\u00e1chvat nemoci a jeho zdravotn\u00ed stav se zhor\u0161il.<\/p>\n<p>&#8222;Kdyby mi l\u00e9k nevysadili, nep\u0159i\u0161la by ataka takto rychle a nebyla by takto v\u00e1\u017en\u00e1,&#8220; m\u00edn\u00ed pacient. N\u00e1zor op\u00edr\u00e1 o l\u00e9ka\u0159sk\u00e9 zpr\u00e1vy i fakt, \u017ee za t\u0159i roky u\u017e\u00edv\u00e1n\u00ed dra\u017e\u0161\u00ed l\u00e9\u010dby neprod\u011blal ani jednu ataku a lo\u017eiska nemoci se nezv\u011bt\u0161ovala. Po atace se V\u00edtu Poslovi zhor\u0161ila ch\u016fze a m\u00e1 i dal\u0161\u00ed pot\u00ed\u017ee.<\/p>\n<p>Op\u011btovn\u00e9 nasazen\u00ed l\u00e9\u010dby je m\u00edrn\u00ed, ale zat\u00edm pacienta nevr\u00e1tilo do takov\u00e9ho zdravotn\u00edho stavu, v jak\u00e9m byl p\u0159ed vysazen\u00edm l\u00e9\u010dby.<\/p>\n<p>Mlad\u00e1 fronta DNES<\/p>\n<p>&nbsp;<\/p>\n","protected":false},"excerpt":{"rendered":"<div class=\"mh-excerpt\"><p>Ned\u00e1vno jsme v \u010dl\u00e1nku &#8222;Poji\u0161\u0165ovna \u0161et\u0159\u00ed, nechce hradit l\u00e9\u010dbu roztrou\u0161en\u00e9 skler\u00f3zy&#8220; psali o lidech, jim\u017e VZP odm\u00edt\u00e1 hradit n\u00e1kladnou biologickou l\u00e9\u010dbu. V\u0161e se ale nakonec <a class=\"mh-excerpt-more\" href=\"https:\/\/www.invarena.cz\/?p=4572\" title=\"VZP ustoupila, zaplat\u00ed l\u00e9\u010dbu lidem s roztrou\u0161enou skler\u00f3zou\">[&#8230;]<\/a><\/p>\n<\/div>","protected":false},"author":1,"featured_media":1308,"comment_status":"open","ping_status":"open","sticky":false,"template":"","format":"standard","meta":{"footnotes":""},"categories":[1,11],"tags":[],"class_list":["post-4572","post","type-post","status-publish","format-standard","has-post-thumbnail","hentry","category-nezarazene","category-zdravi"],"_links":{"self":[{"href":"https:\/\/www.invarena.cz\/index.php?rest_route=\/wp\/v2\/posts\/4572","targetHints":{"allow":["GET"]}}],"collection":[{"href":"https:\/\/www.invarena.cz\/index.php?rest_route=\/wp\/v2\/posts"}],"about":[{"href":"https:\/\/www.invarena.cz\/index.php?rest_route=\/wp\/v2\/types\/post"}],"author":[{"embeddable":true,"href":"https:\/\/www.invarena.cz\/index.php?rest_route=\/wp\/v2\/users\/1"}],"replies":[{"embeddable":true,"href":"https:\/\/www.invarena.cz\/index.php?rest_route=%2Fwp%2Fv2%2Fcomments&post=4572"}],"version-history":[{"count":0,"href":"https:\/\/www.invarena.cz\/index.php?rest_route=\/wp\/v2\/posts\/4572\/revisions"}],"wp:featuredmedia":[{"embeddable":true,"href":"https:\/\/www.invarena.cz\/index.php?rest_route=\/wp\/v2\/media\/1308"}],"wp:attachment":[{"href":"https:\/\/www.invarena.cz\/index.php?rest_route=%2Fwp%2Fv2%2Fmedia&parent=4572"}],"wp:term":[{"taxonomy":"category","embeddable":true,"href":"https:\/\/www.invarena.cz\/index.php?rest_route=%2Fwp%2Fv2%2Fcategories&post=4572"},{"taxonomy":"post_tag","embeddable":true,"href":"https:\/\/www.invarena.cz\/index.php?rest_route=%2Fwp%2Fv2%2Ftags&post=4572"}],"curies":[{"name":"wp","href":"https:\/\/api.w.org\/{rel}","templated":true}]}}