{"id":45722,"date":"2024-02-05T16:21:56","date_gmt":"2024-02-05T15:21:56","guid":{"rendered":"https:\/\/www.invarena.cz\/?p=45722"},"modified":"2024-02-05T16:21:56","modified_gmt":"2024-02-05T15:21:56","slug":"modelove-priklady-chystanych-zmen-v-socialnich-davkach-komu-se-zvysi-a-komu-klesnou","status":"publish","type":"post","link":"https:\/\/www.invarena.cz\/?p=45722","title":{"rendered":"Modelov\u00e9 p\u0159\u00edklady chystan\u00fdch zm\u011bn v\u00a0soci\u00e1ln\u00edch d\u00e1vk\u00e1ch. Komu se zv\u00fd\u0161\u00ed a\u00a0komu klesnou"},"content":{"rendered":"\n<p>Chystan\u00e1 zm\u011bna soci\u00e1ln\u00edch d\u00e1vek v\u00fdrazn\u011b prom\u011bn\u00ed i\u00a0\u010d\u00e1stky, na ne\u017e maj\u00ed jejich p\u0159\u00edjemci n\u00e1rok. Zv\u00fdhodn\u011bn\u00ed se nap\u0159\u00edklad do\u010dkaj\u00ed ti, kte\u0159\u00ed pracuj\u00ed nebo se alespo\u0148 sna\u017e\u00ed pr\u00e1ci hledat. Lid\u00e9, kte\u0159\u00ed se o\u00a0to nebudou sna\u017eit, naopak dostanou v\u00fdrazn\u011b m\u00e9n\u011b. Resort p\u0159edstavil modelov\u00e9 p\u0159\u00edklady, jak by se m\u011bly zm\u011bny konkr\u00e9tn\u011b projevit.<\/p>\n\n\n\n<p><a href=\"https:\/\/www.novinky.cz\/clanek\/ekonomika-modelove-priklady-chystanych-zmen-v-socialnich-davkach-komu-se-zvysi-a-komu-klesnou-40459656#dop_ab_variant=0&amp;dop_source_zone_name=novinky.sznhp.box&amp;source=hp&amp;seq_no=1&amp;utm_campaign=abtest244_hpdop_comments_varBB&amp;utm_medium=z-boxiku&amp;utm_source=www.seznam.cz\">Modelov\u00e9 p\u0159\u00edklady chystan\u00fdch zm\u011bn v\u00a0soci\u00e1ln\u00edch d\u00e1vk\u00e1ch. Komu se zv\u00fd\u0161\u00ed a\u00a0komu klesnou &#8211; Novinky<\/a><\/p>\n\n\n\n<p><\/p>\n","protected":false},"excerpt":{"rendered":"<div class=\"mh-excerpt\"><p>Chystan\u00e1 zm\u011bna soci\u00e1ln\u00edch d\u00e1vek v\u00fdrazn\u011b prom\u011bn\u00ed i\u00a0\u010d\u00e1stky, na ne\u017e maj\u00ed jejich p\u0159\u00edjemci n\u00e1rok. Zv\u00fdhodn\u011bn\u00ed se nap\u0159\u00edklad do\u010dkaj\u00ed ti, kte\u0159\u00ed pracuj\u00ed nebo se alespo\u0148 sna\u017e\u00ed pr\u00e1ci <a class=\"mh-excerpt-more\" href=\"https:\/\/www.invarena.cz\/?p=45722\" title=\"Modelov\u00e9 p\u0159\u00edklady chystan\u00fdch zm\u011bn v\u00a0soci\u00e1ln\u00edch d\u00e1vk\u00e1ch. Komu se zv\u00fd\u0161\u00ed a\u00a0komu klesnou\">[&#8230;]<\/a><\/p>\n<\/div>","protected":false},"author":1,"featured_media":14519,"comment_status":"open","ping_status":"closed","sticky":false,"template":"","format":"standard","meta":{"footnotes":""},"categories":[1],"tags":[],"class_list":["post-45722","post","type-post","status-publish","format-standard","has-post-thumbnail","hentry","category-nezarazene"],"_links":{"self":[{"href":"https:\/\/www.invarena.cz\/index.php?rest_route=\/wp\/v2\/posts\/45722","targetHints":{"allow":["GET"]}}],"collection":[{"href":"https:\/\/www.invarena.cz\/index.php?rest_route=\/wp\/v2\/posts"}],"about":[{"href":"https:\/\/www.invarena.cz\/index.php?rest_route=\/wp\/v2\/types\/post"}],"author":[{"embeddable":true,"href":"https:\/\/www.invarena.cz\/index.php?rest_route=\/wp\/v2\/users\/1"}],"replies":[{"embeddable":true,"href":"https:\/\/www.invarena.cz\/index.php?rest_route=%2Fwp%2Fv2%2Fcomments&post=45722"}],"version-history":[{"count":0,"href":"https:\/\/www.invarena.cz\/index.php?rest_route=\/wp\/v2\/posts\/45722\/revisions"}],"wp:featuredmedia":[{"embeddable":true,"href":"https:\/\/www.invarena.cz\/index.php?rest_route=\/wp\/v2\/media\/14519"}],"wp:attachment":[{"href":"https:\/\/www.invarena.cz\/index.php?rest_route=%2Fwp%2Fv2%2Fmedia&parent=45722"}],"wp:term":[{"taxonomy":"category","embeddable":true,"href":"https:\/\/www.invarena.cz\/index.php?rest_route=%2Fwp%2Fv2%2Fcategories&post=45722"},{"taxonomy":"post_tag","embeddable":true,"href":"https:\/\/www.invarena.cz\/index.php?rest_route=%2Fwp%2Fv2%2Ftags&post=45722"}],"curies":[{"name":"wp","href":"https:\/\/api.w.org\/{rel}","templated":true}]}}