{"id":45729,"date":"2024-02-06T06:08:31","date_gmt":"2024-02-06T05:08:31","guid":{"rendered":"https:\/\/www.invarena.cz\/?p=45729"},"modified":"2024-02-06T06:08:35","modified_gmt":"2024-02-06T05:08:35","slug":"safrankova-chce-konec-zneuzivani-socialnich-davek","status":"publish","type":"post","link":"https:\/\/www.invarena.cz\/?p=45729","title":{"rendered":"\u0160afr\u00e1nkov\u00e1 chce konec zneu\u017e\u00edv\u00e1n\u00ed soci\u00e1ln\u00edch d\u00e1vek"},"content":{"rendered":"\n<p>Hostem Ud\u00e1lost\u00ed \u010cesk\u00e9 televize byla Lucie \u0160afr\u00e1nkov\u00e1, poslankyn\u011b za SPD, m\u00edstop\u0159edsedkyn\u011b v\u00fdboru pro soci\u00e1ln\u00ed politiku.<br \/><br \/>Hnut\u00ed SPD dlouhodob\u011b mluv\u00ed o zp\u0159\u00edsn\u011bn\u00ed podm\u00ednek pro z\u00edsk\u00e1n\u00ed soci\u00e1ln\u00ed podpory. Maj\u00ed zm\u011bny va\u0161i podporu?<br \/><br \/>Lucie \u0160afr\u00e1nkov\u00e1, poslankyn\u011b \/SPD\/<br \/>&#8212;&#8212;&#8212;&#8212;&#8212;&#8212;&#8211;<br \/>Ano, ur\u010dit\u011b ty zm\u011bny tak, jak dneska byly p\u0159edstaveny, tak maj\u00ed na\u0161i podporu, ale m\u00e1me k nim samoz\u0159ejm\u011b n\u011bkolik ot\u00e1zek, proto\u017ee p\u0159edstaveny byly pouze v obecn\u00e9 rovin\u011b. Ur\u010dit\u011b n\u00e1s bude zaj\u00edmat, jak bude vypadat paragrafov\u00e9 zn\u011bn\u00ed. A jak jist\u011b v\u00edte, tak my se o ukon\u010den\u00ed zneu\u017e\u00edv\u00e1n\u00ed soci\u00e1ln\u00edch d\u00e1vek pokou\u0161\u00edme a prosazujeme ho u\u017e \u0161est let.<br \/><br \/>moder\u00e1torka \u010cT<br \/>&#8212;&#8212;&#8212;&#8212;&#8212;&#8212;&#8211;<br \/>Jak jste zm\u00ednila, konkr\u00e9tn\u00ed to teprve bude, a\u017e to p\u0159edstav\u00ed pan ministr. Je\u0161t\u011b n\u011bco dal\u0161\u00edho mimo toho, co jste zm\u00ednila.<br \/><br \/>Lucie \u0160afr\u00e1nkov\u00e1, poslankyn\u011b \/SPD\/<br \/>&#8212;&#8212;&#8212;&#8212;&#8212;&#8212;&#8211;<br \/>Ur\u010dit\u011b n\u00e1s bude zaj\u00edmat, jak bude fungovat slou\u010den\u00ed t\u011bch \u010dty\u0159 d\u00e1vek, ur\u010dit\u011b souhlas\u00edme i s t\u00edm, aby se slou\u010dily d\u00e1vky, jak p\u0159\u00edsp\u011bvek na bydlen\u00ed s doplatkem na bydlen\u00ed a p\u0159\u00edsp\u011bvkem na bydlen\u00ed. Ale ot\u00e1zky velk\u00e9 budeme m\u00edt u toho, jak bude to slou\u010den\u00ed vypadat pr\u00e1v\u011b u p\u0159\u00eddavku na d\u00edt\u011b. Pro n\u00e1s je ale prioritou, aby se vlastn\u011b s ukon\u010den\u00edm zneu\u017e\u00edv\u00e1n\u00ed soci\u00e1ln\u00edch d\u00e1vek za\u010dalo u\u017e opravdu co nejd\u0159\u00edve, proto\u017ee tady n\u00e1m neust\u00e1le buj\u00ed obchod s chudobou, proti kter\u00e9mu je pot\u0159eba tak\u00e9 bojovat. Ale bohu\u017eel tyto n\u00e1vrhy, co tady prozat\u00edm pan ministr p\u0159edstavil, tak toto neobsahuje, tak\u017ee my ur\u010dit\u011b budeme vyvol\u00e1vat diskuzi s panem ministrem o to, abysme tam mohli zapracovat je\u0161t\u011b na\u0161e n\u00e1vrhy, kter\u00e9 dlouhodob\u011b prosazujeme. V tom na\u0161em posledn\u00edm n\u00e1vrhu, jak jsem \u0159\u00edkala, bylo 70 zm\u011bn, kter\u00e9 byly prodiskutov\u00e1ny s odborn\u00edky z \u00da\u0159adu pr\u00e1ce, odbor\u016f soci\u00e1ln\u00ed p\u00e9\u010de, ze \u0161kolstv\u00ed, tak\u017ee opravdu to m\u00e1me prodiskutovan\u00e9 a budeme velice r\u00e1di, kdy\u017e na t\u011bch dal\u0161\u00edch n\u00e1vrz\u00edch budeme spolupracovat.<br \/><br \/>moder\u00e1torka \u010cT<br \/>&#8212;&#8212;&#8212;&#8212;&#8212;&#8212;&#8211;<br \/>V sou\u010dasn\u00e9 dob\u011b se na d\u00e1vk\u00e1ch vypl\u00e1c\u00ed zhruba 26 miliard a pob\u00edr\u00e1 je p\u0159ibli\u017en\u011b milion lid\u00ed.\u00a0<strong>Ministr<\/strong>\u00a0<strong>pr\u00e1ce<\/strong>\u00a0tyto parametry chce zachovat.Souhlas\u00edte?<br \/><br \/>Lucie \u0160afr\u00e1nkov\u00e1, poslankyn\u011b \/SPD\/<br \/>&#8212;&#8212;&#8212;&#8212;&#8212;&#8212;&#8211;<br \/>Tak co se t\u00fdkalo toho na\u0161eho n\u00e1vrhu, tak tam by se u\u0161et\u0159ilo a\u017e jedna miliarda korun. To tehdy vypo\u010detlo samo Ministerstvo pr\u00e1ce a soci\u00e1ln\u00edch v\u011bc\u00ed. Samoz\u0159ejm\u011b s t\u00edm, \u017ee stoupaj\u00ed ceny za bydlen\u00ed, jsou po\u0159\u00e1d vysok\u00e9 ceny za energie, s \u010d\u00edm\u017e vl\u00e1da Petra Fialy st\u00e1le nic ned\u011bl\u00e1. Tak\u017ee se d\u00e1 o\u010dek\u00e1vat, \u017ee opravdu tato finan\u010dn\u00ed \u010d\u00e1stka v nejbli\u017e\u0161\u00edch m\u011bs\u00edc\u00edch bude muset takto z\u016fstat.<br \/><br \/>moder\u00e1torka \u010cT<br \/>&#8212;&#8212;&#8212;&#8212;&#8212;&#8212;&#8211;<br \/>D\u00edky za va\u0161e odpov\u011bdi.<br \/><br \/><\/p>\n","protected":false},"excerpt":{"rendered":"<div class=\"mh-excerpt\"><p>Hostem Ud\u00e1lost\u00ed \u010cesk\u00e9 televize byla Lucie \u0160afr\u00e1nkov\u00e1, poslankyn\u011b za SPD, m\u00edstop\u0159edsedkyn\u011b v\u00fdboru pro soci\u00e1ln\u00ed politiku. Hnut\u00ed SPD dlouhodob\u011b mluv\u00ed o zp\u0159\u00edsn\u011bn\u00ed podm\u00ednek pro z\u00edsk\u00e1n\u00ed soci\u00e1ln\u00ed <a class=\"mh-excerpt-more\" href=\"https:\/\/www.invarena.cz\/?p=45729\" title=\"\u0160afr\u00e1nkov\u00e1 chce konec zneu\u017e\u00edv\u00e1n\u00ed soci\u00e1ln\u00edch d\u00e1vek\">[&#8230;]<\/a><\/p>\n<\/div>","protected":false},"author":1,"featured_media":45731,"comment_status":"open","ping_status":"closed","sticky":false,"template":"","format":"standard","meta":{"footnotes":""},"categories":[12],"tags":[],"class_list":["post-45729","post","type-post","status-publish","format-standard","has-post-thumbnail","hentry","category-rozhovory"],"_links":{"self":[{"href":"https:\/\/www.invarena.cz\/index.php?rest_route=\/wp\/v2\/posts\/45729","targetHints":{"allow":["GET"]}}],"collection":[{"href":"https:\/\/www.invarena.cz\/index.php?rest_route=\/wp\/v2\/posts"}],"about":[{"href":"https:\/\/www.invarena.cz\/index.php?rest_route=\/wp\/v2\/types\/post"}],"author":[{"embeddable":true,"href":"https:\/\/www.invarena.cz\/index.php?rest_route=\/wp\/v2\/users\/1"}],"replies":[{"embeddable":true,"href":"https:\/\/www.invarena.cz\/index.php?rest_route=%2Fwp%2Fv2%2Fcomments&post=45729"}],"version-history":[{"count":0,"href":"https:\/\/www.invarena.cz\/index.php?rest_route=\/wp\/v2\/posts\/45729\/revisions"}],"wp:featuredmedia":[{"embeddable":true,"href":"https:\/\/www.invarena.cz\/index.php?rest_route=\/wp\/v2\/media\/45731"}],"wp:attachment":[{"href":"https:\/\/www.invarena.cz\/index.php?rest_route=%2Fwp%2Fv2%2Fmedia&parent=45729"}],"wp:term":[{"taxonomy":"category","embeddable":true,"href":"https:\/\/www.invarena.cz\/index.php?rest_route=%2Fwp%2Fv2%2Fcategories&post=45729"},{"taxonomy":"post_tag","embeddable":true,"href":"https:\/\/www.invarena.cz\/index.php?rest_route=%2Fwp%2Fv2%2Ftags&post=45729"}],"curies":[{"name":"wp","href":"https:\/\/api.w.org\/{rel}","templated":true}]}}