{"id":45772,"date":"2024-02-07T07:20:47","date_gmt":"2024-02-07T06:20:47","guid":{"rendered":"https:\/\/www.invarena.cz\/?p=45772"},"modified":"2024-02-07T07:20:48","modified_gmt":"2024-02-07T06:20:48","slug":"vypoved-bez-udani-duvodu","status":"publish","type":"post","link":"https:\/\/www.invarena.cz\/?p=45772","title":{"rendered":"V\u00fdpov\u011b\u010f bez ud\u00e1n\u00ed d\u016fvodu\u00a0\u00a0"},"content":{"rendered":"\n<p>Prima<br \/><br \/>Probl\u00e9mov\u00ed zam\u011bstnanci jsou prakticky nepropustiteln\u00ed. Zm\u011bny by rozh\u00fdbaly pracovn\u00ed trh. To tvrd\u00ed experti N\u00e1rodn\u00ed ekonomick\u00e9 rady vl\u00e1dy, a proto ministr\u016fm doporu\u010duj\u00ed zav\u00e9st v\u00fdpov\u011bdi bez ud\u00e1n\u00ed d\u016fvodu.<br \/><br \/>moder\u00e1tor<br \/>&#8212;&#8212;&#8212;&#8212;&#8212;&#8212;&#8211;<br \/>Odbor\u00e1\u0159i zu\u0159\u00ed. V p\u0159\u00edpad\u011b zaveden\u00ed by cht\u011bli odstupn\u00e9 pro v\u0161echny zam\u011bstnance ve v\u00fd\u0161i ro\u010dn\u00edho platu. Ministr Stanjura nevylou\u010dil, \u017ee by se mohlo jednat o p\u011bti m\u011bs\u00ed\u010dn\u00edch mzd\u00e1ch.<br \/><br \/>Pokud si na\u010dtete QR k\u00f3d, kter\u00fd se objev\u00ed na obrazovce, dozv\u00edte se i dal\u0161\u00ed podrobnosti NERVu.<br \/><br \/>&#8222;Odm\u00edt\u00e1me v\u00fdpov\u011bdi bez ud\u00e1n\u00ed d\u016fvodu. Jestli je vl\u00e1da prosad\u00ed, chceme tu\u010dn\u00e9 odstupn\u00e9.&#8220; Slova p\u0159ed\u00e1ka odborov\u00e9ho svazu Kovo.<br \/><br \/>Roman \u010eur\u010do, p\u0159edseda OS KOVO<br \/>&#8212;&#8212;&#8212;&#8212;&#8212;&#8212;&#8211;<br \/>D\u00edky tomu, \u017ee se to m\u016f\u017ee odehr\u00e1vat i v kategorii t\u0159eba p\u0159edd\u016fchodu t\u011bch zam\u011bstnanc\u016f, m\u011bli bysme se za\u010d\u00edt bavit zhruba o 12 m\u011bs\u00edc\u00edch.<br \/><br \/>redaktor<br \/>&#8212;&#8212;&#8212;&#8212;&#8212;&#8212;&#8211;<br \/>V\u00fd\u0161i odstupn\u00e9ho aktu\u00e1ln\u011b stanovuj\u00ed tabulky podle d\u00e9lky pracovn\u00edho pom\u011br\u016f, a to v rozmez\u00ed od jednoho do t\u0159\u00ed pr\u016fm\u011brn\u00fdch m\u011bs\u00ed\u010dn\u00edch v\u00fdd\u011blk\u016f. Prezident Svazu pr\u016fmyslu a dopravy chce, aby si v\u00fd\u0161i odstupn\u00e9ho stanovil s\u00e1m zam\u011bstnavatel.<br \/><br \/>Jan RAFAJ, prezident, Svaz pr\u016fmyslu a dopravy \u010cR<br \/>&#8212;&#8212;&#8212;&#8212;&#8212;&#8212;&#8211;<br \/>Chceme m\u00edt mo\u017enost, abychom bez dal\u0161\u00edho prokazov\u00e1n\u00ed, dokazov\u00e1n\u00ed mohli ukon\u010dit pracovn\u00ed pom\u011br.<br \/><br \/>redaktor<br \/>&#8212;&#8212;&#8212;&#8212;&#8212;&#8212;&#8211;<br \/>Nepru\u017en\u00fd pracovn\u00ed trh je podle \u0161\u00e9fa st\u00e1tn\u00ed kasy Zby\u0148ka Stanjury jednou z nejv\u011bt\u0161\u00edch brzd \u010desk\u00e9 ekonomiky. Pokud ministr\u016fm doporu\u010d\u00ed n\u00e1vrh, p\u0159ijmout odstupn\u00e9 by podle n\u011bj mohlo b\u00fdt a\u017e ve v\u00fd\u0161i p\u011bti pr\u016fm\u011brn\u00fdch plat\u016f.<br \/><br \/>Zbyn\u011bk Stanjura, ministr financ\u00ed \/ODS\/<br \/>&#8212;&#8212;&#8212;&#8212;&#8212;&#8212;&#8211;<br \/>To je ur\u010dit\u011b rozmez\u00ed, o kter\u00e9m se debata vede. To m\u016f\u017ee b\u00fdt v\u00fdhodn\u00e9 pro ob\u011b dv\u011b strany, nejenom pro zam\u011bstnavatele, ale i pro toho zam\u011bstnance, kter\u00fd m\u016f\u017ee dostat v\u00fdhodnou nab\u00eddku a pak by mohl velmi rychle odej\u00edt.<br \/><br \/>redaktor<br \/>&#8212;&#8212;&#8212;&#8212;&#8212;&#8212;&#8211;<br \/>Podle lidovce Jure\u010dky, \u0161\u00e9fa Ministerstva pr\u00e1ce a soci\u00e1ln\u00edch v\u011bc\u00ed, by se aktu\u00e1ln\u011b m\u011bly \u0159e\u0161it d\u016fle\u017eit\u011bj\u0161\u00ed reformy.<br \/><br \/>Marian JURE\u010cKA, vicepremi\u00e9r,\u00a0<strong>ministr<\/strong>\u00a0<strong>pr\u00e1ce<\/strong>\u00a0a soci\u00e1ln\u00edch v\u011bc\u00ed, p\u0159edseda strany \/KDU-\u010cSL\/<br \/>&#8212;&#8212;&#8212;&#8212;&#8212;&#8212;&#8211;<br \/>J\u00e1 se neklon\u00edm k tomu, aby bylo jenom toto t\u00e9ma spojeno s t\u00edm, \u017ee sou\u010dasn\u00e9 podm\u00ednky p\u0159eklop\u00edme do n\u011bjak\u00e9ho m\u00f3du v\u00fdpov\u011b\u010f bez ud\u00e1n\u00ed d\u016fvodu.<br \/><br \/> redaktor<br \/>&#8212;&#8212;&#8212;&#8212;&#8212;&#8212;&#8211;<br \/>Pir\u00e1ti navrhuj\u00ed trojn\u00e1sobek aktu\u00e1ln\u00edho odstupn\u00e9ho.<br \/><br \/>Olga RICHTEROV\u00c1, m\u00edstop\u0159edsedkyn\u011b Poslaneck\u00e9 sn\u011bmovny \/Pir\u00e1ti\/<br \/>&#8212;&#8212;&#8212;&#8212;&#8212;&#8212;&#8211;<br \/>Pro p\u0159edstavu b\u011b\u017en\u00e9ho \u010dlov\u011bka by nej\u010dast\u011bji bylo n\u011bco mezi \u0161esti a dev\u00edti standardn\u00edmi m\u011bs\u00ed\u010dn\u00edmi platy.<br \/><br \/>redaktor<br \/>&#8212;&#8212;&#8212;&#8212;&#8212;&#8212;&#8211;<br \/>Podle b\u00fdval\u00e9 \u0161\u00e9fky st\u00e1tn\u00ed kasy by zru\u0161en\u00ed ud\u00e1v\u00e1n\u00ed d\u016fvod\u016f zat\u00ed\u017eilo soci\u00e1ln\u00ed syst\u00e9m.<br \/><br \/>Alena SCHILLEROV\u00c1, p\u0159edsedkyn\u011b poslaneck\u00e9ho klubu, m\u00edstop\u0159edsedkyn\u011b hnut\u00ed \/ANO\/<br \/>&#8212;&#8212;&#8212;&#8212;&#8212;&#8212;&#8211;<br \/>To m\u016f\u017ee dopadnout na lidi, kter\u00fdch se budou t\u0159eba cht\u00edt zam\u011bstnavatel\u00e9 zbavit, to mohou b\u00fdt \u017eeny s \u010dasto nemocn\u00fdmi d\u011btmi nebo star\u0161\u00ed zam\u011bstnanci s pom\u011brn\u011b vysok\u00fdm platem. A kam oni potom p\u016fjdou? No, tak skon\u010d\u00ed na soci\u00e1ln\u00edch d\u00e1vk\u00e1ch.<br \/><br \/>Vladim\u00edra LESENSK\u00c1, poslankyn\u011b, m\u00edstop\u0159edsedkyn\u011b \u00fastavn\u011b-pr\u00e1vn\u00edho v\u00fdboru \/SPD\/<br \/>&#8212;&#8212;&#8212;&#8212;&#8212;&#8212;&#8211;<br \/>S t\u00edm bytostn\u011b nesouhlas\u00edm ani j\u00e1, ani SPD. Toto opat\u0159en\u00ed nepodpo\u0159\u00edme ur\u010dit\u011b.<br \/><br \/>redaktor<br \/>&#8212;&#8212;&#8212;&#8212;&#8212;&#8212;&#8211;<br \/>O n\u00e1vrhu novely u\u017e jednaj\u00ed expertn\u00ed t\u00fdmy. <\/p>\n\n\n\n<p> CNN Prima News.<\/p>\n\n\n\n<p><\/p>\n","protected":false},"excerpt":{"rendered":"<div class=\"mh-excerpt\"><p>Prima Probl\u00e9mov\u00ed zam\u011bstnanci jsou prakticky nepropustiteln\u00ed. Zm\u011bny by rozh\u00fdbaly pracovn\u00ed trh. To tvrd\u00ed experti N\u00e1rodn\u00ed ekonomick\u00e9 rady vl\u00e1dy, a proto ministr\u016fm doporu\u010duj\u00ed zav\u00e9st v\u00fdpov\u011bdi bez <a class=\"mh-excerpt-more\" href=\"https:\/\/www.invarena.cz\/?p=45772\" title=\"V\u00fdpov\u011b\u010f bez ud\u00e1n\u00ed d\u016fvodu\u00a0\u00a0\">[&#8230;]<\/a><\/p>\n<\/div>","protected":false},"author":1,"featured_media":18086,"comment_status":"open","ping_status":"closed","sticky":false,"template":"","format":"standard","meta":{"footnotes":""},"categories":[9],"tags":[],"class_list":["post-45772","post","type-post","status-publish","format-standard","has-post-thumbnail","hentry","category-zpravy"],"_links":{"self":[{"href":"https:\/\/www.invarena.cz\/index.php?rest_route=\/wp\/v2\/posts\/45772","targetHints":{"allow":["GET"]}}],"collection":[{"href":"https:\/\/www.invarena.cz\/index.php?rest_route=\/wp\/v2\/posts"}],"about":[{"href":"https:\/\/www.invarena.cz\/index.php?rest_route=\/wp\/v2\/types\/post"}],"author":[{"embeddable":true,"href":"https:\/\/www.invarena.cz\/index.php?rest_route=\/wp\/v2\/users\/1"}],"replies":[{"embeddable":true,"href":"https:\/\/www.invarena.cz\/index.php?rest_route=%2Fwp%2Fv2%2Fcomments&post=45772"}],"version-history":[{"count":0,"href":"https:\/\/www.invarena.cz\/index.php?rest_route=\/wp\/v2\/posts\/45772\/revisions"}],"wp:featuredmedia":[{"embeddable":true,"href":"https:\/\/www.invarena.cz\/index.php?rest_route=\/wp\/v2\/media\/18086"}],"wp:attachment":[{"href":"https:\/\/www.invarena.cz\/index.php?rest_route=%2Fwp%2Fv2%2Fmedia&parent=45772"}],"wp:term":[{"taxonomy":"category","embeddable":true,"href":"https:\/\/www.invarena.cz\/index.php?rest_route=%2Fwp%2Fv2%2Fcategories&post=45772"},{"taxonomy":"post_tag","embeddable":true,"href":"https:\/\/www.invarena.cz\/index.php?rest_route=%2Fwp%2Fv2%2Ftags&post=45772"}],"curies":[{"name":"wp","href":"https:\/\/api.w.org\/{rel}","templated":true}]}}