{"id":45830,"date":"2024-02-08T06:26:00","date_gmt":"2024-02-08T05:26:00","guid":{"rendered":"https:\/\/www.invarena.cz\/?p=45830"},"modified":"2024-02-08T06:26:23","modified_gmt":"2024-02-08T05:26:23","slug":"boj-o-manzelstvi-pro-vsechny","status":"publish","type":"post","link":"https:\/\/www.invarena.cz\/?p=45830","title":{"rendered":"Boj o man\u017eelstv\u00ed pro v\u0161echny\u00a0\u00a0"},"content":{"rendered":"\n<p>Prima, Radio\u017eurn\u00e1l, \u010cRo<br \/><br \/>Poslanci poslali do z\u00e1v\u011bre\u010dn\u00e9ho \u010dten\u00ed man\u017eelstv\u00ed pro p\u00e1ry stejn\u00e9ho pohlav\u00ed p\u016fvodn\u00ed n\u00e1vrh na \u00fapln\u00e9 zrovnopr\u00e1vn\u011bn\u00ed lid\u00ed s men\u0161inovou sexu\u00e1ln\u00ed orientac\u00ed z\u0159ejm\u011b neprojde. Mezi pozm\u011b\u0148ovac\u00edmi n\u00e1vrhy je i mo\u017enost, \u017ee by p\u00e1ry uzav\u00edraly partnerstv\u00ed se v\u0161emi pr\u00e1vy man\u017eel\u016f, \u0159\u00edk\u00e1 poslankyn\u011b stan Michaela \u0160ebelov\u00e1.<br \/>&#8212;&#8212;&#8212;&#8212;&#8212;&#8212;&#8211;<br \/>V\u00edme bohu\u017eel nyn\u00ed, \u017ee man\u017eelstv\u00ed jako takov\u00e9 pro v\u0161echny p\u00e1ry nem\u00e1 aktu\u00e1ln\u011b \u0161anci sn\u011bmovnou proj\u00edt. Z toho d\u016fvodu bychom si dok\u00e1zali, by\u0165 to po\u0159\u00e1d bude diskriminace a nen\u00ed to \u00fapln\u011b ide\u00e1ln\u00ed, si umyme p\u0159edstavit, podpo\u0159it tento pozm\u011b\u0148ovac\u00ed n\u00e1vrh, ale chci tak\u00e9 dodat, \u017ee to je jedin\u00fd mo\u017en\u00fd \u00fastupek. Nechceme p\u0159istupovat na \u017e\u00e1dn\u00e9 kr\u00e1cen\u00ed pr\u00e1v a v\u016fbec ne na kkr\u00e1cen rodi\u010dovsk\u00fdch pr\u00e1v.<\/p>\n\n\n\n<p>moder\u00e1tor<br \/>&#8212;&#8212;&#8212;&#8212;&#8212;&#8212;&#8211;<br \/>Proti man\u017eelstv\u00ed. Po p\u00e1ry stejn\u00e9ho pohlav\u00ed jsou hlavn\u011b lidovci a SPD, ODS a hnut\u00ed ANO jsou rozd\u011blen\u00e9, pro \u00fapln\u00e9 narovn\u00e1n\u00ed pr\u00e1v jsou zbyl\u00e9 koali\u010dn\u00ed kluby, tedy starostov\u00e9, TOP 09 a Pir\u00e1ti.<\/p>\n\n\n\n<p><br \/>A r\u00fdsuje se i kompromisn\u00ed n\u00e1vrh, podle kter\u00e9ho by stejnopohlavn\u00ed p\u00e1ry nevstupovaly do man\u017eelstv\u00ed, ale do partnerstv\u00ed, ov\u0161em se stejn\u00fdmi pr\u00e1vy a povinnostmi, jako maj\u00ed man\u017eel\u00e9.<br \/><br \/>Man\u017eelstv\u00ed pro v\u0161echny mo\u017en\u00e1 nakonec nebude man\u017eelstv\u00edm. Takov\u00fd kompromis se r\u00fdsuje v rozd\u011blen\u00e9 Poslaneck\u00e9 sn\u011bmovn\u011b.<br \/><br \/>Olga Richterov\u00e1, m\u00edstop\u0159edsedkyn\u011b Poslaneck\u00e9 sn\u011bmovny \/Pir\u00e1ti\/<br \/>&#8212;&#8212;&#8212;&#8212;&#8212;&#8212;&#8211;<br \/>Jako jak\u00fdsi mezikrok, jako jak\u00fdsi prvn\u00ed krok k tomu plnohodnotn\u00e9mu man\u017eelstv\u00ed m\u016f\u017ee b\u00fdt \u00faprava s n\u00e1zvem partnerstv\u00ed, ale \u0161\u0165astn\u00ed z toho opravdu nejsme.<br \/><br \/>Mark\u00e9ta Pekarov\u00e1 Adamov\u00e1, p\u0159edsedkyn\u011b Poslaneck\u00e9 sn\u011bmovny, p\u0159edsedkyn\u011b strany \/TOP 09\/<br \/>&#8212;&#8212;&#8212;&#8212;&#8212;&#8212;&#8211;<br \/>Byli bychom nejrad\u011bji, kdyby pro\u0161el z\u00e1kon tak, jak jsme jej p\u0159edlo\u017eili, to znamen\u00e1 i vedle srovn\u00e1n\u00ed t\u011bch pr\u00e1v, abychom svazku stejnopohlavn\u00edch p\u00e1r\u016f tak\u00e9 \u0159\u00edkali man\u017eelstv\u00ed.<br \/><br \/>Marian Jure\u010dka,\u00a0<strong>ministr<\/strong>\u00a0<strong>pr\u00e1ce<\/strong>\u00a0a soci\u00e1ln\u00edch v\u011bc\u00ed, p\u0159edseda strany \/KDU-\u010cSL\/<br \/>&#8212;&#8212;&#8212;&#8212;&#8212;&#8212;&#8211;<br \/>My \u0159\u00edk\u00e1me man\u017eelstv\u00ed pro v\u0161echny nikoliv, man\u017eelstv\u00ed jako svazek mu\u017ee a \u017eeny a \/nesrozumiteln\u00e9\/ zaregistrovan\u00fdch partner\u016f poj\u010fme upravit.<br \/><br \/>Zbyn\u011bk Zykmund, redaktor<br \/>&#8212;&#8212;&#8212;&#8212;&#8212;&#8212;&#8211;<br \/>Pozm\u011b\u0148ovac\u00ed n\u00e1vrhy, kter\u00e9 dnes poslanci v r\u00e1mci druh\u00e9ho \u010dten\u00ed p\u0159edlo\u017eili, se li\u0161\u00ed pr\u00e1vy, kter\u00e9 by stejnopohlavn\u00ed p\u00e1ry dostaly. Jako jsou t\u0159eba pr\u00e1va k d\u011btem. Hlasit\u00fdmi odp\u016frci man\u017eelstv\u00ed pro v\u0161echny tady ve Sn\u011bmovn\u011b jsou lidovci a tak\u00e9 poslanci SPD. Naopak pro n\u00e1vrh cht\u011bj\u00ed hlasovat z\u00e1konod\u00e1rci Pir\u00e1t\u016f a tak\u00e9 Starost\u016f a nez\u00e1visl\u00fdch. Ostatn\u00ed strany jsou v\u00edce \u010di m\u00e9n\u011b rozpolcen\u00e9.<br \/><br \/>Kl\u00e1ra Dost\u00e1lov\u00e1, m\u00edstop\u0159edsedkyn\u011b Poslaneck\u00e9 sn\u011bmovny \/nestr. za ANO\/<br \/>&#8212;&#8212;&#8212;&#8212;&#8212;&#8212;&#8211;<br \/>Ka\u017ed\u00fd samoz\u0159ejm\u011b hlasuje s\u00e1m za sebe, proto\u017ee to je velmi slo\u017eit\u00e9 t\u00e9ma a ka\u017ed\u00fd na to nahl\u00ed\u017e\u00ed tro\u0161i\u010dku jinak.<br \/><br \/>Michaela \u0160ebelov\u00e1, m\u00edstop\u0159edsedkyn\u011b hnut\u00ed \/STAN\/<br \/>&#8212;&#8212;&#8212;&#8212;&#8212;&#8212;&#8211;<br \/>Mysl\u00edme si, \u017ee se man\u017eelstv\u00ed m\u016f\u017ee jmenovat i svazek mu\u017ee a mu\u017ee nebo \u017eeny a \u017eeny, proto\u017ee \u017eijeme ve 21. stolet\u00ed a nechceme d\u011blit lidi na r\u016fzn\u00e9 kategorie.<br \/>redaktor<br \/>&#8212;&#8212;&#8212;&#8212;&#8212;&#8212;&#8211;<br \/>Kdy by mohlo doj\u00edt na z\u00e1v\u011bre\u010dn\u00e9 hlasov\u00e1n\u00ed, zat\u00edm nen\u00ed jasn\u00e9. <\/p>\n\n\n\n<p><\/p>\n\n\n\n<p>Man\u017eelstv\u00ed pro p\u00e1ry stejn\u00e9ho pohlav\u00ed je ve Sn\u011bmovn\u011b p\u0159ed z\u00e1v\u011bre\u010dn\u00fdm schvalov\u00e1n\u00edm. Narovn\u00e1n\u00ed v\u0161ech pr\u00e1v men\u0161in ale z\u0159ejm\u011b nakonec doln\u00ed komora neschv\u00e1l\u00ed.<br \/><br \/>Olga Richterov\u00e1, m\u00edstop\u0159edsedkyn\u011b sn\u011bmovny \/Pir\u00e1ti\/<br \/>&#8212;&#8212;&#8212;&#8212;&#8212;&#8212;&#8211;<br \/>Letos je to 10 let, co se ob\u011bsil Filip Havl\u00ed\u010dek. Filipovi bylo necel\u00fdch 15. A pro\u010d se zabil? Kv\u016fli nen\u00e1visti.<br \/><br \/>redaktor<br \/>&#8212;&#8212;&#8212;&#8212;&#8212;&#8212;&#8211;<br \/>Poslankyn\u011b Pir\u00e1t\u016f Olga Richterov\u00e1 v \u00favodu jedn\u00e1n\u00ed p\u0159ipomn\u011bla p\u0159\u00edb\u011bh, kter\u00fd podle n\u00ed ukazuje na nebezpe\u010d\u00ed nen\u00e1vistn\u00fdch v\u00fdrok\u016f na adresu men\u0161in. Mo\u017enost uzav\u0159\u00edt man\u017eelstv\u00ed by podle n\u00ed jejich postaven\u00ed pomohlo. Shoda na tom ale nen\u00ed.<br \/><br \/>Marian Jure\u010dka,&nbsp;<strong>ministr<\/strong>&nbsp;<strong>pr\u00e1ce<\/strong>&nbsp;a soci\u00e1ln\u00edch v\u011bc\u00ed \/KDU-\u010cSL\/<br \/>&#8212;&#8212;&#8212;&#8212;&#8212;&#8212;&#8211;<br \/>Pro dob\u0159e funguj\u00edc\u00ed spole\u010dnost je d\u016fle\u017eitou prioritou funguj\u00edc\u00ed rodina, kter\u00e1 je op\u0159en\u00e1 o man\u017eelstv\u00ed, kter\u00e9 je svazkem mu\u017ee a \u017eeny.<br \/><br \/>redaktor<br \/>&#8212;&#8212;&#8212;&#8212;&#8212;&#8212;&#8211;<br \/>\u0158\u00edk\u00e1 p\u0159edseda Martin KDU-\u010cSL Marian Jure\u010dka. T\u0159eba pr\u00e1v\u011b lidovci cht\u011bj\u00ed zabr\u00e1nit tomu, aby se svazku \u0159\u00edkalo man\u017eelstv\u00ed, a odm\u00edtaj\u00ed i spole\u010dn\u00e9 adopce pro p\u00e1ry stejn\u00e9ho pohlav\u00ed. \u010c\u00e1st p\u0159edkladatel\u016f novely je ochotn\u00e1 slevit jen z n\u00e1zvu. Jestli tedy v\u016fbec n\u011bkter\u00fd z n\u00e1vrh\u016f Sn\u011bmovnou projde, zat\u00edm nen\u00ed jasn\u00e9. <\/p>\n","protected":false},"excerpt":{"rendered":"<div class=\"mh-excerpt\"><p>Prima, Radio\u017eurn\u00e1l, \u010cRo Poslanci poslali do z\u00e1v\u011bre\u010dn\u00e9ho \u010dten\u00ed man\u017eelstv\u00ed pro p\u00e1ry stejn\u00e9ho pohlav\u00ed p\u016fvodn\u00ed n\u00e1vrh na \u00fapln\u00e9 zrovnopr\u00e1vn\u011bn\u00ed lid\u00ed s men\u0161inovou sexu\u00e1ln\u00ed orientac\u00ed z\u0159ejm\u011b neprojde. <a class=\"mh-excerpt-more\" href=\"https:\/\/www.invarena.cz\/?p=45830\" title=\"Boj o man\u017eelstv\u00ed pro v\u0161echny\u00a0\u00a0\">[&#8230;]<\/a><\/p>\n<\/div>","protected":false},"author":1,"featured_media":915,"comment_status":"open","ping_status":"closed","sticky":false,"template":"","format":"standard","meta":{"footnotes":""},"categories":[6],"tags":[],"class_list":["post-45830","post","type-post","status-publish","format-standard","has-post-thumbnail","hentry","category-politika"],"_links":{"self":[{"href":"https:\/\/www.invarena.cz\/index.php?rest_route=\/wp\/v2\/posts\/45830","targetHints":{"allow":["GET"]}}],"collection":[{"href":"https:\/\/www.invarena.cz\/index.php?rest_route=\/wp\/v2\/posts"}],"about":[{"href":"https:\/\/www.invarena.cz\/index.php?rest_route=\/wp\/v2\/types\/post"}],"author":[{"embeddable":true,"href":"https:\/\/www.invarena.cz\/index.php?rest_route=\/wp\/v2\/users\/1"}],"replies":[{"embeddable":true,"href":"https:\/\/www.invarena.cz\/index.php?rest_route=%2Fwp%2Fv2%2Fcomments&post=45830"}],"version-history":[{"count":0,"href":"https:\/\/www.invarena.cz\/index.php?rest_route=\/wp\/v2\/posts\/45830\/revisions"}],"wp:featuredmedia":[{"embeddable":true,"href":"https:\/\/www.invarena.cz\/index.php?rest_route=\/wp\/v2\/media\/915"}],"wp:attachment":[{"href":"https:\/\/www.invarena.cz\/index.php?rest_route=%2Fwp%2Fv2%2Fmedia&parent=45830"}],"wp:term":[{"taxonomy":"category","embeddable":true,"href":"https:\/\/www.invarena.cz\/index.php?rest_route=%2Fwp%2Fv2%2Fcategories&post=45830"},{"taxonomy":"post_tag","embeddable":true,"href":"https:\/\/www.invarena.cz\/index.php?rest_route=%2Fwp%2Fv2%2Ftags&post=45830"}],"curies":[{"name":"wp","href":"https:\/\/api.w.org\/{rel}","templated":true}]}}