{"id":45852,"date":"2024-02-09T05:47:03","date_gmt":"2024-02-09T04:47:03","guid":{"rendered":"https:\/\/www.invarena.cz\/?p=45852"},"modified":"2024-02-09T05:47:07","modified_gmt":"2024-02-09T04:47:07","slug":"materska-skola-vychovava-vodiciho-psa","status":"publish","type":"post","link":"https:\/\/www.invarena.cz\/?p=45852","title":{"rendered":"Mate\u0159sk\u00e1 \u0161kola vychov\u00e1v\u00e1 vod\u00edc\u00edho psa\u00a0\u00a0"},"content":{"rendered":"\n<p>\u010cT 1\u00a0&#8211; Ud\u00e1losti <\/p>\n\n\n\n<p>V\u016fbec poprv\u00e9 cvi\u010d\u00ed nada\u010dn\u00ed fond Matylda vod\u00edc\u00edho psa p\u0159\u00edmo s d\u011btmi ve \u0161kolce. \u0160t\u011bn\u011bti labradora jsou t\u0159i m\u011bs\u00edce a s d\u011btmi v pra\u017esk\u00e9m mate\u0159sk\u00e9 \u0161kole na D\u011bkance bude jeden rok.<br \/><br \/>Jmenuje se Nutella a do \u0161kolky za\u010dala chodit u\u017e v \u0161esti t\u00fddnech. Stejn\u011b jako d\u011bti se tady u\u010d\u00ed, jak se spr\u00e1vn\u011b chovat a zvyk\u00e1 si i na ru\u0161n\u00e9 prost\u0159ed\u00ed. Za rok nastoup\u00ed na dr\u00e1hu vod\u00edc\u00edho psa. A tak mus\u00ed b\u00fdt zvykl\u00e1 na rozruch a rozmanit\u00e9 podn\u011bty, kter\u00e9 ji m\u016f\u017eou ve m\u011bst\u011b potkat.<br \/><br \/>osoba<br \/>&#8212;&#8212;&#8212;&#8212;&#8212;&#8212;&#8211;<br \/>Je fakt state\u010dn\u00e1 a je fakt hrozn\u011b skv\u011bl\u00e1. Hodn\u011b se u\u010d\u00ed v\u011bc\u00ed.<br \/><br \/>osoba<br \/>&#8212;&#8212;&#8212;&#8212;&#8212;&#8212;&#8211;<br \/>Je bl\u00e1zniv\u00e1. Na zahrad\u011b n\u00e1m tam d\u011bl\u00e1 odpadkovej ko\u0161.<br \/><br \/>osoba<br \/>&#8212;&#8212;&#8212;&#8212;&#8212;&#8212;&#8211;<br \/>Prost\u011b je to je\u0161t\u011b \u0161t\u011b\u0148\u00e1tko, ale a\u017e vyroste, tak bude vod\u00edc\u00ed pes.<br \/><br \/>redaktorka<br \/>&#8212;&#8212;&#8212;&#8212;&#8212;&#8212;&#8211;<br \/>A proto mus\u00ed d\u011bti dodr\u017eovat hned n\u011bkolik pravidel, a to i ne\u010dekan\u00fdch. T\u0159eba na ni nesm\u011bj\u00ed volat jm\u00e9nem.<br \/><br \/>Kl\u00e1ra Biemannov\u00e1, u\u010ditelka, M\u0160 na D\u011bkance<br \/>&#8212;&#8212;&#8212;&#8212;&#8212;&#8212;&#8211;<br \/>Ze za\u010d\u00e1tku v\u0161echny d\u011bti byly rozhodl\u00fd, \u017ee j\u00ed budou h\u00e1zet balonky. Tak\u017ee to t\u0159eba byla jedna z v\u011bc\u00ed, co jsme jim hnedka museli vysv\u011btlit, \u017ee to bohu\u017eel pejsek pro\u00a0<strong>nevidom\u00fd<\/strong>\u00a0nem\u016f\u017ee. Co t\u0159eba m\u00e1me je\u0161t\u011b za pravidla s Nuttelkou?<br \/><br \/>osoba<br \/>&#8212;&#8212;&#8212;&#8212;&#8212;&#8212;&#8211;<br \/>Nesm\u00edme hladit, kdy\u017e n\u00e1m to pan\u00ed u\u010ditelka nedovol\u00ed.<br \/><br \/>osoba<br \/>&#8212;&#8212;&#8212;&#8212;&#8212;&#8212;&#8211;<br \/>Nesm\u00edme ji nic d\u00e1vat.<br \/><br \/>redaktorka<br \/>&#8212;&#8212;&#8212;&#8212;&#8212;&#8212;&#8211;<br \/>Kv\u016fli nestandardn\u00edmu \u010dlenovi kolektivu musela \u0161kola po\u017e\u00e1dat o souhlas, hygienu a z\u0159izovatele.<br \/><br \/>Monika Biemannov\u00e1, \u0159editelka, M\u0160 Na D\u011bkance<br \/>&#8212;&#8212;&#8212;&#8212;&#8212;&#8212;&#8211;<br \/>Vlastn\u011b nejd\u016fle\u017eit\u011bj\u0161\u00ed byli rodi\u010de, proto\u017ee jsme s nimi museli probrat p\u0159\u00edpadn\u00e9 alergie d\u011bt\u00ed na zv\u00ed\u0159ec\u00ed srst.<br \/><br \/>Hana Jasenovcov\u00e1, vedouc\u00ed v\u00fdcviku vod\u00edc\u00edch ps\u016f, Nada\u010dn\u00ed fond Mathilda<br \/>&#8212;&#8212;&#8212;&#8212;&#8212;&#8212;&#8211;<br \/>Ve 13, ve 14 m\u011bs\u00edc\u00edch p\u0159ech\u00e1z\u00ed \u0161t\u011bn\u011b do v\u00fdcviku. V tomhle v\u011bku se d\u011blaj\u00ed r\u016fzn\u00e1 zdravotn\u00ed vy\u0161et\u0159en\u00ed i povahov\u00e9 testy. A kdy\u017e ten pejsek t\u00edm v\u0161\u00edm projde, tak nastoup\u00ed d\u00e1le do tr\u00e9ninku.<br \/><br \/>redaktorka<br \/>&#8212;&#8212;&#8212;&#8212;&#8212;&#8212;&#8211;<br \/>A d\u011bti si te\u010f u\u017e\u00edv\u00e1 i Nutellin sourozenec. Ujala se ho toti\u017e d\u011btsk\u00e1 l\u00e9ka\u0159ka. Mal\u00fdm pacient\u016fm tak zp\u0159\u00edjem\u0148uje n\u00e1v\u0161t\u011bvu ordinace. <\/p>\n\n\n\n<p>\u010cesk\u00e1 televize.<\/p>\n\n\n\n<p><\/p>\n","protected":false},"excerpt":{"rendered":"<div class=\"mh-excerpt\"><p>\u010cT 1\u00a0&#8211; Ud\u00e1losti V\u016fbec poprv\u00e9 cvi\u010d\u00ed nada\u010dn\u00ed fond Matylda vod\u00edc\u00edho psa p\u0159\u00edmo s d\u011btmi ve \u0161kolce. \u0160t\u011bn\u011bti labradora jsou t\u0159i m\u011bs\u00edce a s d\u011btmi v <a class=\"mh-excerpt-more\" href=\"https:\/\/www.invarena.cz\/?p=45852\" title=\"Mate\u0159sk\u00e1 \u0161kola vychov\u00e1v\u00e1 vod\u00edc\u00edho psa\u00a0\u00a0\">[&#8230;]<\/a><\/p>\n<\/div>","protected":false},"author":1,"featured_media":17530,"comment_status":"open","ping_status":"closed","sticky":false,"template":"","format":"standard","meta":{"footnotes":""},"categories":[9],"tags":[],"class_list":["post-45852","post","type-post","status-publish","format-standard","has-post-thumbnail","hentry","category-zpravy"],"_links":{"self":[{"href":"https:\/\/www.invarena.cz\/index.php?rest_route=\/wp\/v2\/posts\/45852","targetHints":{"allow":["GET"]}}],"collection":[{"href":"https:\/\/www.invarena.cz\/index.php?rest_route=\/wp\/v2\/posts"}],"about":[{"href":"https:\/\/www.invarena.cz\/index.php?rest_route=\/wp\/v2\/types\/post"}],"author":[{"embeddable":true,"href":"https:\/\/www.invarena.cz\/index.php?rest_route=\/wp\/v2\/users\/1"}],"replies":[{"embeddable":true,"href":"https:\/\/www.invarena.cz\/index.php?rest_route=%2Fwp%2Fv2%2Fcomments&post=45852"}],"version-history":[{"count":0,"href":"https:\/\/www.invarena.cz\/index.php?rest_route=\/wp\/v2\/posts\/45852\/revisions"}],"wp:featuredmedia":[{"embeddable":true,"href":"https:\/\/www.invarena.cz\/index.php?rest_route=\/wp\/v2\/media\/17530"}],"wp:attachment":[{"href":"https:\/\/www.invarena.cz\/index.php?rest_route=%2Fwp%2Fv2%2Fmedia&parent=45852"}],"wp:term":[{"taxonomy":"category","embeddable":true,"href":"https:\/\/www.invarena.cz\/index.php?rest_route=%2Fwp%2Fv2%2Fcategories&post=45852"},{"taxonomy":"post_tag","embeddable":true,"href":"https:\/\/www.invarena.cz\/index.php?rest_route=%2Fwp%2Fv2%2Ftags&post=45852"}],"curies":[{"name":"wp","href":"https:\/\/api.w.org\/{rel}","templated":true}]}}