{"id":45906,"date":"2024-02-09T23:18:45","date_gmt":"2024-02-09T22:18:45","guid":{"rendered":"https:\/\/www.invarena.cz\/?p=45906"},"modified":"2024-02-09T23:18:46","modified_gmt":"2024-02-09T22:18:46","slug":"zmeny-u-prispevku-na-peci-vyrazne-se-zvysi-na-nektere-se-ale-nedostane","status":"publish","type":"post","link":"https:\/\/www.invarena.cz\/?p=45906","title":{"rendered":"Zm\u011bny u p\u0159\u00edsp\u011bvku na p\u00e9\u010di: V\u00fdrazn\u011b se zv\u00fd\u0161\u00ed, na n\u011bkter\u00e9 se ale nedostane"},"content":{"rendered":"\n<p>Z\u00e1stupci ministerstvo pr\u00e1ce a soci\u00e1ln\u00edch v\u011bc\u00ed p\u0159edstavili n\u00e1vrh zm\u011bny \u010d\u00e1stek vypl\u00e1cen\u00fdch jako p\u0159\u00edsp\u011bvek na p\u00e9\u010di. Lidem, kte\u0159\u00ed pot\u0159ebuj\u00ed nejvy\u0161\u0161\u00ed p\u00e9\u010di, jej od \u010dervence zv\u00fd\u0161\u00ed t\u00e9m\u011b\u0159 o 40 procent. V nejni\u017e\u0161\u00edm stupni ale budou senio\u0159i a posti\u017een\u00ed \u010dekat na zv\u00fd\u0161en\u00ed pomoci marn\u011b. Den\u00edk p\u0159in\u00e1\u0161\u00ed odpov\u011bdi na nejd\u016fle\u017eit\u011bj\u0161\u00ed souvisej\u00edc\u00ed ot\u00e1zky.<\/p>\n\n\n\n<p>Jak se v\u00fd\u0161e p\u0159\u00edsp\u011bvku nov\u011b zm\u011bn\u00ed?<\/p>\n\n\n\n<p>Velmi odli\u0161n\u011b podle toho, v jak\u00e9m stupni se jeho p\u0159\u00edjemce nach\u00e1z\u00ed. Pokud pob\u00edr\u00e1 jen nejni\u017e\u0161\u00ed p\u0159\u00edsp\u011bvek 880 korun v prvn\u00edm stupni, potom s \u017e\u00e1dnou vy\u0161\u0161\u00ed pomoc\u00ed od st\u00e1tu po\u010d\u00edtat nem\u016f\u017ee. Tento p\u0159\u00edsp\u011bvek se nezv\u00fd\u0161\u00ed v\u016fbec, ministerstvo se zvy\u0161ov\u00e1n\u00edm \u010d\u00e1stky za\u010d\u00edn\u00e1 a\u017e od druh\u00e9ho stupn\u011b. Nejv\u00edce si naopak pomohou lid\u00e9, kte\u0159\u00ed maj\u00ed n\u00e1rok na \u010dtvrt\u00fd, nejvy\u0161\u0161\u00ed stupe\u0148 p\u0159\u00edsp\u011bvku a \u017eij\u00ed doma, tedy mimo \u00fastavy soci\u00e1ln\u00edch slu\u017eeb. T\u011bm p\u0159\u00edsp\u011bvek vzroste o 7800 korun na 27 000 korun.<\/p>\n\n\n\n<p>Pro\u010d \u00fa\u0159edn\u00edci v\u00fdrazn\u011b pomohou jenom n\u011bkter\u00fdm lidem, kte\u0159\u00ed pot\u0159ebuj\u00ed p\u00e9\u010di?<\/p>\n\n\n\n<p>Podle ministra pr\u00e1ce a soci\u00e1ln\u00edch v\u011bc\u00ed Mariana Jure\u010dky (KDU-\u010cSL) zm\u011bna c\u00edl\u00ed zejm\u00e9na na lidi, kte\u0159\u00ed pot\u0159ebuj\u00ed v\u011bt\u0161\u00ed podporu kv\u016fli velk\u00e9mu omezen\u00ed jejich schopnost\u00ed. \u201eJsme si v\u011bdomi velk\u00e9ho v\u00fdznamu t\u00e9to formy pomoci, a proto je\u0161t\u011b v\u00edce pen\u011bz dostanou lid\u00e9 s \u00faplnou z\u00e1vislost\u00ed, kte\u0159\u00ed nevyu\u017e\u00edvaj\u00ed pobytov\u00e9 slu\u017eby. Umo\u017en\u00ed jim to tak lep\u0161\u00ed p\u00e9\u010di v jejich dom\u00e1c\u00edm prost\u0159ed\u00ed,\u201c prohl\u00e1sil Jure\u010dka. P\u0159ipomn\u011bl, \u017ee pokud by tito lid\u00e9 byli v \u00fastavech, byla by p\u00e9\u010de o n\u011b pro st\u00e1t mnohem n\u00e1kladn\u011bj\u0161\u00ed.<\/p>\n\n\n\n<p>Co bude zm\u011bna znamenat pro st\u00e1t?<\/p>\n\n\n\n<p>Loni st\u00e1t na p\u0159\u00edsp\u011bvc\u00edch na p\u00e9\u010di vyplatil v\u00edce ne\u017e 360 tis\u00edc\u016fm p\u0159\u00edjemc\u016f p\u0159es 37 miliard korun. Zm\u011bna vypl\u00e1cen\u00fdch \u010d\u00e1stek bude podle Jure\u010dky ro\u010dn\u011b st\u00e1t dal\u0161\u00edch 7,05 miliardy korun.<\/p>\n\n\n\n<p>Od kdy mohou p\u0159\u00edjemci p\u0159\u00edsp\u011bvku jeho zv\u00fd\u0161en\u00ed o\u010dek\u00e1vat?<\/p>\n\n\n\n<p>V\u00edce pen\u011bz by se m\u011blo vypl\u00e1cet od 1. \u010dervence leto\u0161n\u00edho roku. Zm\u011bna bude sou\u010d\u00e1st\u00ed novely z\u00e1kona o soci\u00e1ln\u00edch slu\u017eb\u00e1ch, kterou se maj\u00ed brzy zab\u00fdvat poslanci. \u201eO zv\u00fd\u0161en\u00ed p\u0159\u00edsp\u011bvku na p\u00e9\u010di jsme v posledn\u00edch m\u011bs\u00edc\u00edch velmi intenzivn\u011b debatovali s odborn\u00edky a hledali tak\u00e9 shodu na koali\u010dn\u00ed \u00farovni. Je skv\u011blou zpr\u00e1vou, \u017ee se n\u00e1m poda\u0159ilo naj\u00edt cestu, jak ho velmi v\u00fdrazn\u011b zv\u00fd\u0161it t\u00e9m\u011b\u0159 ve v\u0161ech stupn\u00edch, a to od \u010dervence, jak jsem ji\u017e d\u0159\u00edve sl\u00edbil,\u201c pochvaluje si Jure\u010dka.<\/p>\n\n\n\n<p>Jak se na tuto zm\u011bnu d\u00edvaj\u00ed z\u00e1stupci lid\u00ed, kte\u0159\u00ed tento p\u0159\u00edsp\u011bvek dost\u00e1vaj\u00ed?<\/p>\n\n\n\n<p>Jejich n\u00e1zory se li\u0161\u00ed. Podle n\u011bkter\u00fdch jde o krok spr\u00e1vn\u00fdm sm\u011brem. \u201eJe ale t\u0159eba m\u00edt st\u00e1le na pam\u011bti, \u017ee mezi n\u00e1mi \u017eij\u00ed tis\u00edce lid\u00ed, kte\u0159\u00ed i nad\u00e1le budou pot\u0159ebovat v\u00edce pomoci druh\u00fdch, ne\u017e kolik si budou moci z p\u0159\u00edsp\u011bvku na p\u00e9\u010di dovolit,\u201c uvedl z\u00e1stupce \u0159editele obecn\u011b prosp\u011b\u0161n\u00e9 spole\u010dnosti Asistence \u0160t\u011bp\u00e1n Lohr.<\/p>\n\n\n\n<p>Komu se pl\u00e1novan\u00e1 zm\u011bna nel\u00edb\u00ed?<\/p>\n\n\n\n<p>P\u0159edseda N\u00e1rodn\u00ed rady osob se zdravotn\u00edm posti\u017een\u00edm V\u00e1clav Kr\u00e1sa se naopak netaj\u00ed t\u00edm, \u017ee podle n\u011bj jde o \u0161patn\u00e9 \u0159e\u0161en\u00ed. Vad\u00ed mu zejm\u00e9na to, \u017ee v nejni\u017e\u0161\u00edm stupni se p\u0159\u00edsp\u011bvek nebude v\u016fbec zvy\u0161ovat. \u201eTato \u010d\u00e1stka plat\u00ed u\u017e od roku 2016 a nesta\u010d\u00ed to ani na hodinu p\u00e9\u010de ve v\u0161edn\u00ed dny,\u201c uvedl Kr\u00e1sa.<\/p>\n\n\n\n<p>Kup\u0159\u00edkladu star\u0161\u00ed lid\u00e9, kte\u0159\u00ed si sami nedok\u00e1\u017eou uva\u0159it nebo za\u0159\u00eddit z\u00e1kladn\u00ed \u00faklid dom\u00e1cnosti, za tyto pen\u00edze nepo\u0159\u00edd\u00ed ani dovoz ob\u011bd\u016f. \u201eJe to prost\u011b nep\u0159ijateln\u00e9,\u201c netajil se rozho\u0159\u010den\u00edm Kr\u00e1sa.<\/p>\n\n\n\n<p>Nerozum\u00ed ani zpo\u017ed\u011bn\u00ed, pro\u010d se pen\u00edze budou vypl\u00e1cet a\u017e od \u010dervence. \u201eOpozice je\u0161t\u011b v prosinci lo\u0148sk\u00e9ho roku p\u0159edlo\u017eila do zrychlen\u00e9ho \u010dten\u00ed n\u00e1\u0161 n\u00e1vrh, kde jsme vyv\u00e1\u017een\u011b navrhovali nav\u00fd\u0161en\u00ed jednotliv\u00fdch stup\u0148\u016f p\u0159\u00edsp\u011bvku na p\u00e9\u010di, aby z\u00e1kon mohl b\u00fdt projedn\u00e1n tak, aby platil od 1. ledna,\u201c dodal.<\/p>\n\n\n\n<p>Ji\u0159\u00ed Janda<\/p>\n\n\n\n<p>Den\u00edk.cz<\/p>\n\n\n\n<p><a href=\"https:\/\/www.denik.cz\/\" target=\"_blank\" rel=\"noreferrer noopener\">https:\/\/www.denik.cz\/<\/a><\/p>\n","protected":false},"excerpt":{"rendered":"<div class=\"mh-excerpt\"><p>Z\u00e1stupci ministerstvo pr\u00e1ce a soci\u00e1ln\u00edch v\u011bc\u00ed p\u0159edstavili n\u00e1vrh zm\u011bny \u010d\u00e1stek vypl\u00e1cen\u00fdch jako p\u0159\u00edsp\u011bvek na p\u00e9\u010di. Lidem, kte\u0159\u00ed pot\u0159ebuj\u00ed nejvy\u0161\u0161\u00ed p\u00e9\u010di, jej od \u010dervence zv\u00fd\u0161\u00ed t\u00e9m\u011b\u0159 <a class=\"mh-excerpt-more\" href=\"https:\/\/www.invarena.cz\/?p=45906\" title=\"Zm\u011bny u p\u0159\u00edsp\u011bvku na p\u00e9\u010di: V\u00fdrazn\u011b se zv\u00fd\u0161\u00ed, na n\u011bkter\u00e9 se ale nedostane\">[&#8230;]<\/a><\/p>\n<\/div>","protected":false},"author":1,"featured_media":14573,"comment_status":"open","ping_status":"closed","sticky":false,"template":"","format":"standard","meta":{"footnotes":""},"categories":[9],"tags":[],"class_list":["post-45906","post","type-post","status-publish","format-standard","has-post-thumbnail","hentry","category-zpravy"],"_links":{"self":[{"href":"https:\/\/www.invarena.cz\/index.php?rest_route=\/wp\/v2\/posts\/45906","targetHints":{"allow":["GET"]}}],"collection":[{"href":"https:\/\/www.invarena.cz\/index.php?rest_route=\/wp\/v2\/posts"}],"about":[{"href":"https:\/\/www.invarena.cz\/index.php?rest_route=\/wp\/v2\/types\/post"}],"author":[{"embeddable":true,"href":"https:\/\/www.invarena.cz\/index.php?rest_route=\/wp\/v2\/users\/1"}],"replies":[{"embeddable":true,"href":"https:\/\/www.invarena.cz\/index.php?rest_route=%2Fwp%2Fv2%2Fcomments&post=45906"}],"version-history":[{"count":1,"href":"https:\/\/www.invarena.cz\/index.php?rest_route=\/wp\/v2\/posts\/45906\/revisions"}],"predecessor-version":[{"id":45909,"href":"https:\/\/www.invarena.cz\/index.php?rest_route=\/wp\/v2\/posts\/45906\/revisions\/45909"}],"wp:featuredmedia":[{"embeddable":true,"href":"https:\/\/www.invarena.cz\/index.php?rest_route=\/wp\/v2\/media\/14573"}],"wp:attachment":[{"href":"https:\/\/www.invarena.cz\/index.php?rest_route=%2Fwp%2Fv2%2Fmedia&parent=45906"}],"wp:term":[{"taxonomy":"category","embeddable":true,"href":"https:\/\/www.invarena.cz\/index.php?rest_route=%2Fwp%2Fv2%2Fcategories&post=45906"},{"taxonomy":"post_tag","embeddable":true,"href":"https:\/\/www.invarena.cz\/index.php?rest_route=%2Fwp%2Fv2%2Ftags&post=45906"}],"curies":[{"name":"wp","href":"https:\/\/api.w.org\/{rel}","templated":true}]}}