{"id":45910,"date":"2024-02-11T07:04:12","date_gmt":"2024-02-11T06:04:12","guid":{"rendered":"https:\/\/www.invarena.cz\/?p=45910"},"modified":"2024-02-11T07:05:28","modified_gmt":"2024-02-11T06:05:28","slug":"chteli-byste-jet-do-slovinska-madarska-nebo-rakouska-vyplnte-dotaznik-pro-edf","status":"publish","type":"post","link":"https:\/\/www.invarena.cz\/?p=45910","title":{"rendered":"Cht\u011bli byste jet do Chorvatska, Ma\u010farska nebo Rakouska? Vypl\u0148te dotazn\u00edk pro EDF"},"content":{"rendered":"\n<p>V\u00e1\u017een\u00ed p\u0159\u00e1tel\u00e9,<\/p>\n\n\n\n<p>Evropsk\u00e9 f\u00f3rum zdravotn\u011b posti\u017een\u00fdch (EDF) se na n\u00e1s obr\u00e1tilo se \u017e\u00e1dost\u00ed o rozesl\u00e1n\u00ed dotazn\u00edku z oblasti cestovn\u00edho ruchu pro OZP:<\/p>\n\n\n\n<p><a href=\"https:\/\/forms.office.com\/pages\/responsepage.aspx?id=FqJghkZBLUatS2jjGt-2dhO2YvA7DihPrZZZoc5-_O9UM1JKWkk3RDg0NVpXWjAyN05IUkE0RkVaWCQlQCN0PWcu\">Dotazn\u00edk z oblasti cestovn\u00edho ruchu pro osoby se zdravotn\u00edm posti\u017een\u00edm (OZP) (office.com)<\/a><\/p>\n\n\n\n<p>\u00da\u010delem tohoto dotazn\u00edku je z\u00edskat informace o va\u0161ich zku\u0161enostech, preferenc\u00edch a pot\u0159eb\u00e1ch v\u202foblasti cestovn\u00edho ruchu. Informace z\u00edskan\u00e9 z\u202ftohoto dotazn\u00edku budou analyzov\u00e1ny v\u202fr\u00e1mci evropsk\u00e9ho projektu CE-Spaces4All (St\u0159edn\u00ed Evropa-m\u00edsta dostupn\u00e1 v\u0161em). Tento projekt m\u00e1 za c\u00edl zlep\u0161it pl\u00e1nov\u00e1n\u00ed a spr\u00e1vu dostupn\u00e9 turistiky ve venkovsk\u00fdch, p\u0159eshrani\u010dn\u00edch oblastech st\u0159edn\u00ed Evropy.<\/p>\n\n\n\n<p> Z\u00edskan\u00e9 informace budou m\u00edt vliv na v\u00fdvoj nov\u00fdch slu\u017eeb pro OZP v\u202foblasti cestovn\u00edho ruchu. Tento konkr\u00e9tn\u00ed projekt se t\u00fdk\u00e1 p\u0159eshrani\u010dn\u00edch oblast\u00ed v n\u00e1sleduj\u00edc\u00edch t\u0159ech pilotn\u00edch regionech: <\/p>\n\n\n\n<p>Slovinsko-Chorvatsko-Ma\u010farsko, Rakousko-\u010cesko a Polsko. <\/p>\n\n\n\n<p>V\u202f\u010cesk\u00e9 republice a Rakousku se konkr\u00e9tn\u011b jedn\u00e1 o m\u011bsta Znojmo a Retz a jejich okol\u00ed. Post\u0159ehy a doporu\u010den\u00ed jsou d\u016fle\u017eit\u00e1 pro podporu turismu dostupn\u00e9ho v\u0161em, tedy i lidem se zdravotn\u00edm posti\u017een\u00edm.<\/p>\n\n\n\n<p>V\u00e1\u017een\u00ed p\u0159\u00e1tel\u00e9, po vypln\u011bn\u00ed dotazn\u00edku jej rovnou kliknut\u00edm ode\u0161lete.<\/p>\n\n\n\n<p>P\u0159eji v\u00e1m v\u0161echno dobr\u00e9.<\/p>\n\n\n\n<p>S pozdravem<\/p>\n\n\n\n<p>Mgr. V\u00e1clav Kr\u00e1sa<br \/>p\u0159edseda NRZP \u010cR<\/p>\n","protected":false},"excerpt":{"rendered":"<div class=\"mh-excerpt\"><p>V\u00e1\u017een\u00ed p\u0159\u00e1tel\u00e9, Evropsk\u00e9 f\u00f3rum zdravotn\u011b posti\u017een\u00fdch (EDF) se na n\u00e1s obr\u00e1tilo se \u017e\u00e1dost\u00ed o rozesl\u00e1n\u00ed dotazn\u00edku z oblasti cestovn\u00edho ruchu pro OZP: Dotazn\u00edk z oblasti <a class=\"mh-excerpt-more\" href=\"https:\/\/www.invarena.cz\/?p=45910\" title=\"Cht\u011bli byste jet do Chorvatska, Ma\u010farska nebo Rakouska? Vypl\u0148te dotazn\u00edk pro EDF\">[&#8230;]<\/a><\/p>\n<\/div>","protected":false},"author":1,"featured_media":8626,"comment_status":"open","ping_status":"closed","sticky":false,"template":"","format":"standard","meta":{"footnotes":""},"categories":[17],"tags":[],"class_list":["post-45910","post","type-post","status-publish","format-standard","has-post-thumbnail","hentry","category-kultura"],"_links":{"self":[{"href":"https:\/\/www.invarena.cz\/index.php?rest_route=\/wp\/v2\/posts\/45910","targetHints":{"allow":["GET"]}}],"collection":[{"href":"https:\/\/www.invarena.cz\/index.php?rest_route=\/wp\/v2\/posts"}],"about":[{"href":"https:\/\/www.invarena.cz\/index.php?rest_route=\/wp\/v2\/types\/post"}],"author":[{"embeddable":true,"href":"https:\/\/www.invarena.cz\/index.php?rest_route=\/wp\/v2\/users\/1"}],"replies":[{"embeddable":true,"href":"https:\/\/www.invarena.cz\/index.php?rest_route=%2Fwp%2Fv2%2Fcomments&post=45910"}],"version-history":[{"count":0,"href":"https:\/\/www.invarena.cz\/index.php?rest_route=\/wp\/v2\/posts\/45910\/revisions"}],"wp:featuredmedia":[{"embeddable":true,"href":"https:\/\/www.invarena.cz\/index.php?rest_route=\/wp\/v2\/media\/8626"}],"wp:attachment":[{"href":"https:\/\/www.invarena.cz\/index.php?rest_route=%2Fwp%2Fv2%2Fmedia&parent=45910"}],"wp:term":[{"taxonomy":"category","embeddable":true,"href":"https:\/\/www.invarena.cz\/index.php?rest_route=%2Fwp%2Fv2%2Fcategories&post=45910"},{"taxonomy":"post_tag","embeddable":true,"href":"https:\/\/www.invarena.cz\/index.php?rest_route=%2Fwp%2Fv2%2Ftags&post=45910"}],"curies":[{"name":"wp","href":"https:\/\/api.w.org\/{rel}","templated":true}]}}