{"id":45997,"date":"2024-02-13T06:50:38","date_gmt":"2024-02-13T05:50:38","guid":{"rendered":"https:\/\/www.invarena.cz\/?p=45997"},"modified":"2024-02-13T06:50:44","modified_gmt":"2024-02-13T05:50:44","slug":"na-chripku-pri-soucasne-epidemii-zemrelo-40-osob-realne-to-ale-bude-vyrazne-vice","status":"publish","type":"post","link":"https:\/\/www.invarena.cz\/?p=45997","title":{"rendered":"Na ch\u0159ipku p\u0159i sou\u010dasn\u00e9 epidemii zem\u0159elo 40 osob. Re\u00e1ln\u011b to ale bude v\u00fdrazn\u011b v\u00edce\u00a0\u00a0"},"content":{"rendered":"\n<p>\u010cRo Plus<\/p>\n\n\n\n<p>Epidemie ch\u0159ipky se podle St\u00e1tn\u00edho zdravotn\u00edho \u00fastavu nach\u00e1z\u00ed pobl\u00ed\u017e sv\u00e9ho leto\u0161n\u00edho vrcholu, nejv\u00edc nemocn\u00fdch je st\u00e1le mezi d\u011btmi.<br \/>Minul\u00fd t\u00fdden p\u0159ipadalo na 100 000 lid\u00ed 1901 pacient\u016f, to je ov\u0161em pr\u016fm\u011br a v n\u011bkter\u00fdch regionech je stav hor\u0161\u00ed. Odborn\u00edci p\u0159edpokl\u00e1daj\u00ed, \u017ee v p\u0159\u00ed\u0161t\u00edch t\u00fddnech \u010d\u00edsla klesnou i vlivem jarn\u00edch pr\u00e1zdnin.<br \/><br \/>M\u00edsto odpo\u010dinku b\u011bhem jarn\u00edch pr\u00e1zdnin pedagog z brn\u011bnsk\u00e9 konzervato\u0159e bojuje s ch\u0159ipkou. Nejd\u0159\u00edve se l\u00e9\u010dil s\u00e1m doma, od konce minul\u00e9ho t\u00fddne se o n\u011bj ale u\u017e star\u00e1 person\u00e1l v nemocnici.<br \/><br \/>Lubom\u00edr BARTO\u0147, pacient Fakultn\u00ed nemocnice v Brn\u011b<br \/>&#8212;&#8212;&#8212;&#8212;&#8212;&#8212;&#8211;<br \/>V p\u00e1tek teda to u\u017e dostoupilo k takov\u00fdmu kolapsu a slo\u017eil jsem se doma. Man\u017eelka m\u011b nesta\u010dila sbalit ani nic.<br \/><br \/>redaktorka \u010cT<br \/>&#8212;&#8212;&#8212;&#8212;&#8212;&#8212;&#8211;<br \/>V nemocnici se te\u010f staraj\u00ed o 12 podobn\u00fdch pacient\u016f.<br \/><br \/>Petr HUSA, p\u0159ednosta Fakultn\u00ed nemocnice v Brn\u011b<br \/>&#8212;&#8212;&#8212;&#8212;&#8212;&#8212;&#8211;<br \/>Pacienti s ch\u0159ipkou maj\u00ed bu\u010fto \/nesrozumiteln\u00e9\/ z\u00e1n\u011bt plic, kter\u00fd je zp\u016fsobem p\u0159\u00edmo t\u011bm ch\u0159ipkov\u00fdm virem, anebo maj\u00ed druhotn\u00fd sekund\u00e1rn\u00ed z\u00e1n\u011bt plic zp\u016fsobenou bakteri\u00ed, kter\u00e1 nased\u00e1 na tu virovou infekci.<br \/><br \/>redaktor<br \/>&#8212;&#8212;&#8212;&#8212;&#8212;&#8212;&#8211;<br \/>Kv\u016fli rostouc\u00edmu po\u010dtu lid\u00ed naka\u017een\u00fdch ch\u0159ipkou brn\u011bnsk\u00e9 nemocnice postupn\u011b zakazuj\u00ed n\u00e1v\u0161t\u011bvy, krom\u011b t\u00e9 v Bohunic\u00edch u\u017e k tomu p\u0159istoupila t\u0159eba tak\u00e9 m\u011bstsk\u00e1 \u00farazov\u00e1 nemocnice.<br \/><br \/>Pr\u00e1v\u011b Jihomoravsk\u00fd kraj pat\u0159\u00ed ke t\u0159em nejv\u00edce posti\u017een\u00fdm. V\u00edce nemocn\u00fdch je u\u017e jen v Karlovarsk\u00e9m a Pardubick\u00e9m, naopak nejl\u00edp je na tom Praha. Podle ministerstva zdravotnictv\u00ed by po\u010det naka\u017een\u00fdch i d\u00edky jarn\u00edm pr\u00e1zdnin\u00e1m m\u011bl v dal\u0161\u00edch t\u00fddnech klesat.<br \/><br \/>Maty\u00e1\u0161 FO\u0160UM, \u0159editel odboru ochrany ve\u0159ejn\u00e9ho zdrav\u00ed, Ministerstvo zdravotnictv\u00ed<br \/>&#8212;&#8212;&#8212;&#8212;&#8212;&#8212;&#8211;<br \/>Ty hodnoty neindikuj\u00ed k tomu, abysme p\u0159istoupili v\u016fbec k t\u00e9 diskuzi o jak\u00fdchkoliv plo\u0161n\u00fdch opat\u0159en\u00edch.<br \/><br \/>redaktorka \u010cT<br \/>&#8212;&#8212;&#8212;&#8212;&#8212;&#8212;&#8211;<br \/>V\u00e1\u017en\u00fdch p\u0159\u00edpad\u016f, kter\u00e9 vy\u017eaduj\u00ed intenzivn\u00ed p\u00e9\u010di, k minul\u00e9mu p\u00e1tku je hl\u00e1\u0161eno celkem 212.<br \/><br \/>Jan KYN\u010cL, vedouc\u00ed Odd\u011blen\u00ed epidemiologie infek\u010dn\u00edch nemoc\u00ed, SZ\u00da Praha<br \/>&#8212;&#8212;&#8212;&#8212;&#8212;&#8212;&#8211;<br \/>40 osob zem\u0159elo. Podot\u00fdk\u00e1m, je to takzvan\u011b \u0161pi\u010dka ledovce, jsou to jenom aktivn\u011b hl\u00e1\u0161en\u00e1 \u010d\u00edsla, \u010dili realita je samoz\u0159ejm\u011b v\u00fdrazn\u011b v\u00edce.<br \/><br \/> redaktorka \u010cT<br \/>&#8212;&#8212;&#8212;&#8212;&#8212;&#8212;&#8211;<br \/>Pr\u00e1v\u011b p\u0159ed v\u00e1\u017en\u00fdm pr\u016fb\u011bhem ch\u0159ipky, ale i covidu chr\u00e1n\u00ed o\u010dkov\u00e1n\u00ed.<br \/><br \/>Ji\u0159\u00ed HANOUSEK, praktick\u00fd l\u00e9ka\u0159, Hradec Kr\u00e1lov\u00e9<br \/>&#8212;&#8212;&#8212;&#8212;&#8212;&#8212;&#8211;<br \/>Se typicky o\u010dkuje tak od \u0159\u00edjna do prosince, tak\u017ee v tuto chv\u00edli m\u00e1me vakc\u00edny na objedn\u00e1n\u00ed. M\u00e1me nao\u010dkovan\u00fdch okolo 260 pacient\u016f na ch\u0159ipku plus minus stejn\u011b je p\u0159eo\u010dkov\u00e1no na covid z celkov\u00fdch necel\u00fdch 1800 registrovan\u00fdch pacient\u016f.<br \/><br \/>redaktorka \u010cT<br \/>&#8212;&#8212;&#8212;&#8212;&#8212;&#8212;&#8211;<br \/>Ochrana po aplikaci vakc\u00edny nastoup\u00ed podle odborn\u00edk\u016f za 10\u201314 dn\u016f. Lubom\u00edr Barto\u0148 se o\u010dkovat nenechal a podle sv\u00fdch slov toho te\u010f lituje. <\/p>\n\n\n\n<p>\u010cesk\u00e1 televize.<\/p>\n\n\n\n<p><\/p>\n","protected":false},"excerpt":{"rendered":"<div class=\"mh-excerpt\"><p>\u010cRo Plus Epidemie ch\u0159ipky se podle St\u00e1tn\u00edho zdravotn\u00edho \u00fastavu nach\u00e1z\u00ed pobl\u00ed\u017e sv\u00e9ho leto\u0161n\u00edho vrcholu, nejv\u00edc nemocn\u00fdch je st\u00e1le mezi d\u011btmi.Minul\u00fd t\u00fdden p\u0159ipadalo na 100 000 <a class=\"mh-excerpt-more\" href=\"https:\/\/www.invarena.cz\/?p=45997\" title=\"Na ch\u0159ipku p\u0159i sou\u010dasn\u00e9 epidemii zem\u0159elo 40 osob. Re\u00e1ln\u011b to ale bude v\u00fdrazn\u011b v\u00edce\u00a0\u00a0\">[&#8230;]<\/a><\/p>\n<\/div>","protected":false},"author":1,"featured_media":14574,"comment_status":"open","ping_status":"closed","sticky":false,"template":"","format":"standard","meta":{"footnotes":""},"categories":[9],"tags":[],"class_list":["post-45997","post","type-post","status-publish","format-standard","has-post-thumbnail","hentry","category-zpravy"],"_links":{"self":[{"href":"https:\/\/www.invarena.cz\/index.php?rest_route=\/wp\/v2\/posts\/45997","targetHints":{"allow":["GET"]}}],"collection":[{"href":"https:\/\/www.invarena.cz\/index.php?rest_route=\/wp\/v2\/posts"}],"about":[{"href":"https:\/\/www.invarena.cz\/index.php?rest_route=\/wp\/v2\/types\/post"}],"author":[{"embeddable":true,"href":"https:\/\/www.invarena.cz\/index.php?rest_route=\/wp\/v2\/users\/1"}],"replies":[{"embeddable":true,"href":"https:\/\/www.invarena.cz\/index.php?rest_route=%2Fwp%2Fv2%2Fcomments&post=45997"}],"version-history":[{"count":0,"href":"https:\/\/www.invarena.cz\/index.php?rest_route=\/wp\/v2\/posts\/45997\/revisions"}],"wp:featuredmedia":[{"embeddable":true,"href":"https:\/\/www.invarena.cz\/index.php?rest_route=\/wp\/v2\/media\/14574"}],"wp:attachment":[{"href":"https:\/\/www.invarena.cz\/index.php?rest_route=%2Fwp%2Fv2%2Fmedia&parent=45997"}],"wp:term":[{"taxonomy":"category","embeddable":true,"href":"https:\/\/www.invarena.cz\/index.php?rest_route=%2Fwp%2Fv2%2Fcategories&post=45997"},{"taxonomy":"post_tag","embeddable":true,"href":"https:\/\/www.invarena.cz\/index.php?rest_route=%2Fwp%2Fv2%2Ftags&post=45997"}],"curies":[{"name":"wp","href":"https:\/\/api.w.org\/{rel}","templated":true}]}}