{"id":46256,"date":"2024-02-20T19:23:18","date_gmt":"2024-02-20T18:23:18","guid":{"rendered":"https:\/\/www.invarena.cz\/?p=46256"},"modified":"2024-02-20T19:23:19","modified_gmt":"2024-02-20T18:23:19","slug":"bez-nohy-do-guinnessovky-po-himalaji-chce-motejzik-zdolat-220-kilometru-za-den","status":"publish","type":"post","link":"https:\/\/www.invarena.cz\/?p=46256","title":{"rendered":"Bez nohy do Guinnessovky. Po Him\u00e1laji chce Motejz\u00edk zdolat 220 kilometr\u016f za den"},"content":{"rendered":"\n<p><em>ilustra\u010dn\u00ed foto<\/em><\/p>\n\n\n\n<p>O skute\u010dn\u011b obdivuhodn\u00fd v\u00fdkon se chce pokusit \u010desk\u00fd para ly\u017ea\u0159 Miroslav Motejz\u00edk. Koncem b\u0159ezna hodl\u00e1 ve \u0160v\u00e9dsku absolvovat nejdel\u0161\u00ed b\u011b\u017eka\u0159sk\u00fd jednodenn\u00ed z\u00e1vod na sv\u011bt\u011b. Pokud se mu poda\u0159\u00ed zdolat 220 kilometr\u016f dlouhou \u0161treku, spln\u00ed podm\u00ednky z\u00e1pisu do slavn\u00e9 Guinnesovy knihy rekord\u016f.<\/p>\n\n\n\n<p>Nordenski\u00f6ldsloppet, z\u00e1vod, kter\u00fd p\u00ed\u0161e svoji kroniku u\u017e od roku 1884 a jen\u017e za sv\u016fj vznik vd\u011b\u010d\u00ed cestovateli Nordenski\u00f6ldovi. Tomu tehdy nikdo nev\u011b\u0159il, \u017ee zdolal na jedn\u00e9 ze sv\u00fdch expedic na ly\u017e\u00edch 460 kilometr\u016f za 57 hodin, a tak se je rozhodl p\u0159esv\u011bd\u010dit po sv\u00e9m. Vymyslel z\u00e1vod, kde \u010dasov\u00fd limit na dojet\u00ed byl stanoven pr\u00e1v\u011b na 24 hodin.<\/p>\n\n\n\n<p>Svou novodobou historii na\u010dal p\u0159ed osmi lety a p\u0159edloni se v n\u011bm do\u010dkal velk\u00e9ho \u00fasp\u011bchu i ned\u00e1vno tragicky zesnul\u00fd \u010desk\u00fd b\u011b\u017eec Ji\u0159\u00ed Pliska, kdy\u017e dob\u011bhl druh\u00fd za 11 hodin, 44 minut a 43 sekund.<\/p>\n\n\n\n<p>Nyn\u00ed se o jeho zdol\u00e1n\u00ed pokus\u00ed i handicapovan\u00fd b\u011b\u017eec na ly\u017e\u00edch Miroslav Motejz\u00edk. \u201eM\u00e1m r\u00e1d v\u00fdzvy, kter\u00e9 d\u00e1vaj\u00ed smysl a maj\u00ed soci\u00e1ln\u00ed p\u0159esah, charitativn\u00ed, motiva\u010dn\u00ed nebo inspiruj\u00edc\u00ed. Jdu p\u0159\u00edkladem zdrav\u00fdm i handicapovan\u00fdm lidem, d\u011btem, \u017ee nic nen\u00ed nemo\u017en\u00e9. Ukazuji, \u017ee Czech Para Nordic maj\u00ed svou kvalitu a \u017ee i bez nohy se d\u00e1 \u017e\u00edt \u017eivot bez hranic,\u201c \u0159\u00edk\u00e1 odhodlan\u011b pro web czech-ski.com.<\/p>\n\n\n\n<p>S amputac\u00ed na himal\u00e1jsk\u00fd vrchol<\/p>\n\n\n\n<p>Na extr\u00e9mn\u011b n\u00e1ro\u010dn\u00fd z\u00e1vod u\u017e se dlouho a velmi poctiv\u011b p\u0159ipravuje. P\u0159\u00edmo do Skandin\u00e1vie zam\u00ed\u0159\u00ed koncem tohoto m\u011bs\u00edce a n\u00e1sledn\u011b zde str\u00e1v\u00ed cel\u00fd b\u0159ezen. Samotn\u00fd z\u00e1vod je napl\u00e1nov\u00e1n na 23. b\u0159ezna.<\/p>\n\n\n\n<p>Motejz\u00edk u\u017e m\u00e1 s d\u00e1lkov\u00fdmi b\u011bhy bohatou zku\u0161enost a pochopiteln\u011b nechyb\u00ed ani v jeho p\u0159\u00edprav\u011b.&nbsp; \u201eAbych mohl pom\u00fd\u0161let na \u00fasp\u011bch, mus\u00edm se pln\u011b v\u011bnovat tr\u00e9ninku a z\u00e1vodn\u00edm kilometr\u016fm. Proto jsem za\u0159adil do sv\u00e9ho programu \u0161v\u00e9dsk\u00fd Vasaloppet a norsk\u00fd Birkebeinerrennet, kde obhajuji t\u0159et\u00ed m\u00edsto v kategorii Disabled,\u201c \u0159\u00edk\u00e1.<\/p>\n\n\n\n<p>V\u00fdzev se Motejz\u00edk skute\u010dn\u011b neboj\u00ed. S podkolen\u00ed amputac\u00ed absolvoval ter\u00e9nn\u00ed triatlon v Prachatic\u00edch, a dokonce dok\u00e1zal zdolat vrchol him\u00e1lajsk\u00e9 hory Mera Peak, kter\u00fd se ty\u010d\u00ed do v\u00fd\u0161ky t\u00e9m\u011b\u0159 \u0161esti a p\u016fl kilometru.<\/p>\n\n\n\n<p>Martin Slab\u00fd<\/p>\n\n\n\n<p>Den\u00edk.cz<\/p>\n\n\n\n<p><a href=\"https:\/\/www.denik.cz\/\">htt<\/a><a href=\"https:\/\/www.denik.cz\/\" target=\"_blank\" rel=\"noreferrer noopener\">ps:\/\/ww<\/a><a href=\"https:\/\/www.denik.cz\/\">w.denik.cz\/<\/a><\/p>\n","protected":false},"excerpt":{"rendered":"<div class=\"mh-excerpt\"><p>ilustra\u010dn\u00ed foto O skute\u010dn\u011b obdivuhodn\u00fd v\u00fdkon se chce pokusit \u010desk\u00fd para ly\u017ea\u0159 Miroslav Motejz\u00edk. Koncem b\u0159ezna hodl\u00e1 ve \u0160v\u00e9dsku absolvovat nejdel\u0161\u00ed b\u011b\u017eka\u0159sk\u00fd jednodenn\u00ed z\u00e1vod na <a class=\"mh-excerpt-more\" href=\"https:\/\/www.invarena.cz\/?p=46256\" title=\"Bez nohy do Guinnessovky. Po Him\u00e1laji chce Motejz\u00edk zdolat 220 kilometr\u016f za den\">[&#8230;]<\/a><\/p>\n<\/div>","protected":false},"author":1,"featured_media":2080,"comment_status":"open","ping_status":"closed","sticky":false,"template":"","format":"standard","meta":{"footnotes":""},"categories":[9],"tags":[],"class_list":["post-46256","post","type-post","status-publish","format-standard","has-post-thumbnail","hentry","category-zpravy"],"_links":{"self":[{"href":"https:\/\/www.invarena.cz\/index.php?rest_route=\/wp\/v2\/posts\/46256","targetHints":{"allow":["GET"]}}],"collection":[{"href":"https:\/\/www.invarena.cz\/index.php?rest_route=\/wp\/v2\/posts"}],"about":[{"href":"https:\/\/www.invarena.cz\/index.php?rest_route=\/wp\/v2\/types\/post"}],"author":[{"embeddable":true,"href":"https:\/\/www.invarena.cz\/index.php?rest_route=\/wp\/v2\/users\/1"}],"replies":[{"embeddable":true,"href":"https:\/\/www.invarena.cz\/index.php?rest_route=%2Fwp%2Fv2%2Fcomments&post=46256"}],"version-history":[{"count":0,"href":"https:\/\/www.invarena.cz\/index.php?rest_route=\/wp\/v2\/posts\/46256\/revisions"}],"wp:featuredmedia":[{"embeddable":true,"href":"https:\/\/www.invarena.cz\/index.php?rest_route=\/wp\/v2\/media\/2080"}],"wp:attachment":[{"href":"https:\/\/www.invarena.cz\/index.php?rest_route=%2Fwp%2Fv2%2Fmedia&parent=46256"}],"wp:term":[{"taxonomy":"category","embeddable":true,"href":"https:\/\/www.invarena.cz\/index.php?rest_route=%2Fwp%2Fv2%2Fcategories&post=46256"},{"taxonomy":"post_tag","embeddable":true,"href":"https:\/\/www.invarena.cz\/index.php?rest_route=%2Fwp%2Fv2%2Ftags&post=46256"}],"curies":[{"name":"wp","href":"https:\/\/api.w.org\/{rel}","templated":true}]}}