{"id":46259,"date":"2024-02-20T19:36:06","date_gmt":"2024-02-20T18:36:06","guid":{"rendered":"https:\/\/www.invarena.cz\/?p=46259"},"modified":"2024-02-20T19:36:06","modified_gmt":"2024-02-20T18:36:06","slug":"ma-nemocne-srdce-a-vidi-jen-trochu-na-jedno-oko-muzete-dal-pracovat-rekli-mu","status":"publish","type":"post","link":"https:\/\/www.invarena.cz\/?p=46259","title":{"rendered":"M\u00e1 nemocn\u00e9 srdce a vid\u00ed jen trochu na jedno oko. M\u016f\u017eete d\u00e1l pracovat, \u0159ekli mu"},"content":{"rendered":"\n<p>Srdce mu funguje na polovi\u010dn\u00ed v\u00fdkon, m\u00edv\u00e1 srde\u010dn\u00ed kolapsy. Na jedno oko je slep\u00fd, ve druh\u00e9m m\u00e1 \u0161ed\u00fd i zelen\u00fd z\u00e1kal. Podle posudkov\u00e9 l\u00e9ka\u0159ky m\u016f\u017ee mu\u017e d\u00e1l pracovat jako servisn\u00ed technik informa\u010dn\u00edch technologi\u00ed.<\/p>\n\n\n\n<p>Pracoval dlouh\u00e1 l\u00e9ta jako servisn\u00ed technik IT. Obj\u00ed\u017ed\u011bl provozy, instaloval a spravoval po\u010d\u00edta\u010de. Kdy\u017e Lubom\u00edr z Vyso\u010diny (nechce zve\u0159ejnit cel\u00e9 jm\u00e9no, ale redakce jej zn\u00e1) zjistil, \u017ee p\u0159est\u00e1v\u00e1 vid\u011bt na lev\u00e9 oko, odm\u00edtl \u0159\u00eddit auto a klesl na profesi skladn\u00edka. V\u00fdrazn\u011b dol\u016f \u0161el i s platem, p\u0159ivyd\u011bl\u00e1val si proto v rychl\u00e9m ob\u010derstven\u00ed.<\/p>\n\n\n\n<p>Se zdrav\u00edm to \u0161lo d\u00e1l z kopce. V z\u00e1\u0159\u00ed 2017 prod\u011blal infarkt, v\u00fdkon jeho lev\u00e9 srde\u010dn\u00ed komory klesl zhruba na 30 procent, norm\u00e1ln\u00ed b\u00fdv\u00e1 kolem 60. Ocitl se na nemocensk\u00e9. V \u010dervnu 2018 mu jeho praktick\u00e1 l\u00e9ka\u0159ka doporu\u010dila po\u017e\u00e1dat o invalidn\u00ed d\u016fchod. Ten mu byl v z\u00e1\u0159\u00ed 2018 schv\u00e1len ve 2. stupni. Nemocensk\u00e1 mu skon\u010dila, ale prvn\u00ed d\u00e1vky d\u016fchodu p\u0159i\u0161ly a\u017e v \u00fanoru 2019. \u201eKv\u016fli tomu jsem se dostal do dluh\u016f. Nem\u011bl jsem se jak u\u017eivit a spl\u00e1cet d\u0159\u00edv\u011bj\u0161\u00ed z\u00e1vazky. Spadl jsem do exekuce, vyst\u011bhovali m\u011b z bytu a \u0161el jsem bydlet k rodi\u010d\u016fm,\u201c vzpom\u00edn\u00e1 Lubom\u00edr.<\/p>\n\n\n\n<p>St\u00e1le se mu tak\u00e9 zhor\u0161oval zrak. Zjistili mu zelen\u00fd z\u00e1kal obou o\u010d\u00ed, na lev\u00e9m oku byl ji\u017e tak rozvinut\u00fd, \u017ee na n\u011bj oslepl. Prav\u00e9 se je\u0161t\u011b poda\u0159ilo zal\u00e9\u010dit. Objevil se v n\u011bm i \u0161ed\u00fd z\u00e1kal, kter\u00fd l\u00e9ka\u0159i kv\u016fli p\u0159\u00edtomnosti toho zelen\u00e9ho necht\u011bli operovat.<\/p>\n\n\n\n<p>Hledal pr\u00e1ci, uhnal si druh\u00fd infarkt<\/p>\n\n\n\n<p>Jeliko\u017e nevych\u00e1zel s pen\u011bzi, zkou\u0161el si i p\u0159i sv\u00e9 invalidit\u011b hledat pr\u00e1ci. Jen\u017ee s tolika hendikepy ho nikde necht\u011bli. V prosinci 2019 si uhnal druh\u00fd infarkt. V\u00fdkon lev\u00e9 srde\u010dn\u00ed komory mu do\u010dasn\u011b klesl na 25 procent. Na radu sv\u00e9ho nov\u00e9ho praktika po\u017e\u00e1dal o 3. stupe\u0148 invalidity. V \u010dervnu 2020 mu ho schv\u00e1lili, jen\u017ee v lednu 2021 si \u010cesk\u00e1 spr\u00e1va soci\u00e1ln\u00edho zabezpe\u010den\u00ed (\u010cSSZ) vy\u017e\u00e1dala p\u0159ezkum.<\/p>\n\n\n\n<p>Dodal v\u0161echny aktu\u00e1ln\u00ed zdravotn\u00ed zpr\u00e1vy od v\u0161ech sv\u00fdch l\u00e9ka\u0159\u016f. \u201eL\u00e9ka\u0159sk\u00e1 posudkov\u00e1 slu\u017eba mi v \u010dervnu 2021 poslala vyj\u00e1d\u0159en\u00ed, \u017ee se m\u016fj stav sice nezlep\u0161il, ale \u017ee p\u016fvodn\u00ed posudek byl nadhodnocen a d\u016fchod se sni\u017euje zp\u011bt na druh\u00fd stupe\u0148. Tohle slovn\u00ed spojen\u00ed se te\u010f objevuje u tis\u00edc\u016f invalid\u016f po cel\u00e9 republice, to nen\u00ed n\u00e1hoda,\u201c \u0159\u00edk\u00e1.<\/p>\n\n\n\n<p>\u010cekal na rozhodnut\u00ed od \u010cSSZ, bez n\u011bj\u017e se nelze odvolat. \u201eM\u00edsto toho mi v z\u00e1\u0159\u00ed p\u0159i\u0161lo od zdravotn\u00ed poji\u0161\u0165ovny, \u017ee jim na pojistn\u00e9m dlu\u017e\u00edm 70 tis\u00edc,\u201c vypr\u00e1v\u00ed.<\/p>\n\n\n\n<p>V prosinci 2021 po\u017e\u00e1dal o oddlu\u017een\u00ed a \u00fa\u0159ad\u016fm vysv\u011btloval, \u017ee z pr\u00e1ce p\u0159e\u0161el rovnou do invalidn\u00edho d\u016fchodu, kde za n\u011bj zdravotn\u00ed poji\u0161t\u011bn\u00ed plat\u00ed st\u00e1t. P\u0159ed prac\u00ed studoval a byl na vojn\u011b. \u00da\u0159ad\u016fm v\u0161ak st\u00e1le chyb\u011bly n\u011bjak\u00e9 dokumenty, kter\u00e9 ji\u017e d\u0159\u00edve doru\u010dil.<\/p>\n\n\n\n<p>Kdy\u017e s insolven\u010dn\u00edm spr\u00e1vcem \u017e\u00e1dali \u010cSSZ o sd\u011blen\u00ed v\u00fd\u0161e d\u00e1vky a druhu p\u0159iznan\u00e9ho d\u016fchodu, uvedla, \u017ee t\u0159et\u00ed stupe\u0148 plat\u00ed. \u201eJen\u017ee v listopadu 2022 mi \u0159ekli, \u017ee se jim posudek o sn\u00ed\u017een\u00ed invalidity n\u011bjak ztratil, ale \u017ee plat\u00ed,\u201c nech\u00e1pe Lubom\u00edr.<\/p>\n\n\n\n<p>Rozhodnut\u00ed? A\u017e po roce a p\u016fl<\/p>\n\n\n\n<p>Spr\u00e1va mu tak vydala rozhodnut\u00ed a\u017e po roce a p\u016fl. Podal n\u00e1mitku a tu mu zam\u00edtla. \u201eOstravsk\u00e1 posudk\u00e1\u0159ka popsala mou o\u010dn\u00ed vadu jako banalitu a pr\u00fd mi nic nebr\u00e1n\u00ed ve d\u0159\u00edve vykon\u00e1van\u00e9 profesi. Nev\u00edm, jestli d\u011bl\u00e1 na s\u00e1lov\u00e9m po\u010d\u00edta\u010di nebo rusk\u00e9m \u0161\u010dotu, ale dne\u0161n\u00ed po\u010d\u00edta\u010de maj\u00ed drobounk\u00e9 \u0161roube\u010dky, kter\u00e9 j\u00e1 opravdu nevid\u00edm. Nav\u00edc pracuji s elekt\u0159inou. Kdybych ji poslechl, zabiju bu\u010f sebe nebo n\u011bkoho jin\u00e9ho,\u201c dodal.<\/p>\n\n\n\n<p>Mluv\u010d\u00ed spr\u00e1vy Tereza Koukolov\u00e1 zd\u016fraznila, \u017ee se p\u0159i posuzov\u00e1n\u00ed pro \u00fa\u010dely invalidity dopady zdravotn\u00edch posti\u017een\u00ed nes\u010d\u00edtaj\u00ed. \u201eZvol\u00ed se hlavn\u00ed porucha zdrav\u00ed a pokud dal\u0161\u00ed poruchy spl\u0148uj\u00ed podm\u00ednku dlouhodob\u011b nep\u0159\u00edzniv\u00e9ho zdravotn\u00edho stavu s posudkov\u00fdm dopadem, lze nav\u00fd\u0161it pokles pracovn\u00ed schopnosti a\u017e o deset procent,\u201c odpov\u011bd\u011bla na dotaz Den\u00edku.<\/p>\n\n\n\n<p>Dodala, p\u0159itom, \u017ee se neposuzuje diagn\u00f3za, n\u00fdbr\u017e pokles pracovn\u00ed schopnosti. \u201eU m\u011b posuzovali srdce, zrak ale v\u016fbec nebrali v potaz,\u201c nam\u00edt\u00e1 Lubom\u00edr.<\/p>\n\n\n\n<p>A\u017e po roce a p\u016fl se tak\u00e9 dozv\u011bd\u011bl, \u017ee za n\u011bj st\u00e1t neplat\u00ed soci\u00e1ln\u00ed poji\u0161t\u011bn\u00ed, nebo\u0165 u\u017e nen\u00ed veden ve 3. stupni invalidn\u00edho d\u016fchodu. Znovu mu naskakovaly dluhy. I p\u0159es sv\u016fj zdravotn\u00ed stav se tedy p\u0159ihl\u00e1sil na \u00da\u0159ad pr\u00e1ce. Jen\u017ee mu nab\u00edzeli m\u00edsta, kter\u00e1 kv\u016fli sv\u00e9mu zdrav\u00ed nemohl vykon\u00e1vat.<\/p>\n\n\n\n<p>Kv\u016fli nemocn\u00e9mu srdci ho ne\u010dekan\u011b postihovaly kolapsy. \u201eB\u011bhem p\u00e1r vte\u0159in jsem se ocitl v bezv\u011bdom\u00ed. T\u0159eba jsem jel do Prahy na kontrolu a probudil se v bene\u0161ovsk\u00e9 nemocnici. Nebo jsem si \u0161el vy\u0159\u00eddit na \u00fa\u0159ad n\u011bjakou d\u00e1vku, \u010dekal jsem hodinu a najednou le\u017e\u00edm na jipce,\u201c popisuje Lubom\u00edr.<\/p>\n\n\n\n<p>Netu\u0161\u00ed, co s n\u00edm bude<\/p>\n\n\n\n<p>V \u00fanoru mu proto vlo\u017e\u00ed k srdci defibril\u00e1tor. Pracovn\u00ed v\u00fdkonnost mu to dle l\u00e9ka\u0159\u016f nezlep\u0161\u00ed. P\u0159\u00edstroj ale pozn\u00e1 arytmii a elektrick\u00fdm v\u00fdbojem zabr\u00e1n\u00ed srde\u010dn\u00edmu kolapsu. V b\u0159eznu by se m\u011bl i p\u0159es mo\u017en\u00e9 riziko do\u010dkat operace \u0161ed\u00e9ho z\u00e1kalu. Potom chce zkusit kurzy v programov\u00e1n\u00ed, kter\u00e9mu se d\u0159\u00edve v\u011bnoval. \u201eA tak\u00e9 si zkus\u00edm znovu po\u017e\u00e1dat o t\u0159et\u00ed stupe\u0148 invalidity. Snad mi ho \u010cSSZ naopak nesn\u00ed\u017e\u00ed na jedni\u010dku,\u201c douf\u00e1.<\/p>\n\n\n\n<p>Nyn\u00ed mu je pades\u00e1t let a netu\u0161\u00ed, co s n\u00edm do starobn\u00edho d\u016fchodu bude. Kdy\u017e mu na \u00da\u0159adu pr\u00e1ce \u00fa\u0159ednice \u0159ekla, \u017ee je holt asi rad\u0161i doma ne\u017e v pr\u00e1ci, na\u0161tval se a st\u011b\u017eoval si. \u201eNe\u017e jsem marodil, pracoval jsem 25 let dvan\u00e1ct a\u017e \u0161estn\u00e1ct hodin denn\u011b. Za celou dobu jsem si dohromady vybral m\u011bs\u00edc dovolen\u00e9, ostatn\u00ed mi propadlo. Nejsem nemaka\u010denko,\u201c zd\u016fraz\u0148uje Lubom\u00edr.<\/p>\n\n\n\n<p>Invalid\u00e9 proti st\u00e1tu<\/p>\n\n\n\n<p>Na Facebooku vznikla skupina Posti\u017een\u00ed proti \u010cSSZ (\u010cesk\u00e9 spr\u00e1v\u011b soci\u00e1ln\u00edho zabezpe\u010den\u00ed). Hl\u00e1s\u00ed se do n\u00ed lid\u00e9, kter\u00fdm st\u00e1t zam\u00edtl \u017e\u00e1dost o invaliditu, o jej\u00ed zv\u00fd\u0161en\u00ed nebo ji naopak sn\u00ed\u017eil. M\u00e1 p\u0159es 4500 \u010dlen\u016f a dal\u0161\u00ed st\u00e1le p\u0159ib\u00fdvaj\u00ed. Na v\u00fdzvu Den\u00edku.cz se redakci oz\u00fdvaj\u00ed des\u00edtky posti\u017een\u00fdch, kte\u0159\u00ed se c\u00edt\u00ed rozhodnut\u00edm \u010cSSZ po\u0161kozeni.<\/p>\n\n\n\n<p>Zuzana Hronov\u00e1<\/p>\n\n\n\n<p>Den\u00edk.cz<\/p>\n\n\n\n<p><a href=\"https:\/\/www.denik.cz\/\" target=\"_blank\" rel=\"noreferrer noopener\">https:\/\/www.denik.cz\/<\/a><\/p>\n","protected":false},"excerpt":{"rendered":"<div class=\"mh-excerpt\"><p>Srdce mu funguje na polovi\u010dn\u00ed v\u00fdkon, m\u00edv\u00e1 srde\u010dn\u00ed kolapsy. Na jedno oko je slep\u00fd, ve druh\u00e9m m\u00e1 \u0161ed\u00fd i zelen\u00fd z\u00e1kal. Podle posudkov\u00e9 l\u00e9ka\u0159ky m\u016f\u017ee <a class=\"mh-excerpt-more\" href=\"https:\/\/www.invarena.cz\/?p=46259\" title=\"M\u00e1 nemocn\u00e9 srdce a vid\u00ed jen trochu na jedno oko. M\u016f\u017eete d\u00e1l pracovat, \u0159ekli mu\">[&#8230;]<\/a><\/p>\n<\/div>","protected":false},"author":1,"featured_media":14065,"comment_status":"open","ping_status":"closed","sticky":false,"template":"","format":"standard","meta":{"footnotes":""},"categories":[9],"tags":[],"class_list":["post-46259","post","type-post","status-publish","format-standard","has-post-thumbnail","hentry","category-zpravy"],"_links":{"self":[{"href":"https:\/\/www.invarena.cz\/index.php?rest_route=\/wp\/v2\/posts\/46259","targetHints":{"allow":["GET"]}}],"collection":[{"href":"https:\/\/www.invarena.cz\/index.php?rest_route=\/wp\/v2\/posts"}],"about":[{"href":"https:\/\/www.invarena.cz\/index.php?rest_route=\/wp\/v2\/types\/post"}],"author":[{"embeddable":true,"href":"https:\/\/www.invarena.cz\/index.php?rest_route=\/wp\/v2\/users\/1"}],"replies":[{"embeddable":true,"href":"https:\/\/www.invarena.cz\/index.php?rest_route=%2Fwp%2Fv2%2Fcomments&post=46259"}],"version-history":[{"count":0,"href":"https:\/\/www.invarena.cz\/index.php?rest_route=\/wp\/v2\/posts\/46259\/revisions"}],"wp:featuredmedia":[{"embeddable":true,"href":"https:\/\/www.invarena.cz\/index.php?rest_route=\/wp\/v2\/media\/14065"}],"wp:attachment":[{"href":"https:\/\/www.invarena.cz\/index.php?rest_route=%2Fwp%2Fv2%2Fmedia&parent=46259"}],"wp:term":[{"taxonomy":"category","embeddable":true,"href":"https:\/\/www.invarena.cz\/index.php?rest_route=%2Fwp%2Fv2%2Fcategories&post=46259"},{"taxonomy":"post_tag","embeddable":true,"href":"https:\/\/www.invarena.cz\/index.php?rest_route=%2Fwp%2Fv2%2Ftags&post=46259"}],"curies":[{"name":"wp","href":"https:\/\/api.w.org\/{rel}","templated":true}]}}