{"id":46263,"date":"2024-02-20T19:46:32","date_gmt":"2024-02-20T18:46:32","guid":{"rendered":"https:\/\/www.invarena.cz\/?p=46263"},"modified":"2024-02-20T19:46:33","modified_gmt":"2024-02-20T18:46:33","slug":"mobilni-hospic-sv-jiri-slavi-10-let-poskytovani-sluzeb-nevylecitelne-nemocnym","status":"publish","type":"post","link":"https:\/\/www.invarena.cz\/?p=46263","title":{"rendered":"Mobiln\u00ed Hospic Sv. Ji\u0159\u00ed slav\u00ed 10 let poskytov\u00e1n\u00ed slu\u017eeb nevyl\u00e9\u010diteln\u011b nemocn\u00fdm"},"content":{"rendered":"\n<p>\u201eLidsk\u00e1 spole\u010dnost, kter\u00e1 vn\u00edm\u00e1 um\u00edr\u00e1n\u00ed jako p\u0159irozenou a smysluplnou sou\u010d\u00e1st \u017eivota a pro kterou je samoz\u0159ejmost\u00ed, \u017ee lid\u00e9 um\u00edraj\u00ed doma, obklopeni sv\u00fdmi nejbli\u017e\u0161\u00edmi\u201c je vize Hospice Sv. Ji\u0159\u00ed, kter\u00fd letos v \u00fanoru oslav\u00ed 10. v\u00fdro\u010d\u00ed poskytov\u00e1n\u00ed sv\u00fdch slu\u017eeb. Za tuto dobu poskytl podporu a pomoc t\u00e9m\u011b\u0159 1000 rodin\u00e1m na \u00fazem\u00ed cel\u00e9ho Karlovarsk\u00e9ho kraje.<\/p>\n\n\n\n<p>Organizace Hospic Sv. Ji\u0159\u00ed vznikla ji\u017e v roce 2008 jako ob\u010dansk\u00e9 sdru\u017een\u00ed s c\u00edlem \u0161\u00ed\u0159it my\u0161lenky hospicov\u00e9 p\u00e9\u010de a podporovat vznik instituc\u00ed paliativn\u00ed p\u00e9\u010de na Chebsku. Sdru\u017een\u00ed se nejprve zam\u011b\u0159ovalo na osv\u011btovou \u010dinnost prost\u0159ednictv\u00edm po\u0159\u00e1d\u00e1n\u00ed konferenc\u00ed, semin\u00e1\u0159\u016f, besed a p\u0159edn\u00e1\u0161ek pro ve\u0159ejnost i odborn\u00edky z oblasti zdravotnictv\u00ed. P\u016fvodn\u00ed dlouhodob\u00fd z\u00e1m\u011br, j\u00edm\u017e bylo otev\u0159en\u00ed kamenn\u00e9ho hospice se postupn\u011b zm\u011bnil na poskytov\u00e1n\u00ed paliativn\u00ed p\u00e9\u010de prost\u0159ednictv\u00edm hospice mobiln\u00edho. Prvn\u00edmi kroky tedy bylo sestaven\u00ed t\u00fdmu, kter\u00fd by umo\u017enil poskytov\u00e1n\u00ed paliativn\u00ed p\u00e9\u010de v Chebu a okol\u00ed.<\/p>\n\n\n\n<p>Od \u00fanora 2013 za\u010dal Hospic Sv. Ji\u0159\u00ed poskytovat nevyl\u00e9\u010diteln\u011b nemocn\u00fdm a jejich rodin\u00e1m odbornou zdravotn\u00ed a psychosoci\u00e1ln\u00ed podporu v dom\u00e1c\u00edm prost\u0159ed\u00ed. Klient\u016fm je k dispozici multidisicplin\u00e1rn\u00ed t\u00fdm ve slo\u017een\u00ed l\u00e9ka\u0159i, zdravotn\u00ed sestry, soci\u00e1ln\u00ed pracovnice, psycholo\u017eka, duchovn\u00ed a fyzioterapeutka.<\/p>\n\n\n\n<p>Soci\u00e1ln\u00ed poradenstv\u00ed pom\u00e1h\u00e1 klient\u016fm l\u00e9pe se orientovat ve sv\u00fdch mo\u017enostech, aby nalezli odvahu, vlastn\u00ed zdroje a odbornou pomoc v \u0159e\u0161en\u00ed sv\u00e9 situace, kter\u00e1 nemocn\u00fdm nab\u00eddne mo\u017enost pro\u017e\u00edt z\u00e1v\u011br sv\u00e9ho \u017eivota se sv\u00fdmi nejbli\u017e\u0161\u00edmi tak, \u017ee toto obdob\u00ed budou vn\u00edmat jako smysluplnou sou\u010d\u00e1st sv\u00e9ho \u017eivota. Poskytujeme tak\u00e9 poradenstv\u00ed pro poz\u016fstal\u00e9 a perinat\u00e1ln\u00ed poradenstv\u00ed ur\u010den\u00e9 rodin\u00e1m, kter\u00e9 utrp\u011bly ztr\u00e1tu d\u00edt\u011bte p\u0159ed, p\u0159i, nebo kr\u00e1tce po porodu.<\/p>\n\n\n\n<p>Postupem \u010dasu jsme za\u010dali poskytovat sv\u00e9 slu\u017eby i nevyl\u00e9\u010diteln\u011b nemocn\u00fdm d\u011btem s c\u00edlem umo\u017enit jim str\u00e1vit posledn\u00ed chv\u00edle v dom\u00e1c\u00edm prost\u0159ed\u00ed. D\u00e1v\u00e1me t\u011bmto d\u011btem a jejich rodin\u00e1m mo\u017enost pro\u017e\u00edt posledn\u00ed okam\u017eiky spole\u010dn\u011b doma. Z\u00e1kladem je respekt k individualit\u011b ka\u017ed\u00e9ho d\u00edt\u011bte a k jeho m\u011bn\u00edc\u00edm se pot\u0159eb\u00e1m. Respektujeme v\u017edy soukrom\u00ed rodiny a jej\u00ed p\u0159\u00e1n\u00ed. Rodinu za\u0161kol\u00edme a spole\u010dn\u011b projdeme krok po kroku celou p\u00e9\u010d\u00ed. Probereme jejich obavy a hled\u00e1me mo\u017en\u00e1 \u0159e\u0161en\u00ed.<\/p>\n\n\n\n<p>D\u00e1le provozujeme v Chebu a Kraslic\u00edch p\u016fj\u010dovnu pom\u016fcek, kter\u00e9 usnad\u0148uj\u00ed p\u00e9\u010di o t\u011b\u017ece nemocn\u00e9 a um\u00edraj\u00edc\u00ed v dom\u00e1c\u00edm prost\u0159ed\u00ed. Na\u0161e pom\u016fcky mohou zlep\u0161it kvalitu \u017eivota tak\u00e9 senior\u016fm, zdravotn\u011b posti\u017een\u00fdm a lidem po \u00farazu.<\/p>\n\n\n\n<p>V neposledn\u00ed \u0159ad\u011b pravideln\u011b organizujeme sv\u00e9pomocn\u00e9 skupiny pro pe\u010duj\u00edc\u00ed nebo poz\u016fstal\u00e9. Jsme si v\u011bdomi toho, jak n\u00e1ro\u010dn\u00e9 chv\u00edle mohou pro\u017e\u00edvat lid\u00e9, kte\u0159\u00ed o n\u011bkoho pe\u010duj\u00ed, nebo jim n\u011bkdo bl\u00edzk\u00fd zem\u0159el. Mysl\u00edme tak\u00e9 na d\u011bti, kter\u00e9 v rodin\u011b, ve \u0161kole, nebo mezi kamar\u00e1dy, pro\u017e\u00edvaj\u00ed situaci spojenou s \u00famrt\u00edm bl\u00edzk\u00e9ho \u010dlov\u011bka, sv\u00fdm vlastn\u00edm specifick\u00fdm zp\u016fsobem. Jsme p\u0159esv\u011bd\u010deni, \u017ee jednou z mo\u017enost\u00ed, jak pomoci, je vytvo\u0159it prostor, ve kter\u00e9m si lid\u00e9, propojeni svou zku\u0161enost\u00ed, mohou vz\u00e1jemn\u011b pom\u00e1hat a podporovat se. \u010clenov\u00e9 takov\u00e9 sv\u00e9pomocn\u00e9 skupiny pomoc dost\u00e1vaj\u00ed a z\u00e1rove\u0148 ji i poskytuj\u00ed.<\/p>\n\n\n\n<p>Velice d\u011bkujeme v\u0161em na\u0161im partner\u016fm a podporovatel\u016fm, kte\u0159\u00ed n\u00e1m pom\u00e1haj\u00ed napl\u0148ovat motto: \u201eDoma je doma a\u017e do posledn\u00edho okam\u017eiku.\u201c<\/p>\n\n\n\n<p>V\u00edce informac\u00ed naleznete na webov\u00fdch str\u00e1nk\u00e1ch: www.hospiccheb.cz<\/p>\n\n\n\n<p>T\u00fdm Hospice Sv. Ji\u0159\u00ed<\/p>\n\n\n\n<p>Karlovarsk\u00fd den\u00edk<\/p>\n\n\n\n<p><a href=\"https:\/\/karlovarsky.denik.cz\/\" target=\"_blank\" rel=\"noreferrer noopener\">https:\/\/karlovarsky.denik.cz\/<\/a><\/p>\n","protected":false},"excerpt":{"rendered":"<div class=\"mh-excerpt\"><p>\u201eLidsk\u00e1 spole\u010dnost, kter\u00e1 vn\u00edm\u00e1 um\u00edr\u00e1n\u00ed jako p\u0159irozenou a smysluplnou sou\u010d\u00e1st \u017eivota a pro kterou je samoz\u0159ejmost\u00ed, \u017ee lid\u00e9 um\u00edraj\u00ed doma, obklopeni sv\u00fdmi nejbli\u017e\u0161\u00edmi\u201c je vize <a class=\"mh-excerpt-more\" href=\"https:\/\/www.invarena.cz\/?p=46263\" title=\"Mobiln\u00ed Hospic Sv. Ji\u0159\u00ed slav\u00ed 10 let poskytov\u00e1n\u00ed slu\u017eeb nevyl\u00e9\u010diteln\u011b nemocn\u00fdm\">[&#8230;]<\/a><\/p>\n<\/div>","protected":false},"author":1,"featured_media":21892,"comment_status":"open","ping_status":"closed","sticky":false,"template":"","format":"standard","meta":{"footnotes":""},"categories":[9],"tags":[],"class_list":["post-46263","post","type-post","status-publish","format-standard","has-post-thumbnail","hentry","category-zpravy"],"_links":{"self":[{"href":"https:\/\/www.invarena.cz\/index.php?rest_route=\/wp\/v2\/posts\/46263","targetHints":{"allow":["GET"]}}],"collection":[{"href":"https:\/\/www.invarena.cz\/index.php?rest_route=\/wp\/v2\/posts"}],"about":[{"href":"https:\/\/www.invarena.cz\/index.php?rest_route=\/wp\/v2\/types\/post"}],"author":[{"embeddable":true,"href":"https:\/\/www.invarena.cz\/index.php?rest_route=\/wp\/v2\/users\/1"}],"replies":[{"embeddable":true,"href":"https:\/\/www.invarena.cz\/index.php?rest_route=%2Fwp%2Fv2%2Fcomments&post=46263"}],"version-history":[{"count":0,"href":"https:\/\/www.invarena.cz\/index.php?rest_route=\/wp\/v2\/posts\/46263\/revisions"}],"wp:featuredmedia":[{"embeddable":true,"href":"https:\/\/www.invarena.cz\/index.php?rest_route=\/wp\/v2\/media\/21892"}],"wp:attachment":[{"href":"https:\/\/www.invarena.cz\/index.php?rest_route=%2Fwp%2Fv2%2Fmedia&parent=46263"}],"wp:term":[{"taxonomy":"category","embeddable":true,"href":"https:\/\/www.invarena.cz\/index.php?rest_route=%2Fwp%2Fv2%2Fcategories&post=46263"},{"taxonomy":"post_tag","embeddable":true,"href":"https:\/\/www.invarena.cz\/index.php?rest_route=%2Fwp%2Fv2%2Ftags&post=46263"}],"curies":[{"name":"wp","href":"https:\/\/api.w.org\/{rel}","templated":true}]}}