{"id":46266,"date":"2024-02-20T19:55:57","date_gmt":"2024-02-20T18:55:57","guid":{"rendered":"https:\/\/www.invarena.cz\/?p=46266"},"modified":"2024-02-20T19:55:57","modified_gmt":"2024-02-20T18:55:57","slug":"osudovy-skok-honza-se-vratil-po-8-mesicich-v-nemocnici-potrebuje-pomoc","status":"publish","type":"post","link":"https:\/\/www.invarena.cz\/?p=46266","title":{"rendered":"Osudov\u00fd skok. Honza se vr\u00e1til po 8 m\u011bs\u00edc\u00edch v nemocnici, pot\u0159ebuje pomoc"},"content":{"rendered":"\n<p>Nevinn\u00e1 letn\u00ed z\u00e1bava party mlad\u00fdch lid\u00ed skon\u010dila t\u011b\u017ek\u00fdm \u00farazem. Osmadvacetilet\u00fd Honza sko\u010dil loni, jako p\u0159edt\u00edm v \u017eivot\u011b nes\u010detn\u011bkr\u00e1t, do baz\u00e9nu. M\u00edsto vyno\u0159en\u00ed v\u0161ak z\u016fstal bezvl\u00e1dn\u011b le\u017eet na dn\u011b. Na\u0161t\u011bst\u00ed nehybn\u00e9ho Honzu kamar\u00e1di vyt\u00e1hli a p\u0159ivolali z\u00e1chranku.<\/p>\n\n\n\n<p>&#8222;P\u0159ed n\u011bkolika m\u011bs\u00edci se mi oto\u010dil \u017eivot o 180 stup\u0148\u016f. S kamar\u00e1dy jsem tr\u00e1vil ve\u010der u baz\u00e9nu a dob\u0159e jsme se bavili. Koupali jsme se, pov\u00eddali si. Sko\u010dil jsem do vody a\u2026 Najednou bylo n\u011bco \u0161patn\u011b,&#8220; ohl\u00ed\u017e\u00ed se za osudn\u00fdm ve\u010derem Honza z prost\u011bjovsk\u00e9ho p\u0159edm\u011bst\u00ed \u010cechovice.<\/p>\n\n\n\n<p>Uklouzly mu nohy, nemohl se pohnout<\/p>\n\n\n\n<p>&#8222;Vid\u011bl jsem se ji\u017e na dn\u011b, jak se top\u00edm, nem\u016f\u017eu nad hladinu. N\u011bco mi \u0159\u00edkalo: pomalu vydechuj a vypou\u0161t\u011bj bublinky, oni uvid\u00ed, \u017ee si ned\u011bl\u00e1m jen legraci, \u017ee se opravdu nemohu h\u00fdbat a vyplavat nad hladinu,&#8220; l\u00ed\u010dil nez\u00e1vid\u011bn\u00edhodn\u00e9 chvilky do t\u00e9 doby naprosto zdrav\u00fd mlad\u00edk.<\/p>\n\n\n\n<p>Honza m\u011bl \u0161t\u011bst\u00ed, \u017ee kamar\u00e1di zachovali chladn\u00e9 hlavy<\/p>\n\n\n\n<p>&#8222;M\u00ed kamar\u00e1di rychle pochopili a pomohli mi dostat se na b\u0159eh. M\u011bl jsem \u0161t\u011bst\u00ed, neud\u011blali v\u011bt\u0161\u00ed zk\u00e1zu, ne\u017e jsem si zp\u016fsobil skokem do baz\u00e9nu. Moc jim d\u011bkuji,&#8220; vzkazuje Honza.<\/p>\n\n\n\n<p>N\u00e1sledovalo n\u011bkolik operac\u00ed, rehabilitac\u00ed a nakonec invalidn\u00ed voz\u00edk.<\/p>\n\n\n\n<p>&#8222;Sanitka p\u0159ijela za p\u00e1r minut. Pak teprve nastal ten koloto\u010d. Vy\u0161et\u0159en\u00ed, operace, jedna nemocnice, druh\u00e1 nemocnice a nyn\u00ed rehabilita\u010dn\u00ed \u00fastav. Te\u010f jsem schopen se pohybovat s pomoc\u00ed na voz\u00edku, st\u00e1le se sna\u017e\u00edm zlep\u0161ovat, st\u00e1le se sna\u017e\u00edm b\u00fdt samostatn\u011bj\u0161\u00ed,&#8220; popisuje sv\u016fj stav po osmi m\u011bs\u00edc\u00edch od zran\u011bn\u00ed.<\/p>\n\n\n\n<p>Po\u0161kozen\u00ed m\u00edchy bylo velk\u00e9.<\/p>\n\n\n\n<p>&#8222;Prvn\u00ed v\u011bta l\u00e9ka\u0159e po operaci byla, \u017ee budu h\u00fdbat jen hlavou. Na\u0161t\u011bst\u00ed se \u010d\u00e1ste\u010dn\u011b rozh\u00fdbaly i ruce, na nich\u017e te\u010f tvrd\u011b pracuju. S\u00e1m ale zat\u00edm nemohu napsat ani tenhle p\u0159\u00edb\u011bh, a proto mi pom\u00e1h\u00e1 mamka. Celkov\u011b m\u00e1m ve sv\u00e9 rodin\u011b obrovskou oporu a za to j\u00ed moc d\u011bkuju,&#8220; je vd\u011b\u010dn\u00fd Honza.<\/p>\n\n\n\n<p>Za\u010d\u00edn\u00e1 \u00fapln\u011b nov\u00fd \u017eivot<\/p>\n\n\n\n<p>&#8222;Je to v\u00edce ne\u017e p\u016fl roku, co jsem nebyl doma, krom\u011b kr\u00e1tk\u00fdch jednodenn\u00edch n\u00e1v\u0161t\u011bv a p\u00e1r dn\u016f na V\u00e1noce. Ale jsem vd\u011b\u010dn\u00fd, \u017ee m\u00e1m mo\u017enost se v rehabilita\u010dn\u00edm \u00fastavu u\u010dit, jak \u017e\u00edt, jak se sebou pracovat a jak se osamostatnit,&#8220; \u0159\u00edk\u00e1 mlad\u00fd rekonvalescent.<\/p>\n\n\n\n<p>Honza u\u017e t\u0159eba v\u00ed, \u017ee se mus\u00ed p\u0159izp\u016fsobit mnoha nov\u00fdm skute\u010dnostem.<\/p>\n\n\n\n<p>&#8222;To, \u017ee nem\u016f\u017eete j\u00edt kam chcete, zvednout se, naj\u00edst se nebo dokonce pot\u0159ebujete pomoc v z\u00e1sadn\u00edch v\u011bcech, jako je t\u0159eba hygiena \u010di j\u00eddlo. Mus\u00edte m\u00edt st\u00e1le na pam\u011bti, \u017ee si mus\u00edte o cokoliv \u0159\u00edct. N\u011bkdy je to s \u00fasm\u011bvem, n\u011bkdy ne. Je to jin\u00fd \u017eivot, kter\u00fd si nedok\u00e1\u017eete p\u0159edstavit, dokud se to nestane pr\u00e1v\u011b v\u00e1m,&#8220; dod\u00e1v\u00e1.<\/p>\n\n\n\n<p>Na Honzov\u011b dlouh\u00e9 cest\u011b \u010dek\u00e1 spousta p\u0159ek\u00e1\u017eek<\/p>\n\n\n\n<p>Tr\u00e1p\u00ed ho i finan\u010dn\u00ed n\u00e1ro\u010dnost. &#8222;Te\u010f pot\u0159ebuji invalidn\u00ed voz\u00edk, syst\u00e9m na p\u0159esuny, speci\u00e1ln\u00ed postel a spoustu dal\u0161\u00edch v\u011bc\u00ed k samostatnosti. O n\u011bkter\u00fdch zat\u00edm nem\u00e1m ani tu\u0161en\u00ed, \u017ee je pot\u0159ebuji. Postupn\u011b na to p\u0159ich\u00e1z\u00edm,&#8220; vysv\u011btluje a uzav\u00edr\u00e1: &#8222;Bohu\u017eel jsem z\u00e1hy zjistil, \u017ee tyto pom\u016fcky poji\u0161\u0165ovna hrad\u00ed jen \u010d\u00e1ste\u010dn\u011b a uv\u011bdomil jsem si, \u017ee bez dal\u0161\u00ed pomoci nejsem schopen uhradit v\u0161echny poplatky.&#8220;<\/p>\n\n\n\n<p>Pomoci Honzovi lze prost\u0159ednictv\u00edm platformy Donio. Za necel\u00fd t\u00fdden, kdy byla sb\u00edrka pro Honzu zalo\u017eena, mu p\u0159isp\u011blo v\u00edce ne\u017e 120 d\u00e1rc\u016f. P\u0159idat se m\u016f\u017eete i vy. Klikn\u011bte zde: <a href=\"https:\/\/www.donio.cz\/zivot-v-pohybu-pro-honzu-po-urazu-michy\" target=\"_blank\" rel=\"noreferrer noopener\">https:\/\/www.donio.cz\/zivot-v-pohybu-pro-honzu-po-urazu-michy<\/a><\/p>\n\n\n\n<p>Zden\u011bk Vyslou\u017eil<\/p>\n\n\n\n<p>Olomouck\u00fd den\u00edk<\/p>\n\n\n\n<p><a href=\"https:\/\/olomoucky.denik.cz\/\" target=\"_blank\" rel=\"noreferrer noopener\">https:\/\/olomoucky.denik.cz\/<\/a><\/p>\n","protected":false},"excerpt":{"rendered":"<div class=\"mh-excerpt\"><p>Nevinn\u00e1 letn\u00ed z\u00e1bava party mlad\u00fdch lid\u00ed skon\u010dila t\u011b\u017ek\u00fdm \u00farazem. Osmadvacetilet\u00fd Honza sko\u010dil loni, jako p\u0159edt\u00edm v \u017eivot\u011b nes\u010detn\u011bkr\u00e1t, do baz\u00e9nu. M\u00edsto vyno\u0159en\u00ed v\u0161ak z\u016fstal bezvl\u00e1dn\u011b <a class=\"mh-excerpt-more\" href=\"https:\/\/www.invarena.cz\/?p=46266\" title=\"Osudov\u00fd skok. Honza se vr\u00e1til po 8 m\u011bs\u00edc\u00edch v nemocnici, pot\u0159ebuje pomoc\">[&#8230;]<\/a><\/p>\n<\/div>","protected":false},"author":1,"featured_media":16849,"comment_status":"open","ping_status":"closed","sticky":false,"template":"","format":"standard","meta":{"footnotes":""},"categories":[9],"tags":[],"class_list":["post-46266","post","type-post","status-publish","format-standard","has-post-thumbnail","hentry","category-zpravy"],"_links":{"self":[{"href":"https:\/\/www.invarena.cz\/index.php?rest_route=\/wp\/v2\/posts\/46266","targetHints":{"allow":["GET"]}}],"collection":[{"href":"https:\/\/www.invarena.cz\/index.php?rest_route=\/wp\/v2\/posts"}],"about":[{"href":"https:\/\/www.invarena.cz\/index.php?rest_route=\/wp\/v2\/types\/post"}],"author":[{"embeddable":true,"href":"https:\/\/www.invarena.cz\/index.php?rest_route=\/wp\/v2\/users\/1"}],"replies":[{"embeddable":true,"href":"https:\/\/www.invarena.cz\/index.php?rest_route=%2Fwp%2Fv2%2Fcomments&post=46266"}],"version-history":[{"count":0,"href":"https:\/\/www.invarena.cz\/index.php?rest_route=\/wp\/v2\/posts\/46266\/revisions"}],"wp:featuredmedia":[{"embeddable":true,"href":"https:\/\/www.invarena.cz\/index.php?rest_route=\/wp\/v2\/media\/16849"}],"wp:attachment":[{"href":"https:\/\/www.invarena.cz\/index.php?rest_route=%2Fwp%2Fv2%2Fmedia&parent=46266"}],"wp:term":[{"taxonomy":"category","embeddable":true,"href":"https:\/\/www.invarena.cz\/index.php?rest_route=%2Fwp%2Fv2%2Fcategories&post=46266"},{"taxonomy":"post_tag","embeddable":true,"href":"https:\/\/www.invarena.cz\/index.php?rest_route=%2Fwp%2Fv2%2Ftags&post=46266"}],"curies":[{"name":"wp","href":"https:\/\/api.w.org\/{rel}","templated":true}]}}