{"id":46269,"date":"2024-02-20T20:00:30","date_gmt":"2024-02-20T19:00:30","guid":{"rendered":"https:\/\/www.invarena.cz\/?p=46269"},"modified":"2024-02-20T20:00:31","modified_gmt":"2024-02-20T19:00:31","slug":"lekar-vraci-pohyb-svym-ochrnutym-pacientum-neumi-to-ale-presne-vysvetlit","status":"publish","type":"post","link":"https:\/\/www.invarena.cz\/?p=46269","title":{"rendered":"L\u00e9ka\u0159 vrac\u00ed pohyb sv\u00fdm ochrnut\u00fdm pacient\u016fm, neum\u00ed to ale p\u0159esn\u011b vysv\u011btlit"},"content":{"rendered":"\n<p><em>ilustra\u010dn\u00ed foto<\/em><\/p>\n\n\n\n<p>\u0160estn\u00e1ctilet\u00fd hoch skon\u010dil na invalidn\u00edm voz\u00edku pot\u00e9, co ho zavalily t\u011b\u017ek\u00e9 kl\u00e1dy. M\u00e1 p\u0159eru\u0161enou m\u00edchu, t\u0159in\u00e1ct m\u011bs\u00edc\u016f nedok\u00e1zal v\u011bdom\u011b pohnout t\u011blem od pasu dol\u016f. D\u00edky elektroakupunktu\u0159e se jeho stav p\u0159ekvapiv\u011b zlep\u0161uje. Rehabilita\u010dn\u00ed l\u00e9ka\u0159 Peter Ol\u0161\u00e1k z Jansk\u00fdch L\u00e1zn\u00ed, kter\u00fd chlapci pom\u00e1h\u00e1, p\u0159izn\u00e1v\u00e1, \u017ee to zat\u00edm neum\u00ed p\u0159esn\u011b vysv\u011btlit. Stejn\u00e1 terapie v\u0161ak zlep\u0161uje stav i dal\u0161\u00edch ochrnut\u00fdch.<\/p>\n\n\n\n<p>Cel\u00fd \u010dl\u00e1nek naleznete na idnes.cz: <a href=\"https:\/\/www.idnes.cz\/zpravy\/domaci\/lekar-nemocnice-pohyb-pacienti-micha-prerusena-pater.A240219_203009_domaci_kurl\" target=\"_blank\" rel=\"noreferrer noopener\">https:\/\/www.idnes.cz\/zpravy\/domaci\/lekar-nemocnice-pohyb-pacienti-micha-prerusena-pater.A240219_203009_domaci_kurl<\/a><\/p>\n","protected":false},"excerpt":{"rendered":"<div class=\"mh-excerpt\"><p>ilustra\u010dn\u00ed foto \u0160estn\u00e1ctilet\u00fd hoch skon\u010dil na invalidn\u00edm voz\u00edku pot\u00e9, co ho zavalily t\u011b\u017ek\u00e9 kl\u00e1dy. M\u00e1 p\u0159eru\u0161enou m\u00edchu, t\u0159in\u00e1ct m\u011bs\u00edc\u016f nedok\u00e1zal v\u011bdom\u011b pohnout t\u011blem od pasu <a class=\"mh-excerpt-more\" href=\"https:\/\/www.invarena.cz\/?p=46269\" title=\"L\u00e9ka\u0159 vrac\u00ed pohyb sv\u00fdm ochrnut\u00fdm pacient\u016fm, neum\u00ed to ale p\u0159esn\u011b vysv\u011btlit\">[&#8230;]<\/a><\/p>\n<\/div>","protected":false},"author":1,"featured_media":10607,"comment_status":"open","ping_status":"closed","sticky":false,"template":"","format":"standard","meta":{"footnotes":""},"categories":[9],"tags":[],"class_list":["post-46269","post","type-post","status-publish","format-standard","has-post-thumbnail","hentry","category-zpravy"],"_links":{"self":[{"href":"https:\/\/www.invarena.cz\/index.php?rest_route=\/wp\/v2\/posts\/46269","targetHints":{"allow":["GET"]}}],"collection":[{"href":"https:\/\/www.invarena.cz\/index.php?rest_route=\/wp\/v2\/posts"}],"about":[{"href":"https:\/\/www.invarena.cz\/index.php?rest_route=\/wp\/v2\/types\/post"}],"author":[{"embeddable":true,"href":"https:\/\/www.invarena.cz\/index.php?rest_route=\/wp\/v2\/users\/1"}],"replies":[{"embeddable":true,"href":"https:\/\/www.invarena.cz\/index.php?rest_route=%2Fwp%2Fv2%2Fcomments&post=46269"}],"version-history":[{"count":0,"href":"https:\/\/www.invarena.cz\/index.php?rest_route=\/wp\/v2\/posts\/46269\/revisions"}],"wp:featuredmedia":[{"embeddable":true,"href":"https:\/\/www.invarena.cz\/index.php?rest_route=\/wp\/v2\/media\/10607"}],"wp:attachment":[{"href":"https:\/\/www.invarena.cz\/index.php?rest_route=%2Fwp%2Fv2%2Fmedia&parent=46269"}],"wp:term":[{"taxonomy":"category","embeddable":true,"href":"https:\/\/www.invarena.cz\/index.php?rest_route=%2Fwp%2Fv2%2Fcategories&post=46269"},{"taxonomy":"post_tag","embeddable":true,"href":"https:\/\/www.invarena.cz\/index.php?rest_route=%2Fwp%2Fv2%2Ftags&post=46269"}],"curies":[{"name":"wp","href":"https:\/\/api.w.org\/{rel}","templated":true}]}}