{"id":46272,"date":"2024-02-20T20:04:04","date_gmt":"2024-02-20T19:04:04","guid":{"rendered":"https:\/\/www.invarena.cz\/?p=46272"},"modified":"2024-02-20T20:04:05","modified_gmt":"2024-02-20T19:04:05","slug":"aby-si-rodice-oddechli-s-peci-o-sedmiletou-stelu-s-hendikepem-pomohou-dobrovolnici","status":"publish","type":"post","link":"https:\/\/www.invarena.cz\/?p=46272","title":{"rendered":"Aby si rodi\u010de oddechli. S p\u00e9\u010d\u00ed o sedmiletou Stelu s hendikepem pomohou dobrovoln\u00edci"},"content":{"rendered":"\n<p>Sedmilet\u00e1 Stela Myslivcov\u00e1 z Klatov m\u00e1 ment\u00e1ln\u00ed posti\u017een\u00ed. Nemluv\u00ed a je pln\u011b z\u00e1visl\u00e1 na sv\u00fdch bl\u00edzk\u00fdch. P\u011bti\u010dlenn\u00e1 rodina se te\u010f zapojila do takzvan\u00e9ho homesharingu, co\u017e je zjednodu\u0161en\u011b \u0159e\u010deno sd\u00edlen\u00e1 p\u00e9\u010de o hendikepovan\u00e9 d\u011bti. Takov\u00e1 odleh\u010dovac\u00ed slu\u017eba dosud v Plze\u0148sk\u00e9m kraji nefungovala.<\/p>\n\n\n\n<p>Cel\u00fd \u010dl\u00e1nek naleznete na novinky.cz: <a href=\"https:\/\/www.novinky.cz\/clanek\/zena-deti-aby-si-rodice-oddechli-s-peci-o-sedmiletou-stelu-s-hendikepem-pomohou-dobrovolnici-40460548\" target=\"_blank\" rel=\"noreferrer noopener\">https:\/\/www.novinky.cz\/clanek\/zena-deti-aby-si-rodice-oddechli-s-peci-o-sedmiletou-stelu-s-hendikepem-pomohou-dobrovolnici-40460548<\/a><\/p>\n","protected":false},"excerpt":{"rendered":"<div class=\"mh-excerpt\"><p>Sedmilet\u00e1 Stela Myslivcov\u00e1 z Klatov m\u00e1 ment\u00e1ln\u00ed posti\u017een\u00ed. Nemluv\u00ed a je pln\u011b z\u00e1visl\u00e1 na sv\u00fdch bl\u00edzk\u00fdch. P\u011bti\u010dlenn\u00e1 rodina se te\u010f zapojila do takzvan\u00e9ho homesharingu, co\u017e <a class=\"mh-excerpt-more\" href=\"https:\/\/www.invarena.cz\/?p=46272\" title=\"Aby si rodi\u010de oddechli. S p\u00e9\u010d\u00ed o sedmiletou Stelu s hendikepem pomohou dobrovoln\u00edci\">[&#8230;]<\/a><\/p>\n<\/div>","protected":false},"author":1,"featured_media":24138,"comment_status":"open","ping_status":"closed","sticky":false,"template":"","format":"standard","meta":{"footnotes":""},"categories":[9],"tags":[],"class_list":["post-46272","post","type-post","status-publish","format-standard","has-post-thumbnail","hentry","category-zpravy"],"_links":{"self":[{"href":"https:\/\/www.invarena.cz\/index.php?rest_route=\/wp\/v2\/posts\/46272","targetHints":{"allow":["GET"]}}],"collection":[{"href":"https:\/\/www.invarena.cz\/index.php?rest_route=\/wp\/v2\/posts"}],"about":[{"href":"https:\/\/www.invarena.cz\/index.php?rest_route=\/wp\/v2\/types\/post"}],"author":[{"embeddable":true,"href":"https:\/\/www.invarena.cz\/index.php?rest_route=\/wp\/v2\/users\/1"}],"replies":[{"embeddable":true,"href":"https:\/\/www.invarena.cz\/index.php?rest_route=%2Fwp%2Fv2%2Fcomments&post=46272"}],"version-history":[{"count":0,"href":"https:\/\/www.invarena.cz\/index.php?rest_route=\/wp\/v2\/posts\/46272\/revisions"}],"wp:featuredmedia":[{"embeddable":true,"href":"https:\/\/www.invarena.cz\/index.php?rest_route=\/wp\/v2\/media\/24138"}],"wp:attachment":[{"href":"https:\/\/www.invarena.cz\/index.php?rest_route=%2Fwp%2Fv2%2Fmedia&parent=46272"}],"wp:term":[{"taxonomy":"category","embeddable":true,"href":"https:\/\/www.invarena.cz\/index.php?rest_route=%2Fwp%2Fv2%2Fcategories&post=46272"},{"taxonomy":"post_tag","embeddable":true,"href":"https:\/\/www.invarena.cz\/index.php?rest_route=%2Fwp%2Fv2%2Ftags&post=46272"}],"curies":[{"name":"wp","href":"https:\/\/api.w.org\/{rel}","templated":true}]}}