{"id":46275,"date":"2024-02-20T20:07:28","date_gmt":"2024-02-20T19:07:28","guid":{"rendered":"https:\/\/www.invarena.cz\/?p=46275"},"modified":"2024-02-20T20:07:29","modified_gmt":"2024-02-20T19:07:29","slug":"pozvanka-kavarnu-ve-tme-tentokrat-muzete-navstivit-v-nachode","status":"publish","type":"post","link":"https:\/\/www.invarena.cz\/?p=46275","title":{"rendered":"Pozv\u00e1nka: Kav\u00e1rnu ve tm\u011b tentokr\u00e1t m\u016f\u017eete nav\u0161t\u00edvit v\u00a0N\u00e1chod\u011b"},"content":{"rendered":"\n<p>M\u00e1te odvahu nebo i chu\u0165 vstoupit alespo\u0148 na chv\u00edli do sv\u011bta nevidom\u00fdch? P\u0159\u00edle\u017eitost nab\u00eddne dal\u0161\u00ed Kav\u00e1rna ve tm\u011b, kter\u00e1 se 29. \u00fanora a 1. a 2. b\u0159ezna otev\u0159e v are\u00e1lu dopravn\u00edho h\u0159i\u0161t\u011b N\u00e1chod &#8211; B\u011bloves. Zve do n\u00ed Renata Moravcov\u00e1 z dobru\u0161sk\u00e9ho spolku Doteky nad\u011bje, kter\u00e1 sama p\u0159i\u0161la o zrak ve sv\u00fdch 31 letech.<\/p>\n\n\n\n<p>Tehdy to byl jej\u00ed jeden\u00e1ctilet\u00fd syn, kdo j\u00ed dodal chu\u0165, aby to nevzdala a dok\u00e1zala se poprat s t\u00edm, co j\u00ed osud p\u0159ichystal. Dnes se sna\u017e\u00ed sv\u011bty vid\u00edc\u00edch a nevidom\u00fdch spojovat, t\u0159eba i prost\u0159ednictv\u00edm Kav\u00e1rny ve tm\u011b, kde m\u00edsto zraku mohou n\u00e1v\u0161t\u011bvn\u00edci naplno zbyst\u0159it jin\u00e9 smysly &#8211; hmat, sluch, ale jeliko\u017e jde o kav\u00e1rnu, tak\u00e9 \u010dich a chu\u0165.<\/p>\n\n\n\n<p>U\u017e\u00edt si posezen\u00ed ve tm\u011b m\u016f\u017eete v uveden\u00e9 dny od 13, 15 a 17 hodin. N\u00e1v\u0161t\u011bvu je t\u0159eba si objednat p\u0159edem, kapacita pro jednu skupinu je omezena na 24 osob. Zda je je\u0161t\u011b voln\u00e9 m\u00edsto, zjist\u00edte na telefonn\u00edm \u010d\u00edsle: 603 949 721. Akce se kon\u00e1 pod z\u00e1\u0161titou m\u011bsta N\u00e1chod.<\/p>\n\n\n\n<p>Jana Kotalov\u00e1<\/p>\n\n\n\n<p>N\u00e1chodsk\u00fd den\u00edk<\/p>\n\n\n\n<p><a href=\"https:\/\/nachodsky.denik.cz\/\" target=\"_blank\" rel=\"noreferrer noopener\">https:\/\/nachodsky.denik.cz\/<\/a><\/p>\n","protected":false},"excerpt":{"rendered":"<div class=\"mh-excerpt\"><p>M\u00e1te odvahu nebo i chu\u0165 vstoupit alespo\u0148 na chv\u00edli do sv\u011bta nevidom\u00fdch? P\u0159\u00edle\u017eitost nab\u00eddne dal\u0161\u00ed Kav\u00e1rna ve tm\u011b, kter\u00e1 se 29. \u00fanora a 1. a <a class=\"mh-excerpt-more\" href=\"https:\/\/www.invarena.cz\/?p=46275\" title=\"Pozv\u00e1nka: Kav\u00e1rnu ve tm\u011b tentokr\u00e1t m\u016f\u017eete nav\u0161t\u00edvit v\u00a0N\u00e1chod\u011b\">[&#8230;]<\/a><\/p>\n<\/div>","protected":false},"author":1,"featured_media":14494,"comment_status":"open","ping_status":"closed","sticky":false,"template":"","format":"standard","meta":{"footnotes":""},"categories":[9],"tags":[],"class_list":["post-46275","post","type-post","status-publish","format-standard","has-post-thumbnail","hentry","category-zpravy"],"_links":{"self":[{"href":"https:\/\/www.invarena.cz\/index.php?rest_route=\/wp\/v2\/posts\/46275","targetHints":{"allow":["GET"]}}],"collection":[{"href":"https:\/\/www.invarena.cz\/index.php?rest_route=\/wp\/v2\/posts"}],"about":[{"href":"https:\/\/www.invarena.cz\/index.php?rest_route=\/wp\/v2\/types\/post"}],"author":[{"embeddable":true,"href":"https:\/\/www.invarena.cz\/index.php?rest_route=\/wp\/v2\/users\/1"}],"replies":[{"embeddable":true,"href":"https:\/\/www.invarena.cz\/index.php?rest_route=%2Fwp%2Fv2%2Fcomments&post=46275"}],"version-history":[{"count":0,"href":"https:\/\/www.invarena.cz\/index.php?rest_route=\/wp\/v2\/posts\/46275\/revisions"}],"wp:featuredmedia":[{"embeddable":true,"href":"https:\/\/www.invarena.cz\/index.php?rest_route=\/wp\/v2\/media\/14494"}],"wp:attachment":[{"href":"https:\/\/www.invarena.cz\/index.php?rest_route=%2Fwp%2Fv2%2Fmedia&parent=46275"}],"wp:term":[{"taxonomy":"category","embeddable":true,"href":"https:\/\/www.invarena.cz\/index.php?rest_route=%2Fwp%2Fv2%2Fcategories&post=46275"},{"taxonomy":"post_tag","embeddable":true,"href":"https:\/\/www.invarena.cz\/index.php?rest_route=%2Fwp%2Fv2%2Ftags&post=46275"}],"curies":[{"name":"wp","href":"https:\/\/api.w.org\/{rel}","templated":true}]}}