{"id":46287,"date":"2024-02-21T22:19:23","date_gmt":"2024-02-21T21:19:23","guid":{"rendered":"https:\/\/www.invarena.cz\/?p=46287"},"modified":"2024-02-21T22:19:24","modified_gmt":"2024-02-21T21:19:24","slug":"svetluska-letos-pobezi-v-sedmi-mestech","status":"publish","type":"post","link":"https:\/\/www.invarena.cz\/?p=46287","title":{"rendered":"Sv\u011btlu\u0161ka letos pob\u011b\u017e\u00ed v sedmi m\u011bstech"},"content":{"rendered":"\n<p>No\u010dn\u00ed b\u011bh pro Sv\u011btlu\u0161ku na podporu lid\u00ed se zrakov\u00fdm handicapem startuje v b\u0159eznu, letos se z\u00e1jemci budou moci k no\u010dn\u00ed \u0161tafet\u011b p\u0159ipojit v sedmi m\u011bstech. A to v Ostrav\u011b, Plzni, Brn\u011b, Olomouci, Praze, \u010cesk\u00fdch Bud\u011bjovic\u00edch a Jihlav\u011b.<\/p>\n\n\n\n<p>Sv\u011btlu\u0161ka pro leto\u0161n\u00ed kampa\u0148 zvolila motto A jak to vid\u00ed\u0161 ty?, pomoc\u00ed n\u011bho\u017e chce upozornit na problematiku zrakov\u00e9ho posti\u017een\u00ed a vyb\u00eddnout lidi k \u00fa\u010dasti. Akci dopln\u00ed doprovodn\u00fd program, nap\u0159\u00edklad zrakov\u00e1 prevence nebo mas\u00e1\u017ee od nevidom\u00fdch a slabozrak\u00fdch mas\u00e9r\u016f. Registrace na b\u011bhy jsou spu\u0161t\u011bny na www.behprosvetlusku.cz. Startovn\u00e9 \u010din\u00ed p\u011bt set korun.<\/p>\n\n\n\n<p>Cel\u00fd \u010dl\u00e1nek naleznete na novinky.cz: <a href=\"https:\/\/www.novinky.cz\/clanek\/domaci-svetluska-letos-pobezi-v-sedmi-mestech-40461428\" target=\"_blank\" rel=\"noreferrer noopener\">https:\/\/www.novinky.cz\/clanek\/domaci-svetluska-letos-pobezi-v-sedmi-mestech-40461428<\/a><\/p>\n","protected":false},"excerpt":{"rendered":"<div class=\"mh-excerpt\"><p>No\u010dn\u00ed b\u011bh pro Sv\u011btlu\u0161ku na podporu lid\u00ed se zrakov\u00fdm handicapem startuje v b\u0159eznu, letos se z\u00e1jemci budou moci k no\u010dn\u00ed \u0161tafet\u011b p\u0159ipojit v sedmi m\u011bstech. <a class=\"mh-excerpt-more\" href=\"https:\/\/www.invarena.cz\/?p=46287\" title=\"Sv\u011btlu\u0161ka letos pob\u011b\u017e\u00ed v sedmi m\u011bstech\">[&#8230;]<\/a><\/p>\n<\/div>","protected":false},"author":1,"featured_media":4256,"comment_status":"open","ping_status":"closed","sticky":false,"template":"","format":"standard","meta":{"footnotes":""},"categories":[9],"tags":[],"class_list":["post-46287","post","type-post","status-publish","format-standard","has-post-thumbnail","hentry","category-zpravy"],"_links":{"self":[{"href":"https:\/\/www.invarena.cz\/index.php?rest_route=\/wp\/v2\/posts\/46287","targetHints":{"allow":["GET"]}}],"collection":[{"href":"https:\/\/www.invarena.cz\/index.php?rest_route=\/wp\/v2\/posts"}],"about":[{"href":"https:\/\/www.invarena.cz\/index.php?rest_route=\/wp\/v2\/types\/post"}],"author":[{"embeddable":true,"href":"https:\/\/www.invarena.cz\/index.php?rest_route=\/wp\/v2\/users\/1"}],"replies":[{"embeddable":true,"href":"https:\/\/www.invarena.cz\/index.php?rest_route=%2Fwp%2Fv2%2Fcomments&post=46287"}],"version-history":[{"count":0,"href":"https:\/\/www.invarena.cz\/index.php?rest_route=\/wp\/v2\/posts\/46287\/revisions"}],"wp:featuredmedia":[{"embeddable":true,"href":"https:\/\/www.invarena.cz\/index.php?rest_route=\/wp\/v2\/media\/4256"}],"wp:attachment":[{"href":"https:\/\/www.invarena.cz\/index.php?rest_route=%2Fwp%2Fv2%2Fmedia&parent=46287"}],"wp:term":[{"taxonomy":"category","embeddable":true,"href":"https:\/\/www.invarena.cz\/index.php?rest_route=%2Fwp%2Fv2%2Fcategories&post=46287"},{"taxonomy":"post_tag","embeddable":true,"href":"https:\/\/www.invarena.cz\/index.php?rest_route=%2Fwp%2Fv2%2Ftags&post=46287"}],"curies":[{"name":"wp","href":"https:\/\/api.w.org\/{rel}","templated":true}]}}