{"id":46290,"date":"2024-02-21T22:25:42","date_gmt":"2024-02-21T21:25:42","guid":{"rendered":"https:\/\/www.invarena.cz\/?p=46290"},"modified":"2024-02-21T22:25:42","modified_gmt":"2024-02-21T21:25:42","slug":"za-penize-z-klasterniho-bazaru-nakoupi-pomucky-pro-postizene-deticky","status":"publish","type":"post","link":"https:\/\/www.invarena.cz\/?p=46290","title":{"rendered":"Za pen\u00edze z kl\u00e1\u0161tern\u00edho bazaru nakoup\u00ed pom\u016fcky pro posti\u017een\u00e9 d\u011bti\u010dky"},"content":{"rendered":"\n<p>Rodin\u00e1m s mal\u00fdmi posti\u017een\u00fdmi d\u011btmi pom\u00e1haj\u00ed v r\u00e1mci slu\u017eby ran\u00e9 p\u00e9\u010de pracovnice Diakonie \u010cCE a nyn\u00ed jim budou moci zap\u016fj\u010dit je\u0161t\u011b v\u00edce pom\u016fcek. Ty Diakonie po\u0159\u00edd\u00ed d\u00edky pen\u011bz\u016fm, kter\u00e9 lid\u00e9 utratili na Klatovsk\u00e9m kl\u00e1\u0161tern\u00edm bazaru p\u0159ed V\u00e1noci a m\u011bsto je je\u0161t\u011b nav\u00fd\u0161ilo. Celkem tak na pom\u016fcky poputuje 187 745 K\u010d.<\/p>\n\n\n\n<p>M\u011bsto Klatovy ka\u017edoro\u010dn\u011b po\u0159\u00e1d\u00e1 Klatovsk\u00fd kl\u00e1\u0161tern\u00ed bazar, co\u017e je charitativn\u00ed z\u00e1le\u017eitost, kdy m\u011bstsk\u00e1 rada pravideln\u011b ur\u010duje, komu p\u016fjde v\u00fdt\u011b\u017eek. \u201eTentokr\u00e1t byla vybr\u00e1na slu\u017eba ran\u00e9 p\u00e9\u010de Diakonie \u010cCE. Poda\u0159ilo se n\u00e1m vybrat v\u00edce ne\u017e 93 tis\u00edc korun v r\u00e1mci bazaru a \u010d\u00e1stku 94 tis\u00edc p\u0159idalo m\u011bsto. Jsme r\u00e1di, \u017ee se tato slu\u017eba bude na Klatovsku rozv\u00edjet, a v\u011b\u0159\u00edm, \u017ee pom\u016fcky, kter\u00e9 budou zakoupeny, budou slou\u017eit dob\u0159e sv\u00e9mu \u00fa\u010delu,\u201c \u0159ekl m\u00edstostarosta Martin K\u0159\u00ed\u017e.<\/p>\n\n\n\n<p>N\u00e1kup pom\u016fcek kvituje i m\u00edstostarosta V\u00e1clav Chroust, kter\u00fd m\u00e1 k tomu t\u00e9matu bl\u00edzko. \u201eJsem velmi r\u00e1d, \u017ee takov\u00e1 slu\u017eba u n\u00e1s v Klatovech existuje a my ji m\u016f\u017eeme jako m\u011bsto podpo\u0159it. M\u00e1m osobn\u00ed zku\u0161enost, jeliko\u017e m\u00e1m doma b\u00e1je\u010dn\u00e9ho chlapce, kter\u00fd m\u011bl ur\u010dit\u00e9 probl\u00e9my p\u0159i startu, a v\u011b\u0159\u00edm, \u017ee bychom vyu\u017eili samoz\u0159ejm\u011b toho, co nyn\u00ed ran\u00e1 p\u00e9\u010de nab\u00edz\u00ed. V\u011b\u0159\u00edm, \u017ee to bude pom\u00e1hat dal\u0161\u00edm a dal\u0161\u00edm d\u011btem. I kdy\u017e plat\u00ed, \u017ee ide\u00e1ln\u00ed by bylo, kdyby slu\u017eba byla k dispozici, pom\u016fcky k m\u00e1n\u00ed, ale nemusela se p\u0159\u00edli\u0161 vyu\u017e\u00edvat,\u201c uvedl Chroust.<\/p>\n\n\n\n<p>Ran\u00e1 p\u00e9\u010de je slu\u017eba, kter\u00e1 pom\u00e1h\u00e1 rodin\u00e1m pot\u00e9, co zjist\u00ed, \u017ee se d\u011b\u0165\u00e1tko narodilo s n\u011bjak\u00fdm posti\u017een\u00edm nebo je ohro\u017een\u00e9 posti\u017een\u00edm. V r\u00e1mci slu\u017eby ran\u00e9 p\u00e9\u010de je nab\u00edzena komplexn\u00ed pomoc. \u201eNa\u0161e ran\u00e1 p\u00e9\u010de je zam\u011b\u0159en\u00e1 na rodiny s d\u011btmi do sedmi let s pohybov\u00fdm a ment\u00e1ln\u00edm posti\u017een\u00edm, s poruchami komunikace, s poruchami autistick\u00e9ho spektra a podobn\u011b. Mezi na\u0161imi d\u011btmi je jich hodn\u011b, kter\u00e9 mohou pou\u017e\u00edt rehabilita\u010dn\u00ed pom\u016fcky, tak jsme velmi r\u00e1di za dar od m\u011bsta a nakoup\u00edme pom\u016fcky, kter\u00e9 pomohou d\u011btem l\u00e9pe pozn\u00e1vat sv\u011bt \u010di pomohou rodi\u010d\u016fm o d\u00edt\u011b l\u00e9pe pe\u010dovat. Nap\u0159\u00edklad toaletn\u00ed pom\u016fcky, polohovac\u00ed za\u0159\u00edzen\u00ed a podobn\u011b,\u201c sd\u011blila za ranou p\u00e9\u010di v Klatovech Pavla Foster Skalov\u00e1.<\/p>\n\n\n\n<p>Nov\u00e9 pom\u016fcky roz\u0161\u00ed\u0159\u00ed nab\u00eddku pom\u016fckovny, kde si mohou rodi\u010de pom\u016fcku p\u016fj\u010dit, vyzkou\u0161et na dva t\u0159i m\u011bs\u00edce, zda d\u011b\u0165\u00e1tku vyhovuje, a pokud zjist\u00ed, \u017ee jim vyhovuje, tak jim v r\u00e1mci ran\u00e9 p\u00e9\u010de pracovnice pomohou sehnat pen\u00edze, nap\u0159\u00edklad z nada\u010dn\u00edch fond\u016f a podobn\u011b. Jde o pom\u016fcky, kter\u00e9 nejsou hrazen\u00e9 bohu\u017eel poji\u0161\u0165ovnami a jsou velmi n\u00e1kladn\u00e9.<\/p>\n\n\n\n<p>Slu\u017eba ran\u00e9 p\u00e9\u010de se neodehr\u00e1v\u00e1 v \u017e\u00e1dn\u00e9 ambulanci, ale jde o ter\u00e9nn\u00ed slu\u017ebu \u010dili pracovnice do rodin doj\u00ed\u017ed\u011bj\u00ed. Pokud by m\u011bla rodina z\u00e1jem pomoc vyu\u017e\u00edt, m\u016f\u017ee je kontaktovat na str\u00e1nk\u00e1ch www.rana-pece.cz.<\/p>\n\n\n\n<p>Daniela Loudov\u00e1<\/p>\n\n\n\n<p>Klatovsk\u00fd den\u00edk<\/p>\n\n\n\n<p><a href=\"https:\/\/klatovsky.denik.cz\/\" target=\"_blank\" rel=\"noreferrer noopener\">https:\/\/klatovsky.denik.cz\/<\/a><\/p>\n","protected":false},"excerpt":{"rendered":"<div class=\"mh-excerpt\"><p>Rodin\u00e1m s mal\u00fdmi posti\u017een\u00fdmi d\u011btmi pom\u00e1haj\u00ed v r\u00e1mci slu\u017eby ran\u00e9 p\u00e9\u010de pracovnice Diakonie \u010cCE a nyn\u00ed jim budou moci zap\u016fj\u010dit je\u0161t\u011b v\u00edce pom\u016fcek. Ty Diakonie <a class=\"mh-excerpt-more\" href=\"https:\/\/www.invarena.cz\/?p=46290\" title=\"Za pen\u00edze z kl\u00e1\u0161tern\u00edho bazaru nakoup\u00ed pom\u016fcky pro posti\u017een\u00e9 d\u011bti\u010dky\">[&#8230;]<\/a><\/p>\n<\/div>","protected":false},"author":1,"featured_media":30134,"comment_status":"open","ping_status":"closed","sticky":false,"template":"","format":"standard","meta":{"footnotes":""},"categories":[9],"tags":[],"class_list":["post-46290","post","type-post","status-publish","format-standard","has-post-thumbnail","hentry","category-zpravy"],"_links":{"self":[{"href":"https:\/\/www.invarena.cz\/index.php?rest_route=\/wp\/v2\/posts\/46290","targetHints":{"allow":["GET"]}}],"collection":[{"href":"https:\/\/www.invarena.cz\/index.php?rest_route=\/wp\/v2\/posts"}],"about":[{"href":"https:\/\/www.invarena.cz\/index.php?rest_route=\/wp\/v2\/types\/post"}],"author":[{"embeddable":true,"href":"https:\/\/www.invarena.cz\/index.php?rest_route=\/wp\/v2\/users\/1"}],"replies":[{"embeddable":true,"href":"https:\/\/www.invarena.cz\/index.php?rest_route=%2Fwp%2Fv2%2Fcomments&post=46290"}],"version-history":[{"count":0,"href":"https:\/\/www.invarena.cz\/index.php?rest_route=\/wp\/v2\/posts\/46290\/revisions"}],"wp:featuredmedia":[{"embeddable":true,"href":"https:\/\/www.invarena.cz\/index.php?rest_route=\/wp\/v2\/media\/30134"}],"wp:attachment":[{"href":"https:\/\/www.invarena.cz\/index.php?rest_route=%2Fwp%2Fv2%2Fmedia&parent=46290"}],"wp:term":[{"taxonomy":"category","embeddable":true,"href":"https:\/\/www.invarena.cz\/index.php?rest_route=%2Fwp%2Fv2%2Fcategories&post=46290"},{"taxonomy":"post_tag","embeddable":true,"href":"https:\/\/www.invarena.cz\/index.php?rest_route=%2Fwp%2Fv2%2Ftags&post=46290"}],"curies":[{"name":"wp","href":"https:\/\/api.w.org\/{rel}","templated":true}]}}