{"id":46325,"date":"2024-02-23T06:09:34","date_gmt":"2024-02-23T05:09:34","guid":{"rendered":"https:\/\/www.invarena.cz\/?p=46325"},"modified":"2024-02-23T06:09:35","modified_gmt":"2024-02-23T05:09:35","slug":"urad-zacal-proverovat-vanocni-vecirek-na-ministerstvu-prace-a-socialnich-veci","status":"publish","type":"post","link":"https:\/\/www.invarena.cz\/?p=46325","title":{"rendered":"\u00da\u0159ad za\u010dal prov\u011b\u0159ovat v\u00e1no\u010dn\u00ed ve\u010d\u00edrek na ministerstvu pr\u00e1ce a soci\u00e1ln\u00edch v\u011bc\u00ed\u00a0\u00a0"},"content":{"rendered":"\n<p>NOVA TV<br \/><\/p>\n\n\n\n<p>St\u00e1tn\u00ed \u00fa\u0159ad inspekce pr\u00e1ce se za\u010dal zab\u00fdvat v\u00e1no\u010dn\u00edm ve\u010d\u00edrkem na ministerstvu pr\u00e1ce a soci\u00e1ln\u00edch v\u011bc\u00ed. Akce se konala v den st\u0159elby na Filozofick\u00e9 fakult\u011b. Na m\u00edst\u011b toti\u017e zam\u011bstnanci pravd\u011bpodobn\u011b pili alkohol, co\u017e se na pracovi\u0161ti nesm\u00ed ani mimo pracovn\u00ed dobu. O zah\u00e1jen\u00ed inspekce informoval port\u00e1l iRozhlas.cz.<br \/><br \/>Kv\u016fli ve\u010d\u00edrku m\u011bl u\u017e\u00a0<strong>ministr<\/strong>\u00a0<strong>pr\u00e1ce<\/strong>\u00a0a soci\u00e1ln\u00edch v\u011bc\u00ed Marian Jure\u010dka hlavu na \u0161palku. Situaci ust\u00e1l. Te\u010f ale inspektor\u00e1t pr\u00e1ce zah\u00e1jil kontrolu.<br \/><br \/>Richard KOLIBA\u010c, mluv\u010d\u00ed St\u00e1tn\u00edho \u00fa\u0159adu inspekce pr\u00e1ce<br \/>&#8212;&#8212;&#8212;&#8212;&#8212;&#8212;&#8211;<br \/>Kontrola byla zah\u00e1jena 15. \u00fanora leto\u0161n\u00edho roku a jej\u00ed v\u00fdsledek nelze p\u0159edj\u00edmat. O v\u00fdsledku kontroly budeme informovat a\u017e po jej\u00edm ukon\u010den\u00ed, to znamen\u00e1 po vypracov\u00e1n\u00ed protokolu a vy\u0159\u00edzen\u00ed n\u00e1mitek.<br \/><br \/>redaktor \/citace: Jakub AUGUSTA, mluv\u010d\u00ed Ministerstva pr\u00e1ce a soci\u00e1ln\u00edch v\u011bc\u00ed\/<br \/>&#8212;&#8212;&#8212;&#8212;&#8212;&#8212;&#8211;<br \/>&#8222;M\u016f\u017eeme potvrdit, \u017ee ozn\u00e1men\u00ed ze strany St\u00e1tn\u00edho \u00fa\u0159adu inspekce pr\u00e1ce jsme obdr\u017eeli a v cel\u00e9 v\u011bci poskytujeme ve\u0161kerou sou\u010dinnost.&#8220;<br \/><br \/>redaktorka<br \/>&#8212;&#8212;&#8212;&#8212;&#8212;&#8212;&#8211;<br \/>Podle n\u011bkter\u00fdch politolog\u016f by ale dal\u0161\u00ed kauza mohla u\u0161kodit lidovc\u016fm, kte\u0159\u00ed u\u017e te\u010f maj\u00ed podle pr\u016fzkumu n\u00edzkou voli\u010dskou podporu.<br \/><br \/>Luk\u00e1\u0161 JEL\u00cdNEK, politolog<br \/>&#8212;&#8212;&#8212;&#8212;&#8212;&#8212;&#8211;<br \/>Kauzy, kter\u00e9 se kolem lidovc\u016f odehr\u00e1vaj\u00ed, jenom umoc\u0148uj\u00ed pocit voli\u010d\u016f, \u017ee ta strana u\u017e d\u00e1vno je za zenitem.<br \/><br \/>redaktorka<br \/>&#8212;&#8212;&#8212;&#8212;&#8212;&#8212;&#8211;<br \/>Kdy budou v\u00fdsledky kontroly hotov\u00e9, zat\u00edm nen\u00ed jasn\u00e9. <\/p>\n","protected":false},"excerpt":{"rendered":"<div class=\"mh-excerpt\"><p>NOVA TV St\u00e1tn\u00ed \u00fa\u0159ad inspekce pr\u00e1ce se za\u010dal zab\u00fdvat v\u00e1no\u010dn\u00edm ve\u010d\u00edrkem na ministerstvu pr\u00e1ce a soci\u00e1ln\u00edch v\u011bc\u00ed. Akce se konala v den st\u0159elby na Filozofick\u00e9 <a class=\"mh-excerpt-more\" href=\"https:\/\/www.invarena.cz\/?p=46325\" title=\"\u00da\u0159ad za\u010dal prov\u011b\u0159ovat v\u00e1no\u010dn\u00ed ve\u010d\u00edrek na ministerstvu pr\u00e1ce a soci\u00e1ln\u00edch v\u011bc\u00ed\u00a0\u00a0\">[&#8230;]<\/a><\/p>\n<\/div>","protected":false},"author":1,"featured_media":1226,"comment_status":"open","ping_status":"closed","sticky":false,"template":"","format":"standard","meta":{"footnotes":""},"categories":[6],"tags":[],"class_list":["post-46325","post","type-post","status-publish","format-standard","has-post-thumbnail","hentry","category-politika"],"_links":{"self":[{"href":"https:\/\/www.invarena.cz\/index.php?rest_route=\/wp\/v2\/posts\/46325","targetHints":{"allow":["GET"]}}],"collection":[{"href":"https:\/\/www.invarena.cz\/index.php?rest_route=\/wp\/v2\/posts"}],"about":[{"href":"https:\/\/www.invarena.cz\/index.php?rest_route=\/wp\/v2\/types\/post"}],"author":[{"embeddable":true,"href":"https:\/\/www.invarena.cz\/index.php?rest_route=\/wp\/v2\/users\/1"}],"replies":[{"embeddable":true,"href":"https:\/\/www.invarena.cz\/index.php?rest_route=%2Fwp%2Fv2%2Fcomments&post=46325"}],"version-history":[{"count":0,"href":"https:\/\/www.invarena.cz\/index.php?rest_route=\/wp\/v2\/posts\/46325\/revisions"}],"wp:featuredmedia":[{"embeddable":true,"href":"https:\/\/www.invarena.cz\/index.php?rest_route=\/wp\/v2\/media\/1226"}],"wp:attachment":[{"href":"https:\/\/www.invarena.cz\/index.php?rest_route=%2Fwp%2Fv2%2Fmedia&parent=46325"}],"wp:term":[{"taxonomy":"category","embeddable":true,"href":"https:\/\/www.invarena.cz\/index.php?rest_route=%2Fwp%2Fv2%2Fcategories&post=46325"},{"taxonomy":"post_tag","embeddable":true,"href":"https:\/\/www.invarena.cz\/index.php?rest_route=%2Fwp%2Fv2%2Ftags&post=46325"}],"curies":[{"name":"wp","href":"https:\/\/api.w.org\/{rel}","templated":true}]}}