{"id":46366,"date":"2024-02-24T22:03:29","date_gmt":"2024-02-24T21:03:29","guid":{"rendered":"https:\/\/www.invarena.cz\/?p=46366"},"modified":"2024-02-24T22:03:30","modified_gmt":"2024-02-24T21:03:30","slug":"tobiasek-na-svet-hodne-chvatal-potrebuje-specialni-peci","status":"publish","type":"post","link":"https:\/\/www.invarena.cz\/?p=46366","title":{"rendered":"Tobi\u00e1\u0161ek na sv\u011bt hodn\u011b chv\u00e1tal. Pot\u0159ebuje speci\u00e1ln\u00ed p\u00e9\u010di"},"content":{"rendered":"\n<p>Psal se konec srpna roku 2020 a man\u017eel\u00e9 Zdislava a Marek z po\u0161umavsk\u00e9 Su\u0161ice pr\u00e1v\u011b slavili sv\u00e9 v\u00fdro\u010d\u00ed svatby. Nast\u00e1vaj\u00edc\u00ed maminka byla tehdy ve 28. t\u00fddnu t\u011bhotenstv\u00ed, t\u0159et\u00ed potomek se m\u011bl narodit a\u017e za 12 t\u00fddn\u016f, a tak s man\u017eelem nepo\u010d\u00edtali se \u017e\u00e1dn\u00fdmi komplikacemi.<\/p>\n\n\n\n<p>Mal\u00fd Tobi\u00e1\u0161 se ale rozhodl pod\u00edvat na sv\u011bt p\u0159ed\u010dasn\u011b. Do \u017eivota si vzhledem k velmi brzk\u00e9mu narozen\u00ed p\u0159inesl r\u016fzn\u00e9 zdravotn\u00ed komplikace.<\/p>\n\n\n\n<p>\u201eByli jsme s man\u017eelem na slavnostn\u00ed ve\u010de\u0159i. Kdy\u017e jsme se vr\u00e1tili, za\u010dala jsem siln\u011b krv\u00e1cet. Okam\u017eit\u011b m\u011b odvezl do Klatovsk\u00e9 nemocnice, kde zanedlouho p\u0159i\u0161el Tob\u00edk na sv\u011bt. M\u011bl 1350 g a 41 cm,\u201c vzpom\u00edn\u00e1 pan\u00ed Zdislava. Do\u0161lo u n\u00ed k masivn\u00edmu krv\u00e1cen\u00ed z placenty, co\u017e vy\u017eadovalo okam\u017eit\u00e9 proveden\u00ed c\u00edsa\u0159sk\u00e9ho \u0159ezu. Jejich syn, na kter\u00e9ho se spole\u010dn\u011b s tenkr\u00e1t \u010dty\u0159letou Terezkou a ro\u010dn\u00edm Eli\u00e1\u0161kem velmi t\u011b\u0161ili, tak p\u0159i\u0161el na sv\u011bt velmi nedono\u0161en\u00fd. \u201eA\u010dkoliv bezprost\u0159edn\u011b po porodu Tobi\u00e1\u0161ek s\u00e1m d\u00fdchal a srdce pracovalo, postupn\u011b se kv\u016fli nezralosti plic jeho d\u00fdch\u00e1n\u00ed zhor\u0161ilo. Po p\u0159evozu do Fakultn\u00ed nemocnice v Plzni byl napojen na um\u011blou plicn\u00ed ventilaci s pod\u00e1v\u00e1n\u00edm kysl\u00edku a l\u00e9ku pro podporu rozvinut\u00ed plic. I p\u0159es podpo\u0159en\u00ed d\u00fdchac\u00edch funkc\u00ed se u n\u011bj nakonec vyvinulo t\u011b\u017ek\u00e9 posti\u017een\u00ed plic, kter\u00e9 vy\u017eadovalo plicn\u00ed ventilaci po dobu 6 t\u00fddn\u016f. B\u011bhem t\u00e9 doby se jeho stav zkomplikoval je\u0161t\u011b t\u011b\u017ek\u00fdm infek\u010dn\u00edm z\u00e1n\u011btem,\u201c popisuje jeho maminka.<\/p>\n\n\n\n<p>N\u00e1sleduj\u00edc\u00ed m\u011bs\u00edce byly pro Tob\u00edka a jeho rodinu nesm\u00edrn\u011b n\u00e1ro\u010dn\u00e9. Podstoupil mnoho chirurgick\u00fdch z\u00e1krok\u016f, v\u010detn\u011b operace hlavy a implantace V-P shuntu (hadi\u010dky, kter\u00e1 odv\u00e1d\u00ed nadbytek mozkom\u00ed\u0161n\u00edho moku, jen\u017e by zvy\u0161oval tlak na mozek, do b\u0159\u00ed\u0161ka), co\u017e bylo nezbytn\u00e9 k \u0159e\u0161en\u00ed jeho komplexn\u00edho zdravotn\u00edho stavu. P\u0159es v\u0161echnu tuto l\u00e9ka\u0159skou p\u00e9\u010di si Tob\u00edk do \u017eivota p\u0159inesl d\u011btskou mozkovou obrnu, sekund\u00e1rn\u00ed epilepsii a mnoho dal\u0161\u00edch v\u00edce \u010di m\u00e9n\u011b v\u00e1\u017en\u011bj\u0161\u00edch zdravotn\u00edch komplikac\u00ed.<\/p>\n\n\n\n<p>I p\u0159esto, \u017ee Tob\u00edk st\u00e1le \u010del\u00ed r\u016fzn\u00fdm v\u00fdzv\u00e1m, nap\u0159\u00edklad probl\u00e9m\u016fm se zrakem \u010di motorikou, se sna\u017e\u00ed jeho rodina z\u016fstat pozitivn\u00ed. \u201eRan\u00e1 p\u00e9\u010de p\u0159inesla do Tob\u00edkova \u017eivota nov\u00e9 mo\u017enosti. Jeho pohybov\u00fd v\u00fdvoj pokro\u010dil i po tom, co za\u010dal nosit br\u00fdle. Za\u010dal se plazit a psychicky mu to hodn\u011b pomohlo. Ka\u017edou st\u0159edu s n\u00edm doj\u00ed\u017ed\u00edme na fyzioterapie a ergoterapie, ve \u010dtvrtek pak na hipoterapie a sna\u017e\u00edme se mu dop\u0159\u00e1t i neurorehabilitace. Tak\u00e9 mu po\u0159izujeme \u0159adu pom\u016fcek a p\u0159edm\u011bt\u016f, kter\u00e9 ho rozv\u00edj\u00ed,\u201c dod\u00e1v\u00e1 pan\u00ed Zdislava. Ona i man\u017eel Marek maj\u00ed radost, \u017ee se do p\u00e9\u010de o Tob\u00edka zapojuj\u00ed i jeho sourozenci. \u201eZejm\u00e9na Terezka, kter\u00e9 je nyn\u00ed osm let, je hodn\u011b velk\u00e1 ch\u016fva. P\u0159ebaluje ho a podobn\u011b. D\u011bti maj\u00ed velmi hezk\u00e9 vztahy,\u201c pochvaluje si maminka.<\/p>\n\n\n\n<p>Pr\u00e1v\u011b to, \u017ee je t\u0159eba pro Tob\u00edka po\u0159izovat r\u016fzn\u00e9 v\u011bci, napom\u00e1haj\u00edc\u00ed jeho rozvoji, bylo d\u016fvodem, pro\u010d se jeho rodi\u010de rozhodli po\u017e\u00e1dat o pomoc d\u00e1rce z nadace Dobr\u00fd and\u011bl, kter\u00e1 pom\u00e1h\u00e1 pravideln\u00fdmi finan\u010dn\u00edmi p\u0159\u00edsp\u011bvky rodin\u00e1m s d\u011btmi, v nich\u017e se vyskytlo v\u00e1\u017en\u00e9 onemocn\u011bn\u00ed. \u201eV\u011bt\u0161inu sv\u00e9ho \u017eivota se v\u011bnuji pr\u00e1ci s lidmi, pom\u00e1h\u00e1m jim naj\u00edt sv\u00e9 posl\u00e1n\u00ed, dos\u00e1hnout vnit\u0159n\u00edho uzdraven\u00ed a zlep\u0161ovat rodinn\u00e9 vztahy. Nikdy bych si nemyslel, \u017ee se ocitnu v situaci, kdy budu s\u00e1m pot\u0159ebovat pro svoji rodinu pomoc, a to i finan\u010dn\u00ed. Zjistil jsem, \u017ee je mnohem jednodu\u0161\u0161\u00ed pom\u00e1hat, ne\u017e p\u0159ij\u00edmat pomoc od druh\u00fdch. Chci proto up\u0159\u00edmn\u011b pod\u011bkovat Dobr\u00fdm and\u011bl\u016fm za podporu, povzbuzen\u00ed a za to, \u017ee n\u00e1s utvrzuj\u00ed v p\u0159esv\u011bd\u010den\u00ed, \u017ee v t\u011b\u017ek\u00fdch chv\u00edl\u00edch na to nejsme sami,\u201c dopl\u0148uje svou man\u017eelku pan Marek s t\u00edm, \u017ee p\u0159\u00edsp\u011bvky Dobr\u00fdch and\u011bl\u016f vyu\u017e\u00edvaj\u00ed p\u0159edev\u0161\u00edm na platby terapi\u00ed a n\u00e1kupy r\u016fzn\u00fdch pom\u016fcek pro Tob\u00edka.<\/p>\n\n\n\n<p>Jak pom\u00e1hat<\/p>\n\n\n\n<p>V\u00e1\u017en\u00e1 nemoc, to je spousta starost\u00ed a v\u00fddaj\u016f nav\u00edc. Pokud byste cht\u011bli rodin\u00e1m, v nich\u017e se d\u00edt\u011b, maminka \u010di t\u00e1ta pot\u00fdk\u00e1 se z\u00e1va\u017en\u00fdm onemocn\u011bn\u00edm, pom\u00e1hat i vy, sta\u0148te se Dobr\u00fdmi and\u011bly. Sta\u010d\u00ed se zaregistrovat na www.dobryandel.cz, zvolit libovolnou v\u00fd\u0161i p\u0159\u00edsp\u011bvku a za\u010d\u00edt p\u0159isp\u00edvat. Nadace va\u0161e p\u0159\u00edsp\u011bvky odevzd\u00e1 do posledn\u00edho hal\u00e9\u0159e a vy se d\u00edky sv\u00e9mu And\u011blsk\u00e9mu \u00fa\u010dtu m\u016f\u017eete ka\u017ed\u00fd m\u011bs\u00edc pod\u00edvat, kter\u00e9 konkr\u00e9tn\u00ed rodin\u011b jste pomohli. Nadace Dobr\u00fd and\u011bl<\/p>\n\n\n\n<p>Milan Kili\u00e1n<\/p>\n\n\n\n<p>Karlovarsk\u00fd den\u00edk<\/p>\n\n\n\n<p><a href=\"https:\/\/karlovarsky.denik.cz\/\" target=\"_blank\" rel=\"noreferrer noopener\">https:\/\/karlovarsky.denik.cz\/<\/a><\/p>\n","protected":false},"excerpt":{"rendered":"<div class=\"mh-excerpt\"><p>Psal se konec srpna roku 2020 a man\u017eel\u00e9 Zdislava a Marek z po\u0161umavsk\u00e9 Su\u0161ice pr\u00e1v\u011b slavili sv\u00e9 v\u00fdro\u010d\u00ed svatby. Nast\u00e1vaj\u00edc\u00ed maminka byla tehdy ve 28. <a class=\"mh-excerpt-more\" href=\"https:\/\/www.invarena.cz\/?p=46366\" title=\"Tobi\u00e1\u0161ek na sv\u011bt hodn\u011b chv\u00e1tal. Pot\u0159ebuje speci\u00e1ln\u00ed p\u00e9\u010di\">[&#8230;]<\/a><\/p>\n<\/div>","protected":false},"author":1,"featured_media":21938,"comment_status":"open","ping_status":"closed","sticky":false,"template":"","format":"standard","meta":{"footnotes":""},"categories":[9],"tags":[],"class_list":["post-46366","post","type-post","status-publish","format-standard","has-post-thumbnail","hentry","category-zpravy"],"_links":{"self":[{"href":"https:\/\/www.invarena.cz\/index.php?rest_route=\/wp\/v2\/posts\/46366","targetHints":{"allow":["GET"]}}],"collection":[{"href":"https:\/\/www.invarena.cz\/index.php?rest_route=\/wp\/v2\/posts"}],"about":[{"href":"https:\/\/www.invarena.cz\/index.php?rest_route=\/wp\/v2\/types\/post"}],"author":[{"embeddable":true,"href":"https:\/\/www.invarena.cz\/index.php?rest_route=\/wp\/v2\/users\/1"}],"replies":[{"embeddable":true,"href":"https:\/\/www.invarena.cz\/index.php?rest_route=%2Fwp%2Fv2%2Fcomments&post=46366"}],"version-history":[{"count":0,"href":"https:\/\/www.invarena.cz\/index.php?rest_route=\/wp\/v2\/posts\/46366\/revisions"}],"wp:featuredmedia":[{"embeddable":true,"href":"https:\/\/www.invarena.cz\/index.php?rest_route=\/wp\/v2\/media\/21938"}],"wp:attachment":[{"href":"https:\/\/www.invarena.cz\/index.php?rest_route=%2Fwp%2Fv2%2Fmedia&parent=46366"}],"wp:term":[{"taxonomy":"category","embeddable":true,"href":"https:\/\/www.invarena.cz\/index.php?rest_route=%2Fwp%2Fv2%2Fcategories&post=46366"},{"taxonomy":"post_tag","embeddable":true,"href":"https:\/\/www.invarena.cz\/index.php?rest_route=%2Fwp%2Fv2%2Ftags&post=46366"}],"curies":[{"name":"wp","href":"https:\/\/api.w.org\/{rel}","templated":true}]}}