{"id":46380,"date":"2024-02-26T07:04:00","date_gmt":"2024-02-26T06:04:00","guid":{"rendered":"https:\/\/www.invarena.cz\/?p=46380"},"modified":"2024-02-26T07:42:31","modified_gmt":"2024-02-26T06:42:31","slug":"ktere-profese-jsou-rizikove","status":"publish","type":"post","link":"https:\/\/www.invarena.cz\/?p=46380","title":{"rendered":"Kter\u00e9 profese jsou rizikov\u00e9?\u00a0\u00a0"},"content":{"rendered":"\n<p>Prima\u00a0&#8211; Hlavn\u00ed zpr\u00e1vy<br \/><br \/>Ministerstvo pr\u00e1ce p\u0159edstav\u00ed p\u0159\u00ed\u0161t\u00ed t\u00fdden seznam profes\u00ed, u kter\u00fdch po\u010d\u00edt\u00e1 s d\u0159\u00edv\u011bj\u0161\u00edm odchodem do d\u016fchodu. V Partii Terezie Tom\u00e1nkov\u00e9 to sl\u00edbil \u0161\u00e9f resortu Marian Jure\u010dka.<br \/><br \/>Roman \u0160ebrle, moder\u00e1tor<br \/>&#8212;&#8212;&#8212;&#8212;&#8212;&#8212;&#8211;<br \/>St\u00ednov\u00fd ministr Ale\u0161 Juchelka ale kritizuje z\u00e1m\u011br umo\u017enit p\u0159ed\u010dasn\u00fd odchod do penze jen n\u011bkter\u00fdm n\u00e1ro\u010dn\u00fdm profes\u00edm. Aspo\u0148 \u010d\u00e1ste\u010dn\u00e1 shoda opozice a koalice ale panuje na slou\u010den\u00ed soci\u00e1ln\u00edch d\u00e1vek.<br \/><br \/>Kov\u00e1\u0159i, lesn\u00edci, \u0159ezn\u00edci, sv\u00e1\u0159e\u010di nebo no\u010dn\u00ed profese. P\u0159\u00edklady prac\u00ed za\u0159azen\u00fdch do t\u0159et\u00ed kategorie, kde hroz\u00ed ur\u010dit\u00e1 zdravotn\u00ed rizika. Podle ministra u\u017e ale dnes d\u00edky pokroku nejsou nebezpe\u010dn\u00e9 v\u0161echny.<br \/><br \/>Marian Jure\u010dka, vicepremi\u00e9r,\u00a0<strong>ministr<\/strong>\u00a0<strong>pr\u00e1ce<\/strong>\u00a0a soci\u00e1ln\u00edch v\u011bc\u00ed, p\u0159edseda strany \/KDU-\u010cSL\/<br \/>&#8212;&#8212;&#8212;&#8212;&#8212;&#8212;&#8211;<br \/>T\u0159eba v\u00fdvoj v oblasti lak\u00fdrnictv\u00ed, kter\u00fd tady je za posledn\u00edch 30 let, je opravdu velk\u00fd z hlediska mo\u017enosti ochrany toho \u010dlov\u011bka.<br \/><br \/>redaktor<br \/>&#8212;&#8212;&#8212;&#8212;&#8212;&#8212;&#8211;<br \/>Do t\u0159et\u00ed kategorie spad\u00e1 na 450 000 lid\u00ed. Na p\u0159ed\u010dasn\u00fd d\u016fchod bez kr\u00e1cen\u00ed m\u00e1 podle Jure\u010dky m\u00edt n\u00e1rok asi 120 000 z nich.<br \/><br \/>Ale\u0161 Juchelka, m\u00edstop\u0159edseda poslaneck\u00e9ho klubu, st\u00ednov\u00fd\u00a0<strong>ministr<\/strong>\u00a0<strong>pr\u00e1ce<\/strong>\u00a0a soci\u00e1ln\u00edch v\u011bc\u00ed \/ANO\/<br \/>&#8212;&#8212;&#8212;&#8212;&#8212;&#8212;&#8211;<br \/>Zat\u00edm ten c\u00edl je jedin\u00fd, a to na d\u016fchodc\u00edch u\u0161et\u0159it. Proto\u017ee t\u011bch lid\u00ed, kte\u0159\u00ed budou moci odch\u00e1zet do d\u00edky n\u00e1ro\u010dn\u00fdm profes\u00edm p\u0159ed\u010dasn\u00e9ho d\u016fchodu, bude teda m\u00e9n\u011b.<br \/><br \/>redaktor<br \/>&#8212;&#8212;&#8212;&#8212;&#8212;&#8212;&#8211;<br \/>Ve\u0159ejnost mezit\u00edm spekuluje, kter\u00e9 profese mo\u017enost p\u0159ed\u010dasn\u00e9 penze dostanou.<br \/>Psychick\u00e1 z\u00e1t\u011b\u017e a stres velk\u00fd p\u0159i zam\u011bstn\u00e1n\u00ed bude pova\u017eov\u00e1n za parametr, kter\u00fd bude uzn\u00e1n jako n\u00e1ro\u010dn\u00e1 profese?<br \/><br \/>Marian Jure\u010dka, vicepremi\u00e9r,\u00a0<strong>ministr<\/strong>\u00a0<strong>pr\u00e1ce<\/strong>\u00a0a soci\u00e1ln\u00edch v\u011bc\u00ed, p\u0159edseda strany \/KDU-\u010cSL\/<br \/>&#8212;&#8212;&#8212;&#8212;&#8212;&#8212;&#8211;<br \/>Opravdu budu p\u0159edstavovat ten n\u00e1vrh v pr\u016fb\u011bhu p\u0159\u00ed\u0161t\u00edho t\u00fddne.<br \/><br \/>Jana Mal\u00e1\u010dov\u00e1, b\u00fdval\u00e1 ministryn\u011b pr\u00e1ce a soci\u00e1ln\u00edch v\u011bc\u00ed \/SOCDEM\/<br \/>&#8212;&#8212;&#8212;&#8212;&#8212;&#8212;&#8211;<br \/>Podle t\u011bch aktu\u00e1ln\u00edch informac\u00ed, kter\u00e9 m\u00e1m, tak je prost\u011b \u0161koda, \u017ee tam nejsou zdravotn\u00edci z t\u00e9 trojky.<br \/><br \/> redaktor<br \/>&#8212;&#8212;&#8212;&#8212;&#8212;&#8212;&#8211;<br \/>Zm\u011bn dozn\u00e1 i syst\u00e9m soci\u00e1ln\u00edch d\u00e1vek, kde se \u010dty\u0159i d\u00e1vky slou\u010d\u00ed do jedn\u00e9. Efektem by m\u011blo b\u00fdt, \u017ee na podporu u\u017e nedos\u00e1hnou ti, kte\u0159\u00ed ji nepot\u0159ebuj\u00ed.<br \/><br \/>Marian Jure\u010dka, vicepremi\u00e9r,\u00a0<strong>ministr<\/strong>\u00a0<strong>pr\u00e1ce<\/strong>\u00a0a soci\u00e1ln\u00edch v\u011bc\u00ed, p\u0159edseda strany \/KDU-\u010cSL\/<br \/>&#8212;&#8212;&#8212;&#8212;&#8212;&#8212;&#8211;<br \/>\u010clov\u011bk, kter\u00fd m\u00e1 t\u0159eba 5, 10 nemovitost\u00ed, m\u00e1 na \u00fa\u010dtu miliony korun, tak ten rozhodn\u011b u\u017e nez\u00edsk\u00e1 d\u00e1vku na p\u0159\u00edsp\u011bvek na bydlen\u00ed.<br \/><br \/> redaktor<br \/>&#8212;&#8212;&#8212;&#8212;&#8212;&#8212;&#8211;<br \/>St\u00e1t by podle\u00a0<strong>ministra<\/strong>\u00a0<strong>pr\u00e1ce<\/strong>\u00a0mohl v budoucnu jednodu\u0161e zji\u0161\u0165ovat majetkov\u00e9 pom\u011bry \u017eadatel\u016f o podporu i d\u00edky digitalizaci.<br \/><br \/>Ale\u0161 Juchelka, m\u00edstop\u0159edseda poslaneck\u00e9ho klubu, st\u00ednov\u00fd\u00a0<strong>ministr<\/strong>\u00a0<strong>pr\u00e1ce<\/strong>\u00a0a soci\u00e1ln\u00edch v\u011bc\u00ed \/ANO\/<br \/>&#8212;&#8212;&#8212;&#8212;&#8212;&#8212;&#8211;<br \/>Rozum\u00edm tomu, samoz\u0159ejm\u011b, \u017ee pan ministr to d\u011bl\u00e1 pro ty, kte\u0159\u00ed jsou dlouhodob\u011b nezam\u011bstnan\u00ed, maj\u00ed zdrav\u00e9 ruce, zdrav\u00e9 nohy, t\u0159eba nepos\u00edlaj\u00ed sv\u00e9 d\u011bti do \u0161koly atd., ale fakt z\u00e1le\u017e\u00ed v\u0161echno na t\u011bch detailech.<br \/><br \/>redaktor<br \/>&#8212;&#8212;&#8212;&#8212;&#8212;&#8212;&#8211;<br \/>Lid\u00e9, kte\u0159\u00ed se st\u00e1tem nespolupracuj\u00ed, by tak m\u011bli o podporu p\u0159ij\u00edt. Naopak ti, kte\u0159\u00ed se podle slov vl\u00e1dy sna\u017e\u00ed, si pr\u00fd naopak finan\u010dn\u011b polep\u0161\u00ed.<\/p>\n\n\n\n<p> CNN Prima News.<\/p>\n\n\n\n<p><\/p>\n","protected":false},"excerpt":{"rendered":"<div class=\"mh-excerpt\"><p>Prima\u00a0&#8211; Hlavn\u00ed zpr\u00e1vy Ministerstvo pr\u00e1ce p\u0159edstav\u00ed p\u0159\u00ed\u0161t\u00ed t\u00fdden seznam profes\u00ed, u kter\u00fdch po\u010d\u00edt\u00e1 s d\u0159\u00edv\u011bj\u0161\u00edm odchodem do d\u016fchodu. V Partii Terezie Tom\u00e1nkov\u00e9 to sl\u00edbil \u0161\u00e9f <a class=\"mh-excerpt-more\" href=\"https:\/\/www.invarena.cz\/?p=46380\" title=\"Kter\u00e9 profese jsou rizikov\u00e9?\u00a0\u00a0\">[&#8230;]<\/a><\/p>\n<\/div>","protected":false},"author":1,"featured_media":18323,"comment_status":"open","ping_status":"closed","sticky":false,"template":"","format":"standard","meta":{"footnotes":""},"categories":[9],"tags":[],"class_list":["post-46380","post","type-post","status-publish","format-standard","has-post-thumbnail","hentry","category-zpravy"],"_links":{"self":[{"href":"https:\/\/www.invarena.cz\/index.php?rest_route=\/wp\/v2\/posts\/46380","targetHints":{"allow":["GET"]}}],"collection":[{"href":"https:\/\/www.invarena.cz\/index.php?rest_route=\/wp\/v2\/posts"}],"about":[{"href":"https:\/\/www.invarena.cz\/index.php?rest_route=\/wp\/v2\/types\/post"}],"author":[{"embeddable":true,"href":"https:\/\/www.invarena.cz\/index.php?rest_route=\/wp\/v2\/users\/1"}],"replies":[{"embeddable":true,"href":"https:\/\/www.invarena.cz\/index.php?rest_route=%2Fwp%2Fv2%2Fcomments&post=46380"}],"version-history":[{"count":0,"href":"https:\/\/www.invarena.cz\/index.php?rest_route=\/wp\/v2\/posts\/46380\/revisions"}],"wp:featuredmedia":[{"embeddable":true,"href":"https:\/\/www.invarena.cz\/index.php?rest_route=\/wp\/v2\/media\/18323"}],"wp:attachment":[{"href":"https:\/\/www.invarena.cz\/index.php?rest_route=%2Fwp%2Fv2%2Fmedia&parent=46380"}],"wp:term":[{"taxonomy":"category","embeddable":true,"href":"https:\/\/www.invarena.cz\/index.php?rest_route=%2Fwp%2Fv2%2Fcategories&post=46380"},{"taxonomy":"post_tag","embeddable":true,"href":"https:\/\/www.invarena.cz\/index.php?rest_route=%2Fwp%2Fv2%2Ftags&post=46380"}],"curies":[{"name":"wp","href":"https:\/\/api.w.org\/{rel}","templated":true}]}}