{"id":46426,"date":"2024-02-27T05:41:30","date_gmt":"2024-02-27T04:41:30","guid":{"rendered":"https:\/\/www.invarena.cz\/?p=46426"},"modified":"2024-02-27T05:48:40","modified_gmt":"2024-02-27T04:48:40","slug":"jak-to-vidi-ing-marek-sedivy","status":"publish","type":"post","link":"https:\/\/www.invarena.cz\/?p=46426","title":{"rendered":"Ve\u0159ejn\u011b prosp\u011b\u0161n\u00fdch organizac\u00ed je p\u0159es 120 tis\u00edc, \u0159\u00edk\u00e1 \u0160ediv\u00fd\u00a0\u00a0"},"content":{"rendered":"\n<p>\u010cRo Dvojka<\/p>\n\n\n\n<p><br \/>Zbigniew Czendlik a jeho host, prezident Asociace ve\u0159ejn\u011b prosp\u011b\u0161n\u00fdch organizac\u00ed pan Ing. Marek \u0160ediv\u00fd. <br \/>&#8212;&#8212;<br \/>Zeptal bych se hned v \u00favodu, jak\u00e1 jsou krit\u00e9ria, aby se organizace mohla \u0159\u00e1dit mezi ve\u0159ejn\u011b prosp\u011b\u0161n\u00e1?<br \/><br \/>Ing. Marek \u0160ediv\u00fd, <br \/>&#8212;&#8212;&#8212;&#8212;&#8212;&#8212;&#8211;<br \/>No, vy hned ze za\u010d\u00e1tku mi d\u00e1v\u00e1te docela dost t\u011b\u017ek\u00e9 ot\u00e1zky. A vy to s\u00e1m tu\u0161\u00edte, \u017ee to nebude jednoduch\u00e9 a bohu\u017eel ono to jednoduch\u00e9 nen\u00ed, proto\u017ee v z\u00e1kon\u011b n\u00e1m vlastn\u011b chyb\u00ed definice ve\u0159ejn\u011b prosp\u011b\u0161nosti. A to je trochu probl\u00e9m, proto\u017ee jak nem\u00e1te u n\u00e1s v \u010cesk\u00e9 republice n\u011bco definov\u00e1no v z\u00e1kon\u011b, tak to nen\u00ed \u00fapln\u011b ta nejlep\u0161\u00ed verze. Tak\u017ee my m\u00e1me ur\u010dit\u00e1 sv\u00e1 krit\u00e9ria. Je tam ur\u010dit\u011b hodn\u011b d\u016fle\u017eit\u00e1 transparentnost a tak d\u00e1l. Ale p\u0159itom, kdy\u017e t\u0159eba j\u00e1 te\u010f u\u017e budu mluvit o t\u00e9 organizaci, kde pracuju, co\u017e je Asociace ve\u0159ejn\u011b prosp\u011b\u0161n\u00fdch organizac\u00ed, jak jste \u0159\u00edkal, tak tam se vlastn\u011b posuzuje spr\u00e1vn\u00ed rada a m\u00e1me n\u011bjak\u00e1 krit\u00e9ria pro ve\u0159ejnou prosp\u011b\u0161nost, ale v z\u00e1sad\u011b ka\u017ed\u00e1 instituce si tu ve\u0159ejnou prosp\u011b\u0161nost m\u016f\u017ee tak trochu definovat jako sama, ona je definice v z\u00e1kon\u011b, v ob\u010dansk\u00e9m z\u00e1kon\u00edku, je tam jeden paragraf. J\u00e1 jsem zapomn\u011bl to \u010d\u00edslo. Tak\u017ee te\u010f v\u00e1m ho ne\u0159eknu, ale je tam jenom stru\u010dn\u00e1 definice a je to prakticky o tom, \u017ee by m\u011bly p\u0159isp\u00edvat organizace k n\u011bjak\u00e9mu ve\u0159ejn\u00e9mu blahu. A te\u010fko je ta ot\u00e1zka, co v\u0161ecko do toho pat\u0159\u00ed.<br \/><br \/>Zbigniew Czendlik, moder\u00e1tor<br \/>&#8212;&#8212;&#8212;&#8212;&#8212;&#8212;&#8211;<br \/>A j\u00e1 jako kn\u011bz Zbigniew Czendlik jsem ve\u0159ejn\u011b prosp\u011b\u0161n\u00fd.<br \/><br \/>Ing. Marek \u0160ediv\u00fd, prezident Asociace ve\u0159ejn\u011b prosp\u011b\u0161n\u00fdch organizac\u00ed<br \/>&#8212;&#8212;&#8212;&#8212;&#8212;&#8212;&#8211;<br \/>Ur\u010dit\u011b, a tak u v\u00e1s zrovna c\u00edrkve ka\u017ed\u00e1 nebo ne ka\u017ed\u00e1, ale mnoho t\u011bch c\u00edrkv\u00ed m\u00e1 svoje, \u0159ekn\u011bme, servisn\u00ed organizace. Tak ur\u010dit\u011b jako charita, \u010cesk\u00e1 republika pod lidskou c\u00edrkv\u00ed, Diakonie m\u00e1 vlastn\u011b svoji organizaci. Tak\u017ee je to takhle ur\u010dit\u011b. J\u00e1 m\u00e1m, je\u0161t\u011b \u0159eknu, pro\u010d jsme vlastn\u011b zvolili tenhle ten komplikovan\u011bj\u0161\u00ed n\u00e1zev.<br \/>My norm\u00e1ln\u011b pou\u017e\u00edv\u00e1me neziskov\u00e9 organizaci. Ale neziskov\u00e9 organizace, n\u00e1m se tam nel\u00edb\u00ed ten z\u00e1por v tom slovu a ta negativita, kter\u00e1 v z\u00e1sad\u011b n\u011bjak v tom n\u00e1zvu u\u017e je. A druh\u00e1 v\u011bc je, kdy\u017e se \u0159ekne neziskovka, tak ta ve\u0159ejnost na to nikdy nereaguje nejl\u00e9pe. A proto my jsme zvolili ten n\u00e1zev ve\u0159ejn\u011b prosp\u011b\u0161n\u00e1, proto\u017ee to \u0159\u00edk\u00e1 to, co to vlastn\u011b skute\u010dn\u011b d\u011bl\u00e1 ta organizace. A nen\u00ed to o tom, jestli ten zisk tam je, nebo nen\u00ed. Ten n\u00e1zev popisuje to, \u017ee ta neziskovka, kdy\u017e si vyd\u011bl\u00e1 n\u011bjak\u00e9 pen\u00edze. To znamen\u00e1, \u017ee ona jim m\u016f\u017ee vyd\u011blat. Tak ale ten zisk, pokud tam n\u011bjak\u00fd z\u016fstane, tak se vrac\u00ed do \u010dinnosti t\u00e9 organizace a nerozd\u011bluje se n\u011bkam d\u00e1l mezi vlastn\u00edky a tak d\u00e1l, proto\u017ee neziskovka vlastn\u00edky nem\u00e1, m\u00e1 sv\u00e9 zakladatele. A ty zakladatel\u00e9 nedost\u00e1vaj\u00ed ten zisk. Ten zisk jde zp\u00e1tky do t\u00e9 neziskovky. Tak proto je to jako v \u010de\u0161tin\u011b neziskov\u00e1, jen\u017ee v \u010de\u0161tin\u011b prost\u011b m\u00e1me tady ta slova, kter\u00e1 n\u011bco jako popisuj\u00ed, ale ve fin\u00e1le tu konotaci m\u016f\u017eou n\u00e9st jinou. Tak\u017ee i z tohohle pohledu c\u00edrkve tak\u00e9 jako vyd\u011blaj\u00ed pen\u00edze, ale pak v tom \u00fa\u010detnictv\u00ed ty pen\u00edze se nerozd\u011bluj\u00ed, ten zisk se nerozd\u011bluje d\u00e1l, ale z\u016fst\u00e1v\u00e1 v organizaci.<br \/><br \/>Zbigniew Czendlik, moder\u00e1tor<br \/>&#8212;&#8212;&#8212;&#8212;&#8212;&#8212;&#8211;<br \/>M\u016f\u017eu \u0159\u00edct, \u017ee pod v\u00e1s spadaj\u00ed, anebo pod ten pojem ve\u0159ejn\u011b prosp\u011b\u0161n\u00e9 spadaj\u00ed v\u0161echny spolky, nadace, ob\u010dansk\u00e9 iniciativy, sdru\u017een\u00ed, nada\u010dn\u00ed fondy, nebo co bych tam je\u0161t\u011b mohl vyjmenovat?<br \/><br \/>Ing. Marek \u0160ediv\u00fd, <br \/>&#8212;&#8212;&#8212;&#8212;&#8212;&#8212;&#8211;<br \/>Vy jste se p\u0159ipravoval. J\u00e1 m\u00e1m radost, proto\u017ee to ani studenti \u010dasto nev\u00ed tento v\u00fd\u010det a vy um\u00edte. Tak to je skv\u011bl\u00e1 zpr\u00e1va, tak ano.<br \/><br \/>Ing. Marek \u0160ediv\u00fd, prezident Asociace ve\u0159ejn\u011b prosp\u011b\u0161n\u00fdch organizac\u00ed<br \/>&#8212;&#8212;&#8212;&#8212;&#8212;&#8212;&#8211;<br \/>To, co jste vyjmenoval, tam v z\u00e1sad\u011b pat\u0159\u00ed. U t\u011bch iniciativ, my tam \u0159ad\u00edme ty, kter\u00e9 jsou n\u011bkde registrov\u00e1ny jako ofici\u00e1ln\u011b. To znamen\u00e1, jsou zaps\u00e1ny v rejst\u0159\u00edku, co\u017e iniciativy b\u00fdt nemus\u00ed, ale \u0159ad\u00ed se ur\u010dit\u011b do ob\u010dansk\u00e9 spole\u010dnosti. Tak\u017ee by se tam daly za\u0159adit. V n\u011bkter\u00fdch zem\u00edch do t\u00e9to skupiny pat\u0159\u00ed t\u0159eba i vysok\u00e9 \u0161koly nebo univerzity, proto\u017ee to jsou taky vlastn\u011b neziskovky, kter\u00e9 u n\u00e1s hodn\u011b jako podporuje st\u00e1t, jako i n\u011bkter\u00e9 neziskov\u00e9 organizace. Tak\u017ee ta skupina pro ka\u017edou instituci m\u016f\u017ee ten v\u00fdklad b\u00fdt jin\u00fd. Co v\u0161ecko pod tady tu skupinu organizac\u00ed za\u0159azuje. Ale m\u00e1te pravdu, nezapome\u0148me na sport, ten je hodn\u011b \u010dastej a v\u0161ecky takov\u00fd ty t\u011blov\u00fdchovn\u00fd jednoty. To jsou v z\u00e1sad\u011b spolky, sportovn\u00ed spolky, tak\u017ee v\u0161ecko tohle to tam pat\u0159\u00ed, ve\u0161ker\u00e9 asociace. Tento t\u00fdden jsme za\u017eili st\u00e1vky v Praze. A i to jsou vlastn\u011b organizace, kter\u00e9 to organizuj\u00ed, tak to jsou v z\u00e1sad\u011b taky neziskov\u00e9 organizace. Proto\u017ee jsou to asociace, kter\u00e9 v\u011bt\u0161inou sdru\u017euj\u00ed jako zase dal\u0161\u00ed organizace a je to spolek, tak\u017ee ten v\u00fdklad m\u016f\u017ee b\u00fdt opravdu jako r\u016fznorod\u00fd.<br \/><br \/>Zbigniew Czendlik, moder\u00e1tor<br \/>&#8212;&#8212;&#8212;&#8212;&#8212;&#8212;&#8211;<br \/>Pane Marku, m\u016f\u017eeme \u0159\u00edct, \u017ee tyto ve\u0159ejn\u011b prosp\u011b\u0161n\u00e9 organizace jsou v ob\u010dansk\u00e9 spole\u010dnosti nezastupiteln\u00e9, \u017ee jsou jakoby takov\u00e9m pevn\u00fdm bodem ka\u017ed\u00e9 Ob\u010dansk\u00e9 demokratick\u00e9 spole\u010dnosti.<br \/><br \/>Ing. Marek \u0160ediv\u00fd, prezident Asociace ve\u0159ejn\u011b prosp\u011b\u0161n\u00fdch organizac\u00ed<br \/>&#8212;&#8212;&#8212;&#8212;&#8212;&#8212;&#8211;<br \/>To si mysl\u00edm, \u017ee je bez diskuze, ano. Jako jsou sou\u010d\u00e1st\u00ed, proto\u017ee ta spole\u010dnost u\u017e bez nich si nedovede v\u016fbec p\u0159edstavit, jak po\u0159\u00e1d \u0159\u00edk\u00e1me, \u017ee \u017eijeme v blahobytu, tak sou\u010d\u00e1st\u00ed toho blahobytu je, \u017ee m\u00e1me i ve\u0159ejn\u011b prosp\u011b\u0161n\u00e9 nebo neziskov\u00e9 organizace, kter\u00e9 \u010dasto poskytuj\u00ed i jako slu\u017eby ob\u010dan\u016fm, bez kter\u00fdch si nedovedou p\u0159edstavit, jako ta \u017eivotn\u00ed \u00farove\u0148 by \u0161la ur\u010dit\u011b velmi dol\u016f.<\/p>\n\n\n\n<p>Zbigniew Czendlik, moder\u00e1tor<br \/>&#8212;&#8212;&#8212;&#8212;&#8212;&#8212;&#8211;<br \/>To znamen\u00e1, je to n\u011bco, co charakterizuje demokratickou spole\u010dnost, tud\u00ed\u017e v nedemokratick\u00fdch spole\u010dnostech bychom se asi s takov\u00fdm t\u00edm v\u011bj\u00ed\u0159em nebo spektrem ob\u010dansk\u00fdch nebo ve\u0159ejn\u011b prosp\u011b\u0161n\u00fdch spole\u010dnost\u00ed asi nepotkali?<br \/><br \/>Ing. Marek \u0160ediv\u00fd, prezident Asociace ve\u0159ejn\u011b prosp\u011b\u0161n\u00fdch organizac\u00ed<br \/>&#8212;&#8212;&#8212;&#8212;&#8212;&#8212;&#8211;<br \/>Nepotkali, i kdy\u017e za komunistick\u00e9ho re\u017eimu jsme takov\u00e9 organizace m\u011bli. J\u00e1 nev\u00edm, jestli si pamatujete, jmenovalo se to N\u00e1rodn\u00ed fronta. Mysl\u00edm, \u017ee se tomu tak \u0159\u00edkalo, a to byly takov\u00fd, t\u0159eba, byl tam Spolek \u017een nebo tam byli Brontosau\u0159i je\u0161t\u011b v t\u00e9 dob\u011b. Tak\u017ee jako i ten re\u017eim si dr\u017eel vlastn\u011b sp\u00ed\u0161 asi pro t\u00e9 volno\u010dasov\u00e9 aktivity ur\u010dit\u00e9 organizace, ale bylo jich teda velmi m\u00e1lo a m\u011bly tu \u010dinnost velmi omezenou.<br \/><br \/>Zbigniew Czendlik, moder\u00e1tor<br \/>&#8212;&#8212;&#8212;&#8212;&#8212;&#8212;&#8211;<br \/>Pane Marku, vy jste u\u017e to nast\u00ednil tro\u0161ku v \u00favodu. Ale jak mysl\u00edte, odkud se bere takov\u00e1 ta ned\u016fv\u011bra spole\u010dnosti v\u016f\u010di neziskov\u00fdm organizac\u00edm? Je to jen o t\u00e9 transparentnosti t\u011bch organizac\u00ed, nebo je to o n\u011b\u010dem jin\u00e9m?<br \/><br \/>Ing. Marek \u0160ediv\u00fd, prezident Asociace ve\u0159ejn\u011b prosp\u011b\u0161n\u00fdch organizac\u00ed<br \/>&#8212;&#8212;&#8212;&#8212;&#8212;&#8212;&#8211;<br \/>J\u00e1 mysl\u00edm, \u017ee ta transparentnost v tomhle tom p\u0159\u00edpad\u011b mysl\u00edm, \u017ee u d\u00e1rcovstv\u00ed hraje velkou roli. Ale co se t\u00fdk\u00e1 jako presti\u017ee, tak tam si mysl\u00edm, \u017ee ta transparentnost tady nem\u00e1 takov\u00fd vliv na to, jak lidi posuzujou, jestli ta neziskovka je pro n\u011b jako ok, nebo nen\u00ed. Mysl\u00edm si, \u017ee to je o t\u00e9 \u0161\u00ed\u0159i, \u017ee vlastn\u011b v tom pytli neziskov\u00fdch organizac\u00ed je kdeco a \u010dasto ty organizace, jak jste \u0159\u00edkal, jsou sou\u010d\u00e1st\u00ed demokratick\u00e9 spole\u010dnosti. Tak\u017ee oni se vyjad\u0159uj\u00ed k n\u011bjak\u00fdm spole\u010densk\u00fdm probl\u00e9m\u016fm, probl\u00e9m\u016fm m\u00edstn\u00edm a tak d\u00e1l a m\u016f\u017eou b\u00fdt prost\u011b trnem v oku n\u011bkomu, komu se jejich n\u00e1zor nel\u00edb\u00ed. A to si pak mysl\u00edm, \u017ee m\u016f\u017ee zp\u016fsobovat a zp\u016fsobuje, ne, j\u00e1 si to nemysl\u00edm, j\u00e1 si mysl\u00edm, \u017ee to v\u00edm, \u017ee to zp\u016fsobuje pr\u00e1v\u011b tady ty nep\u0159\u00edzniv\u00e9 hodnocen\u00ed, proto\u017ee kdy\u017e se budem bavit o organizac\u00edch, kter\u00e9 se staraj\u00ed o\u00a0<strong>posti\u017een\u00e9<\/strong>\u00a0d\u011bti,\u00a0<strong>posti\u017een\u00e9<\/strong>, dosp\u011bl\u00e9, ment\u00e1ln\u011b\u00a0<strong>posti\u017een\u00e9<\/strong>\u00a0a tak d\u00e1l, tak tam asi nebude m\u00edt nikdo probl\u00e9m s t\u00edm, \u017ee takov\u00e9hle organizace existuj\u00ed. A jsou to vlastn\u011b taky neziskovky nebo jsou to neziskovky, ale jsou pak tam ekologick\u00e9 organizace, kter\u00e9 u\u017e n\u011bkde blokuj\u00ed v\u00fdstavbu a tak d\u00e1l, tak\u017ee tam u\u017e si mysl\u00edm, \u017ee tam u\u017e to vn\u00edm\u00e1n\u00ed bude jako r\u016fzn\u00e9 u spole\u010dnosti, jsou tam organizace, kter\u00e9 bojuj\u00ed za lidsk\u00e1 pr\u00e1va. A v\u0161ichni v\u00edme, \u017ee ty lidsk\u00e1 pr\u00e1va jsou v t\u00e9hle dob\u011b to, co tu spole\u010dnost z\u00e1sadn\u011b n\u00e1zor na to, jak by to m\u011blo b\u00fdt, tu spole\u010dnost rozd\u011bluje. Tak\u017ee to jsou v\u011bci, kter\u00e9 si mysl\u00edm, \u017ee tam maj\u00ed vliv pr\u00e1v\u011b na tu jako d\u016fv\u011bryhodnost neziskov\u00fdch organizac\u00ed. A kdy\u017e \u0159eknete neziskovka, tak ka\u017ed\u00fdmu vysko\u010d\u00ed pr\u00e1v\u011b n\u011bco jin\u00e9ho, n\u011bkomu, \u017ee m\u00e1 dobrou zku\u0161enost a napadne ho prvn\u00ed t\u0159eba charita. Jen\u017ee n\u011bkoho m\u016f\u017ee napadnout jako prvn\u00ed n\u011bjak\u00e1 organizace, kter\u00e1 prost\u011b v t\u00e9 chv\u00edli pro n\u011bj nen\u00ed jako.<br \/><br \/>Zbigniew Czendlik, moder\u00e1tor<br \/>&#8212;&#8212;&#8212;&#8212;&#8212;&#8212;&#8211;<br \/>Asi to, v \u010dem m\u00e1 zku\u0161enost, posledn\u00ed jeho zku\u0161enost.<br \/><br \/>Ing. Marek \u0160ediv\u00fd, prezident Asociace ve\u0159ejn\u011b prosp\u011b\u0161n\u00fdch organizac\u00ed<br \/>&#8212;&#8212;&#8212;&#8212;&#8212;&#8212;&#8211;<br \/>Nebo zku\u0161enost zn\u00e1m\u00fdch a tady pr\u00e1v\u011b je velk\u00fd vliv toho, jak o neziskov\u00fdch ve\u0159ejn\u011b prosp\u011b\u0161n\u00fdch organizac\u00ed mluv\u00ed vl\u00e1da, nebo jak se o nich vyjad\u0159uj\u00ed politici, proto\u017ee to si mysl\u00edm, \u017ee pak kdy\u017e ti lid\u00e9 sly\u0161\u00ed i jako v m\u00e9di\u00edch, tak to prost\u011b nese ur\u010ditou, jako m\u016f\u017eou se odvol\u00e1vat i na ty m\u00e9dia. A tam si mysl\u00edm, \u017ee ta zodpov\u011bdnost t\u011bch politik\u016f je pr\u00e1v\u011b to, \u017ee, a rozum\u00edm to, \u017ee to maj\u00ed t\u011b\u017ek\u00e9, proto\u017ee i my to m\u00e1me t\u011b\u017ek\u00e9 to vysv\u011btlit, co tam v\u0161ecko pat\u0159\u00ed. Ale u t\u011bch politik\u016f, kdy\u017e si vezmete, \u017ee s t\u011bma neziskovkama jsou v kontaktu vlastn\u011b ka\u017ed\u00fd den a v\u011bt\u0161inou s t\u011bma, kte\u0159\u00ed na n\u00ed tla\u010d\u00ed, proto\u017ee n\u011bco cht\u011bj\u00ed zm\u011bnit, n\u011bco cht\u011bj\u00ed zlep\u0161it nebo ud\u011blat jinak. Tak pr\u00e1v\u011b u t\u011bch politik\u016f ty neziskovky podle m\u011b mus\u00ed vyvol\u00e1vat okam\u017eit\u011b tu negativn\u00ed, proto\u017ee maj\u00ed vztah v mailech, ty dotazy a \u010dasto nep\u0159\u00edjemn\u00fd dotazy. Tak\u017ee to m\u00e1 jako vlastn\u011b logiku, no.<br \/><br \/>Zbigniew Czendlik, moder\u00e1tor<br \/>&#8212;&#8212;&#8212;&#8212;&#8212;&#8212;&#8211;<br \/>Hovo\u0159\u00edm s panem Markem \u0160ediv\u00fdm, prezidentem Asociace ve\u0159ejn\u011b prosp\u011b\u0161n\u00fdch organizac\u00ed. Pane Marku, m\u00e1te p\u0159ehled, kolik takov\u00fdch ve\u0159ejn\u011b prosp\u011b\u0161n\u00fdch organizac\u00ed existuje v \u010cesk\u00e9 republice? A v\u00ed to ministerstvo vnitra, proto\u017ee ono by to m\u011blo v\u011bd\u011bt.<br \/><br \/>Ing. Marek \u0160ediv\u00fd, prezident Asociace ve\u0159ejn\u011b prosp\u011b\u0161n\u00fdch organizac\u00ed<br \/>&#8212;&#8212;&#8212;&#8212;&#8212;&#8212;&#8211;<br \/>No, ministerstvo vnitra u\u017e, vy jste se opravdu p\u0159ipravoval. Ministerstvo vnitra to m\u011blo na starost spolky. Ale nev\u00edm te\u010f, v kter\u00e9m roce, ale u\u017e je to p\u00e1r let a tu agendu p\u0159edalo na soudy, tak\u017ee neziskov\u00e9 organizace se te\u010f registruj\u00ed v rejst\u0159\u00edku, norm\u00e1ln\u00edm obchodn\u00edm rejst\u0159\u00edku.<br \/><br \/>Zbigniew Czendlik, moder\u00e1tor<br \/>&#8212;&#8212;&#8212;&#8212;&#8212;&#8212;&#8211;<br \/>Ano, kdy\u017e dostanu n\u011bjakou smlouvu, ano, je to zapsan\u00e9 v rejst\u0159\u00edku u soudu a tak d\u00e1le.<br \/><br \/>Ing. Marek \u0160ediv\u00fd, prezident Asociace ve\u0159ejn\u011b prosp\u011b\u0161n\u00fdch organizac\u00ed<br \/>&#8212;&#8212;&#8212;&#8212;&#8212;&#8212;&#8211;<br \/>A j\u00e1 se p\u0159izn\u00e1m, j\u00e1 jsem ten po\u010det p\u0159estal sledovat, proto\u017ee j\u00e1 v\u00e1m vysv\u011btl\u00edm pro\u010d. T\u011bch organizac\u00ed je ur\u010dit\u011b p\u0159es 120 tis\u00edc. Nev\u00edm te\u010f kolik, jestli tam je 130-140, ale u\u017e je to takov\u00e9hle \u010d\u00edslo. Je t\u0159eba vn\u00edmat to, \u017ee t\u011bch spolk\u016f je hodn\u011b. Spolky maj\u00ed je\u0161t\u011b \u010dasto pobo\u010dn\u00e9 spolky, kter\u00e9 se do tohohle \u010d\u00edsla po\u010d\u00edtaj\u00ed. Tak\u017ee t\u0159eba, kdy\u017e jste zm\u00ednil Sokola, tak Sokol m\u00e1 vlastn\u011b mnoho stovek, mo\u017en\u00e1 tis\u00edc organizac\u00ed, kter\u00e9 jako funguj\u00ed vlastn\u011b i na mal\u00fdch m\u011bstech, na vesnic\u00edch a tak d\u00e1l. A ty se v\u0161ecky do toho po\u010d\u00edtaj\u00ed. Tak\u017ee to \u010d\u00edslo jako stra\u0161n\u011b roste. Druh\u00e1 v\u011bc je, \u017ee poda\u0159ilo se v \u010cesk\u00e9 republice prosadit a my jsme taky jako proto byli jako asociace, \u017ee pokud spolek neud\u011bl\u00e1 n\u011bjakou dobu n\u011bjakou zm\u011bnu na rejst\u0159\u00edku, kde vlastn\u011b ty povinn\u00e9 zm\u011bny jsou. Tak je mo\u017en\u00e9 se tam pod\u00edvat a on dostane jako p\u0159\u00edznak jako neaktivn\u00ed spolek. Mysl\u00edm, \u017ee se to jmenuje Neaktivn\u00ed spolek. Tak\u017ee lidi se v tom rejst\u0159\u00edku, vlastn\u011b, tam se d\u00e1 jako vyznat, ale rejst\u0159\u00edk v\u00e1m nevyjede, ten po\u010det, jako to nejde ud\u011blat, ale i opravdu takhle vysok\u00fd.<br \/><br \/>Zbigniew Czendlik, moder\u00e1tor<br \/>&#8212;&#8212;&#8212;&#8212;&#8212;&#8212;&#8211;<br \/>Pane Marku, vy jste prezidentem Asociace. To znamen\u00e1, \u017ee sdru\u017eujete pod sebou tyhle ty ve\u0159ejn\u011b prosp\u011b\u0161n\u00e9 organizace. Ale j\u00e1 jsem se do\u010detl, \u017ee v sou\u010dasn\u00e9 dob\u011b sdru\u017eujete jich v\u00edc ne\u017e 100.<br \/><br \/>Ing. Marek \u0160ediv\u00fd, <br \/>&#8212;&#8212;&#8212;&#8212;&#8212;&#8212;&#8211;<br \/>No.<br \/><br \/>Zbigniew Czendlik, moder\u00e1tor<br \/>&#8212;&#8212;&#8212;&#8212;&#8212;&#8212;&#8211;<br \/>A zm\u00ednil jste \u010d\u00edslo 120 tis\u00edc r\u016fzn\u00fdch organizac\u00ed. To je velmi zanedbateln\u00e9. Pro\u010d t\u011bch, j\u00e1 nev\u00edm, 100 tis\u00edc dal\u0161\u00edch nen\u00ed pod v\u00e1mi, nejsou?<br \/><br \/>Ing. Marek \u0160ediv\u00fd, prezident Asociace ve\u0159ejn\u011b prosp\u011b\u0161n\u00fdch organizac\u00ed<br \/>&#8212;&#8212;&#8212;&#8212;&#8212;&#8212;&#8211;<br \/>Tak my nem\u00e1me povinn\u00e9 \u010dlenstv\u00ed. V\u017edycky ta asociace mus\u00ed pro ty neziskovky b\u00fdt v n\u011b\u010dem jako d\u016fle\u017eit\u00e1, zaj\u00edmav\u00e1. Tak\u017ee my sdru\u017eujeme organizace, kter\u00e9 jsou jako hodn\u011b aktivn\u00ed. Cht\u011bj\u00ed se rozv\u00edjet, n\u011bco po t\u00e9 asociaci vlastn\u011b cht\u011bj\u00ed a my to m\u00e1me je\u0161t\u011b tak, \u017ee pro n\u00e1s je hodn\u011b d\u016fle\u017eit\u00e1 transparentnost. Tak\u017ee sdru\u017eujeme organizace, kter\u00e9 t\u0159eba jako vyd\u00e1vaj\u00ed v\u00fdro\u010dn\u00ed zpr\u00e1vu, konzultuj\u00ed s n\u00e1mi tady ty v\u011bci. A jsme takov\u00e1 jako pomocn\u00e1 ruka pr\u00e1v\u011b proto, aby se jim jako dob\u0159e da\u0159ilo a d\u00e1le se rozv\u00edjely. A jsou to \u010dasto organizace, kter\u00e9 jako p\u016fsob\u00ed na nejenom lok\u00e1ln\u011b, \u00fapln\u011b jako v jednom m\u00edst\u011b, ale t\u0159eba v r\u00e1mci kraje nebo ve v\u00edce kraj\u00edch, n\u011bkter\u00e9 jsou celost\u00e1tn\u00ed a tak d\u00e1l. Tak\u017ee to jsou p\u0159edev\u0161\u00edm jako na\u0161i, v uvozovk\u00e1ch, klienti, \u010dlenov\u00e9, kter\u00e9 m\u00e1me, v\u011bt\u0161inou u n\u00e1s se nesdru\u017euj\u00ed sportovn\u00ed organizace, proto\u017ee ty maj\u00ed vlastn\u011b svoje s\u00edt\u011b.<br \/><br \/>Zbigniew Czendlik, moder\u00e1tor<br \/>&#8212;&#8212;&#8212;&#8212;&#8212;&#8212;&#8211;<br \/>Ano, nad\u0159\u00edzenou organizaci.<br \/><br \/>Ing. Marek \u0160ediv\u00fd, prezident Asociace ve\u0159ejn\u011b prosp\u011b\u0161n\u00fdch organizac\u00ed<br \/>&#8212;&#8212;&#8212;&#8212;&#8212;&#8212;&#8211;<br \/>Tak\u017ee my v\u011bt\u0161inou sdru\u017eujeme ty, kter\u00e9 nejsou v r\u00e1mci n\u011bjak\u00fdch s\u00edt\u00ed jin\u00fdch, ale cht\u011bj\u00ed b\u00fdt aktivn\u00ed. Zaj\u00edm\u00e1 je jejich vlastn\u00ed rozvoj. Zaj\u00edm\u00e1 je, co se d\u011bje v r\u00e1mci neziskov\u00e9ho sektoru, co se d\u011bje t\u0159eba v legislativ\u011b a tak d\u00e1l. Tak\u017ee tohle je funkce asociace, kterou m\u00e1me.<br \/><br \/>Zbigniew Czendlik, moder\u00e1tor<br \/>&#8212;&#8212;&#8212;&#8212;&#8212;&#8212;&#8211;<br \/>Co si m\u016f\u017eu p\u0159edstavit pod t\u00edm h\u00e1jen\u00edm a prosazov\u00e1n\u00edm z\u00e1jmu t\u011bch organizaci?<br \/><br \/>Ing. Marek \u0160ediv\u00fd, <br \/>&#8212;&#8212;&#8212;&#8212;&#8212;&#8212;&#8211;<br \/>Mo\u017en\u00e1 to \u0159eknu na p\u0159\u00edklad\u011b.<br \/><br \/>Zbigniew Czendlik, moder\u00e1tor<br \/>&#8212;&#8212;&#8212;&#8212;&#8212;&#8212;&#8211;<br \/>No, nejl\u00e9pe. Pamatujeme si v\u0161ichni covid. A v covidu se n\u00e1m ozvala jedna organizace, kter\u00e1 \u0159\u00edkala n\u00e1m za\u010d\u00ednaj\u00ed, n\u00e1m hroz\u00ed to, \u017ee spadlo v\u0161ecken byznys a tak. Tak\u017ee vlastn\u011b se omez\u00ed p\u0159\u00edjmy od soukrom\u00fdch d\u00e1rc\u016f. A my m\u00e1me lidi, kter\u00fd \u0159\u00edkali, \u017ee kdyby vlastn\u011b st\u00e1t ud\u011blal n\u011bjak\u00fd jako bonus aspo\u0148 na jeden, na dva roky, \u017ee by zv\u00fd\u0161il mo\u017enost sn\u00ed\u017eit si da\u0148ov\u00fd z\u00e1klad, co\u017e soukrom\u00fd d\u00e1rci m\u016f\u017eou, tak by n\u00e1m to pomohlo. Do dvou organizac\u00ed jsme pak ve fin\u00e1le m\u011bli tuhle popt\u00e1vku. Za\u010dali jsme se tomu v\u011bnovat. A b\u011bhem tenkr\u00e1t to \u0161lo rychle, proto\u017ee ta doba byla takov\u00e1, jak\u00e1 byla, ale poda\u0159ilo se zv\u00fd\u0161it to procento mo\u017en\u00fdho sn\u00ed\u017een\u00ed a\u017e na 30 %, kter\u00e9 platilo a\u017e do minul\u00e9ho roku, proto\u017ee pak byla, pak byla v\u00e1lka na Ukrajin\u011b a tak d\u00e1l, a tak d\u00e1l. Tak\u017ee te\u010f ta v\u00fdjimka platila, te\u010f skon\u010dila a te\u010f \u0159e\u0161\u00edme to, jestli n\u00e1m to bude pokra\u010dovat d\u00e1l. Jestli vl\u00e1da by ten benefit u\u017e nenechala natrvalo, proto\u017ee pomohlo to udr\u017eet po\u010det d\u00e1rc\u016f a i n\u011bjakou hladinu toho mno\u017estv\u00ed t\u011bch pen\u011bz, kter\u00e9 od da\u0148ov\u00fdch poplatn\u00edk\u016f p\u0159i\u0161ly. Tak\u017ee jenom pro p\u0159\u00edklad, abych to up\u0159esnil, doposud bylo 10 % ta hranice mo\u017enosti a\u017e do v\u00fd\u0161e 10 % u firem. 15 % u soukrom\u00fdch d\u00e1rc\u016f a te\u010f to bylo na 30 jak u firem, tak u individu\u00e1ln\u00edch d\u00e1rc\u016f.<br \/><br \/>Zbigniew Czendlik, moder\u00e1tor<br \/>&#8212;&#8212;&#8212;&#8212;&#8212;&#8212;&#8211;<br \/>D\u011bl\u00e1te to, \u010demu se \u0159\u00edk\u00e1 PR pro tyhle ty neziskovky nebo u\u010d\u00edte je to komunikovat s ve\u0159ejnosti, sh\u00e1n\u011bt prost\u0159edky.<br \/><br \/>Ing. Marek \u0160ediv\u00fd, prezident Asociace ve\u0159ejn\u011b prosp\u011b\u0161n\u00fdch organizac\u00ed<br \/>&#8212;&#8212;&#8212;&#8212;&#8212;&#8212;&#8211;<br \/>Tomu se \u0159\u00edk\u00e1 fundraising.<br \/><br \/>Zbigniew Czendlik, moder\u00e1tor<br \/>&#8212;&#8212;&#8212;&#8212;&#8212;&#8212;&#8211;<br \/>No, ano.<br \/><br \/>Ing. Marek \u0160ediv\u00fd, prezident Asociace ve\u0159ejn\u011b prosp\u011b\u0161n\u00fdch organizac\u00ed<br \/>&#8212;&#8212;&#8212;&#8212;&#8212;&#8212;&#8211;<br \/>Tak fundraising, to sh\u00e1n\u011bn\u00ed t\u011bch pen\u011bz, i toto, samoz\u0159ejm\u011b i to podporujeme. My jsme d\u0159\u00edv m\u011bli jako hodn\u011b na to \u0161kolen\u00ed, ale te\u010f to vzd\u011bl\u00e1v\u00e1n\u00ed se taky u\u017e m\u011bn\u00ed, proto\u017ee to spousta organizac\u00ed um\u00ed a u\u017e nejsou za\u010d\u00e1te\u010dn\u00edci. Tak\u017ee ale jako i to je ta podpora, \u017ee jak jste \u0159\u00edkal, jak se prezentovat, co jsou novinky, proto\u017ee v\u0161ecko se vyv\u00edj\u00ed, jak zapojit soci\u00e1ln\u00ed s\u00edt\u011b. Te\u010f u\u017e pomalu \u0159e\u0161\u00edme, jak do fandrising zapojit um\u011blou inteligenci. A tohle v\u0161echno jsou t\u00e9mata, kter\u00fd jako p\u0159ich\u00e1zej\u00ed do neziskov\u00fdho sektoru. Ameri\u010dani jsou u\u017e 10 let p\u0159ed n\u00e1mi, co se t\u00fdk\u00e1 tohohle, tak\u017ee tohle v\u0161echno tam do toho pat\u0159\u00ed.<br \/><br \/>moder\u00e1tor<br \/>&#8212;&#8212;&#8212;&#8212;&#8212;&#8212;&#8211;<br \/>Pane Marku, va\u0161e asociace je zn\u00e1m\u00e1 tak\u00e9 t\u00edm, \u017ee p\u0159ed\u00e1v\u00e1te zna\u010dku spolehlivosti.<br \/><br \/>Ing. Marek \u0160ediv\u00fd, <br \/>&#8212;&#8212;&#8212;&#8212;&#8212;&#8212;&#8211;<br \/>Je to o tom, \u017ee my vlastn\u011b m\u00e1me takov\u00e9 hodnocen\u00ed spolehlivosti pro neziskov\u00e9 organizace a je to vlastn\u011b pro soukrom\u00e9 d\u00e1rce, proto\u017ee.<br \/><br \/>, moder\u00e1tor<br \/>&#8212;&#8212;&#8212;&#8212;&#8212;&#8212;&#8211;<br \/>Pardon, to je n\u011bco, tak jak zna\u010dka kvality na potravin\u00e1ch.<br \/><br \/>Ing. Marek \u0160ediv\u00fd, <br \/>&#8212;&#8212;&#8212;&#8212;&#8212;&#8212;&#8211;<br \/>Tak n\u011bco takov\u00e9ho.<br \/><br \/>, moder\u00e1tor<br \/>&#8212;&#8212;&#8212;&#8212;&#8212;&#8212;&#8211;<br \/>N\u011bco takov\u00e9ho.<br \/><br \/>Ing. Marek \u0160ediv\u00fd, prezident Asociace ve\u0159ejn\u011b prosp\u011b\u0161n\u00fdch organizac\u00ed<br \/>&#8212;&#8212;&#8212;&#8212;&#8212;&#8212;&#8211;<br \/>Ta kvalita spo\u010d\u00edv\u00e1 v tom, \u017ee my opravdu protestujeme. Ta organizace si o to mus\u00ed \u0159\u00edct dobrovoln\u011b, to nen\u00ed tak, \u017ee my bysme \u0159\u00edkali kdo, ale ta neziskovka si mus\u00ed \u0159\u00edct dobrovoln\u011b, \u017ee do toho chce proto v\u00e1m \u0159eknu po\u010det, a vy mn\u011b budete \u0159\u00edkat, \u017ee jich je takhle m\u00e1lo, ale ano. Je jich takhle m\u00e1lo. V t\u00e9to chv\u00edli jich m\u00e1me 42, proto\u017ee u\u017e na za\u010d\u00e1tku roku pro\u0161li dal\u0161\u00ed. A my tu znata\u010dku nep\u0159ed\u00e1v\u00e1me, my j\u00ed jako spravujeme, to je asi to slovo, kter\u00e9 tam pat\u0159\u00ed. A ta zna\u010dka nen\u00ed nic jednoduch\u00e9ho jako z\u00edskat. To se jako ned\u00e1 koupit. Oni za to ty neziskovky, oni si hrad\u00ed to hodnocen\u00ed, ale nekupuj\u00ed si zna\u010dku. Tu zna\u010dku oni obdr\u017e\u00ed od odborn\u00fd rady, kter\u00e1 je nez\u00e1visl\u00e1, kterou my sice koordinujeme, ale jsou v n\u00ed nez\u00e1visl\u00ed odborn\u00edci. A to rozhodnut\u00ed m\u00e1 rada, jestli se ta zna\u010dka ud\u011bl\u00ed, nebo ne. A ta neziskovka mus\u00ed proj\u00edt hodnocen\u00edm.<br \/><br \/>, moder\u00e1tor<br \/>&#8212;&#8212;&#8212;&#8212;&#8212;&#8212;&#8211;<br \/>Hodnocen\u00edm, j\u00e1 se zept\u00e1m je\u0161t\u011b ta rada, jak vznik\u00e1 ta rada. A ty lidi do t\u00e9 rady, z jak\u00fdho prost\u0159ed\u00ed se kvalifikuj\u00ed?<br \/><br \/>Ing. Marek \u0160ediv\u00fd, prezident Asociace ve\u0159ejn\u011b prosp\u011b\u0161n\u00fdch organizac\u00ed<br \/>&#8212;&#8212;&#8212;&#8212;&#8212;&#8212;&#8211;<br \/>Z r\u016fzn\u00fdch. My to m\u00e1me namixov\u00e1no, \u017ee jsou tam lidi, kter\u00fd jako v\u0161ichni by m\u011bli rozum\u011bt neziskov\u00e9mu, pota\u017emo ve\u0159ejn\u011b prosp\u011b\u0161n\u00e9mu sektoru. A jsou tam lidi jak z oblasti financ\u00ed, pak tam m\u00e1me lidi z akademick\u00e9 sf\u00e9ry. Jsou tam lidi, kte\u0159\u00ed jsou t\u0159eba ve firm\u00e1ch a maj\u00ed na starost spole\u010denskou odpov\u011bdnost a jsou tam i z\u00e1stupci jako z m\u00e9di\u00ed, tak\u017ee m\u00e1me tam i tu medi\u00e1ln\u00ed \u010d\u00e1st, n\u011bjak\u00e9 novin\u00e1\u0159e. Je to n\u011bco kolem 10\u201311 lid\u00ed, v\u0161ecky tyhle ty oblasti jsou tam zastoupeny.<br \/><br \/>, moder\u00e1tor<br \/>&#8212;&#8212;&#8212;&#8212;&#8212;&#8212;&#8211;<br \/>Jak dlouho trv\u00e1 takov\u00fd, j\u00e1 bych pou\u017eil slovo audit, nebo takov\u00e1 kontrola ty organizace, ne\u017e zisk\u00e1 tu zna\u010dku spolehlivosti?<br \/><br \/>Ing. Marek \u0160ediv\u00fd, prezident Asociace ve\u0159ejn\u011b prosp\u011b\u0161n\u00fdch organizac\u00ed<br \/>&#8212;&#8212;&#8212;&#8212;&#8212;&#8212;&#8211;<br \/>Jak u koho. Proto\u017ee nejd\u0159\u00edv dod\u00e1v\u00e1te, nejd\u0159\u00edv proch\u00e1z\u00edte n\u011bjak\u00fdm s\u00edtem, jestli se v\u016fbec hod\u00edte a jestli spl\u0148ujete krit\u00e9ria proto, abyste tu zna\u010dku mohli z\u00edskat. Proto\u017ee hlavn\u00ed krit\u00e9rium je, \u017ee tam mus\u00ed b\u00fdt n\u011bjak\u00e9 pen\u00edze od soukrom\u00fdch d\u00e1rc\u016f, proto\u017ee kdy\u017e by to byly jenom pen\u00edze z dotac\u00ed, tak nem\u00e1 pro n\u00e1s smysl tam n\u011bco hodnotit. A druh\u00e1 v\u011bc je, je to tak jako mysl\u00edm, \u017ee nejrychlej\u0161\u00ed proces um\u00edme tak za 3\u20134 m\u011bs\u00edce. A ten nejdel\u0161\u00ed m\u016f\u017ee trvat t\u0159eba t\u0159i \u010dtvrt\u011b roku. Podle toho, jak moc ta organizace je p\u0159ipraven\u00e1 na to s n\u00e1mi spolupracovat, proto\u017ee t\u011bch podklad\u016f. My m\u00e1me vlastn\u011b i \u010dlov\u011bka, kter\u00fd hodnotitel odj\u00ed\u017ed\u00ed do t\u00e9 organizace a tr\u00e1v\u00ed tam jeden den. Tak\u017ee opravdu to hodnocen\u00ed je jako docela podrobn\u00e9.<br \/><br \/>Zbigniew Czendlik, moder\u00e1tor<br \/>&#8212;&#8212;&#8212;&#8212;&#8212;&#8212;&#8211;<br \/>Mysl\u00edte, \u017ee u\u017e jsou nap\u0159\u00edklad firmy, kter\u00e9 se rozhoduj\u00ed pom\u00e1hat t\u011bmto ve\u0159ejn\u011b prosp\u011b\u0161n\u00e9m organizac\u00edm na z\u00e1klad\u011b t\u00e9to zn\u00e1mky, nebo t\u00e9 zna\u010dky spolehlivosti?<br \/><br \/>Ing. Marek \u0160ediv\u00fd, prezident Asociace ve\u0159ejn\u011b prosp\u011b\u0161n\u00fdch organizac\u00ed<br \/>&#8212;&#8212;&#8212;&#8212;&#8212;&#8212;&#8211;<br \/>M\u00e1me jako firmy, kter\u00fd tohle vyu\u017e\u00edvaj\u00ed p\u0159i hodnocen\u00ed, nebo kdy\u017e spolupracuj\u00ed. J\u00e1 \u0159\u00edk\u00e1m zna\u010dka spolehlivosti, ale cel\u00e9 se to spr\u00e1vn\u011b jmenuje Prov\u011b\u0159en\u00e1, ve\u0159ejn\u011b prosp\u011b\u0161n\u00e1 organizace, to je n\u00e1zev t\u00e9 zna\u010dky.<br \/><br \/>Zbigniew Czendlik, moder\u00e1tor<br \/>&#8212;&#8212;&#8212;&#8212;&#8212;&#8212;&#8211;<br \/>Prov\u011b\u0159en\u00e1.<br \/><br \/>Ing. Marek \u0160ediv\u00fd, prezident Asociace ve\u0159ejn\u011b prosp\u011b\u0161n\u00fdch organizac\u00ed<br \/>&#8212;&#8212;&#8212;&#8212;&#8212;&#8212;&#8211;<br \/>Prov\u011b\u0159en\u00e1. Tak\u017ee my vlastn\u011b prov\u011b\u0159ujeme. Nejv\u00edc n\u00e1s zaj\u00edm\u00e1, jak tam te\u010dou finance, jak ta organizace pracuje se zam\u011bstnanci, jak a tak d\u00e1l s klienty. Ale je tam d\u016fle\u017eit\u00e9 to, \u017ee pokud ta neziskovka m\u00e1 tuhle zna\u010dku, tak si ten \u010dlov\u011bk m\u016f\u017ee b\u00fdt jist\u00fd, \u017ee adekv\u00e1tn\u011b vyu\u017e\u00edv\u00e1 pen\u011bz na sv\u016fj provoz. To znamen\u00e1, \u017ee v\u011bt\u0161ina t\u011bch pen\u011bz v\u00edc ne\u017e 3\/4 jde na posl\u00e1n\u00ed, proto\u017ee ta \u010dtvrtina se po\u010d\u00edt\u00e1, \u017ee m\u016f\u017ee ta neziskovka jakoby spot\u0159ebovat pro sebe, proto\u017ee bez toho spot\u0159ebov\u00e1n\u00ed vlastn\u011b nejde, aby \u017e\u00e1dn\u00e1 organizace fungovala. Tak\u017ee v\u017edycky tam najdete n\u00e1klady, n\u011bjak\u00e9 v\u011bci na spr\u00e1vu a tak d\u00e1l, komunikujete, stoj\u00ed poplatky, soudy a tak d\u00e1l. Poplatky, kter\u00e9 ta organizace mus\u00ed hradit. Fund raser se nepo\u010d\u00edt\u00e1 do posl\u00e1n\u00ed. Tak\u017ee m\u00e1te zase lidi, kter\u00e9 t\u0159eba hrad\u00edte za to, \u017ee v\u00e1m pom\u00e1haj\u00ed sh\u00e1n\u011bt pen\u00edze. Tak tohle v\u017edycky by m\u011blo b\u00fdt do t\u00e9 \u010dtvrtiny. A to pr\u016fm\u011brn\u011b t\u0159eba u t\u011bch na\u0161ich organizac\u00ed je kolem t\u011bch 24 %. Tak\u017ee to je takov\u00fd \u00fadaj, kter\u00fd \u010dasto lidi zaj\u00edm\u00e1.<br \/><br \/>, moder\u00e1tor<br \/>&#8212;&#8212;&#8212;&#8212;&#8212;&#8212;&#8211;<br \/>A n\u011bjak\u00e1 z posledn\u00ed doby, co jste prov\u011b\u0159ovali?<br \/><br \/>Ing. Marek \u0160ediv\u00fd, <br \/>&#8212;&#8212;&#8212;&#8212;&#8212;&#8212;&#8211;<br \/>No, m\u016f\u017eu j\u00ed \u0159\u00edct, ale i mn\u011b je to l\u00edto, \u017ee \u0159eknu jenom to jednu z t\u011bch 42, ale jako.<br \/><br \/>, moder\u00e1tor<br \/>&#8212;&#8212;&#8212;&#8212;&#8212;&#8212;&#8211;<br \/>Ale je mo\u017en\u00e9 si to prov\u011b\u0159it n\u011bkde na n\u011bjak\u00fdch str\u00e1nk\u00e1ch.<br \/><br \/>Ing. Marek \u0160ediv\u00fd, <br \/>&#8212;&#8212;&#8212;&#8212;&#8212;&#8212;&#8211;<br \/>O tam jde, proto\u017ee m\u00e1me str\u00e1nky zna\u010dka spolehlivosti.cz. A tam je cel\u00fd seznam, proto to d\u011bl\u00e1me, proto\u017ee.<br \/><br \/>, moder\u00e1tor<br \/>&#8212;&#8212;&#8212;&#8212;&#8212;&#8212;&#8211;<br \/>Ano.<br \/><br \/>Ing. Marek \u0160ediv\u00fd, <br \/>&#8212;&#8212;&#8212;&#8212;&#8212;&#8212;&#8211;<br \/>Ta vlastn\u011b, ta zna\u010dka je p\u0159edev\u0161\u00edm pro ve\u0159ejnost. Ta zna\u010dka a ono by to tak m\u011blo b\u00fdt, je a\u017e takov\u00fdm t\u00edm jaz\u00fd\u010dkem na vah\u00e1ch, kdy\u017e t\u0159eba p\u0159em\u00fd\u0161l\u00edte, koho podpo\u0159it a m\u00e1te t\u0159eba 2-3 neziskovky a jedna z nich tu zna\u010dku m\u00e1. Tak m\u00e1me zku\u0161enost, \u017ee pak ty d\u00e1rci se p\u0159iklon\u00ed v tom posledn\u00edm rozhodov\u00e1n\u00ed pr\u00e1v\u011b k t\u00fd, kter\u00e1 je dr\u017eitelem t\u00fd zna\u010dky. Tu m\u00e1me i zp\u011btnou vazbu od organizac\u00ed, \u017ee to takhle jako funguje. A zase m\u00e1me jako zp\u011btnou vazbu, \u017ee ta zna\u010dka pro n\u011bkter\u00e9 d\u00e1rce d\u016fle\u017eit\u00e1 je. Ale ono to nen\u00ed jenom o t\u00e9 d\u016fle\u017eitosti t\u00fd zna\u010dky pro d\u00e1rce. My vlastn\u011b t\u00fd neziskovce d\u00e1v\u00e1me zrcadlo. A n\u011bkter\u00e9 dr\u017eitel\u00e9 zna\u010dky spolehlivosti m\u00e1me, \u017ee tam nejdou kv\u016fli tomu, \u017ee to cht\u011bj\u00ed pou\u017e\u00edvat na d\u00e1rce. Ale, \u017ee cht\u011bj\u00ed m\u00edt ka\u017edej rok, proto\u017ee to se d\u011bje ka\u017ed\u00fd rok to hodnocen\u00ed, po \u010dty\u0159ech letech je jako hloubkov\u00fd. Tak\u017ee jednou za \u010dty\u0159i roky oni dostanou podrobnou zpr\u00e1vu, na \u010dem by mohli zapracovat a co by mohli zlep\u0161it. Co v t\u00e9 organizaci, jako je na zlep\u0161en\u00ed. A to je \u010dasto to, co vlastn\u011b dr\u017e\u00ed ty dr\u017eitele, \u017ee v tomhle z\u016fst\u00e1vaj\u00ed a tu zna\u010dku maj\u00ed, proto\u017ee maj\u00ed zp\u011btnou vazbu a maj\u00ed vlastn\u011b ten audit a n\u00e1vod, jak fungovat d\u00e1l.<br \/><br \/>, moder\u00e1tor<br \/>&#8212;&#8212;&#8212;&#8212;&#8212;&#8212;&#8211;<br \/>Stane se, \u017ee n\u011bjak\u00e1 spole\u010dnost neprojde t\u00edm prov\u011b\u0159en\u00edm a nedostane tu zna\u010dku?<br \/><br \/>Ing. Marek \u0160ediv\u00fd, <br \/>&#8212;&#8212;&#8212;&#8212;&#8212;&#8212;&#8211;<br \/>Te\u010f se n\u00e1m to stalo. Ty vstupn\u00ed krit\u00e9ria jsou natolik jako u\u017e sofistikovan\u00fd, \u017ee v\u011bt\u0161inou se to proseje u\u017e na za\u010d\u00e1tku. Ale stane se i kdy\u017e, a dokonce jsme odj\u00edmali. My m\u016f\u017eeme i odejmout zna\u010dku spolehlivosti, kdy\u017e ta organizace ud\u011bl\u00e1 n\u011bco, co je proti pravidl\u016fm zna\u010dky spolehlivosti. A to u\u017e se n\u00e1m tak\u00e9 stalo, \u017ee odejmutou zna\u010dku spolehlivosti m\u00e1me. Tak\u017ee d\u011bje se to.<br \/><br \/>, moder\u00e1tor<br \/>&#8212;&#8212;&#8212;&#8212;&#8212;&#8212;&#8211;<br \/>Vy jste \u010dlen prezidia Unie zam\u011bstnavatelsk\u00fdch svaz\u016f. \u010clen v\u00fdboru pro legislativu a financov\u00e1n\u00ed rady vl\u00e1dy pro nest\u00e1tn\u00ed neziskov\u00e9 organizace. Vy m\u00e1te velmi siln\u00e9 lobby za sebou.<br \/><br \/>Ing. Marek \u0160ediv\u00fd, <br \/>&#8212;&#8212;&#8212;&#8212;&#8212;&#8212;&#8211;<br \/>No, my m\u00e1me, \u017ee lobbing nen\u00ed jako o\u0161kliv\u00fd slovo.<br \/><br \/>, moder\u00e1tor<br \/>&#8212;&#8212;&#8212;&#8212;&#8212;&#8212;&#8211;<br \/>J\u00e1 si nemysl\u00edm te\u010f jako lobbov\u00e1n\u00ed, ale prost\u011b podporu m\u00e1te velmi silnou, jestli se to prom\u00edt\u00e1 i do podpory toho neziskov\u00e9ho sektoru.<br \/><br \/>Ing. Marek \u0160ediv\u00fd, prezident Asociace ve\u0159ejn\u011b prosp\u011b\u0161n\u00fdch organizac\u00ed<br \/>&#8212;&#8212;&#8212;&#8212;&#8212;&#8212;&#8211;<br \/>J\u00e1 douf\u00e1m a v\u011b\u0159\u00edm, \u017ee ano. My v\u017edycky p\u0159em\u00fd\u0161l\u00edme, aby to m\u011blo smysl pro na\u0161e \u010dleny. To je ta logika t\u00e9 asociace vlastn\u011b a d\u011bl\u00e1te to vlastn\u011b pro \u010dleny t\u00e9 asociace. Pota\u017emo pro mnoho dal\u0161\u00edch organizac\u00ed, proto\u017ee v\u011bt\u0161inou my se zab\u00fdv\u00e1me jako st\u0159e\u0161n\u00edmi t\u00e9maty. Takov\u00fdmi t\u011bmi, co se t\u00fdk\u00e1 vlastn\u011b v\u0161ech organizac\u00ed bez ohledu na to, co d\u011blaj\u00ed, jak zam\u011b\u0159en\u00fd jsou. Tak\u017ee ur\u010dit\u011b to m\u00e1 p\u0159esah i navenek, ale pro n\u00e1s je kl\u00ed\u010dov\u00fd, co vlastn\u011b pot\u0159ebuj\u00ed na\u0161i \u010dlenov\u00e9. A to v\u011bt\u0161inou jako \u0159e\u0161\u00edme. A to, co jste vyjmenoval, tak jsou organizace, kter\u00fd zase p\u0159es Unii zam\u011bstnavatelsk\u00fdch svaz\u016f, mus\u00edm \u0159\u00edct, \u017ee m\u00e1 svoj\u00ed sekci, kterou vedeme jako neziskov\u00fdch organizac\u00ed. A tam je to, nebo nest\u00e1tn\u00edch neziskov\u00fdch organizac\u00ed. A tam je to jako \u00fa\u017easn\u00fd v tom, \u017ee zas m\u00e1me m\u00edsto, kde se d\u00e1 jako p\u0159ipom\u00ednkovat, proto\u017ee my sami p\u0159ipom\u00ednkov\u00fdm m\u00edstem nejsme. Tak\u017ee jedna z v\u011bc\u00ed, kter\u00fd asociace d\u011bl\u00e1, je p\u0159ipom\u00ednkov\u00e1n\u00ed z\u00e1kon\u016f. Tak\u017ee, kdy\u017e na\u0161i \u010dlenov\u00e9 maj\u00ed n\u011bjak\u00fd n\u00e1zor na n\u011bjakou novou normu, tak ho m\u016f\u017eou vyj\u00e1d\u0159it. A my p\u0159es Unii zam\u011bstnavatelsk\u00fdch svaz\u016f jsme pak schopn\u00fd to dopravit a\u017e k tomu dan\u00fdmu ministerstvu, kter\u00fd to p\u0159ipravuje.<br \/><br \/>, moder\u00e1tor<br \/>&#8212;&#8212;&#8212;&#8212;&#8212;&#8212;&#8211;<br \/>Pane Marku, kam byste r\u00e1d sm\u011b\u0159oval dal\u0161\u00ed v\u00fdvoj asociace?<br \/><br \/>Ing. Marek \u0160ediv\u00fd, <br \/>&#8212;&#8212;&#8212;&#8212;&#8212;&#8212;&#8211;<br \/>Jde n\u00e1m o to, aby lidi co nejv\u00edc v\u011b\u0159ili neziskovk\u00e1m. To si mysl\u00edm, \u017ee to je to, co chceme, aby lidi d\u016fv\u011b\u0159ovali a neb\u00e1li se podpo\u0159it neziskovky, proto\u017ee z toho, co jsem za\u017eil, tak opravdu z 95 % nemus\u00ed m\u00edt jako obavu. A pokud ta neziskovka n\u011bjak\u00fdm zp\u016fsobem na webu vid\u00ed, \u017ee je aktivn\u00ed, \u017ee tam ty informace m\u00e1 \u010derstv\u00fd. Je sou\u010d\u00e1st\u00ed n\u011bjak\u00fdch s\u00edt\u00ed, m\u00e1 n\u011bjak\u00fd ocen\u011bn\u00ed a tak d\u00e1l, \u017ee je prost\u011b aktivn\u00ed, tak nemus\u00ed m\u00edt strach. Pokud cht\u011bj\u00ed, tak se m\u016f\u017eou pod\u00edvat a pr\u00e1v\u011b ta zna\u010dka spolehlivosti jim v tomhle m\u016f\u017ee pomoct. Tak\u017ee n\u00e1m jde o to, aby neziskovky z\u00edsk\u00e1valy st\u00e1le jako v\u011bt\u0161\u00ed d\u016fv\u011bru a presti\u017e. To je jako na\u0161e cesta ur\u010dit\u011b, a co je pro n\u00e1s d\u016fle\u017eit\u00fd, jsou soukrom\u00ed d\u00e1rci. M\u00e1me moc r\u00e1di, kdy\u017e ty neziskovky nejsou z\u00e1visl\u00e9 na st\u00e1tn\u00edch pen\u011bz\u00edch, nejsou z\u00e1visl\u00e9 na rozpo\u010dtech, na dotac\u00edch, co\u017e v soci\u00e1ln\u00edch slu\u017eb\u00e1ch te\u010f nejde ud\u011blat. Tam je to velmi n\u00e1ro\u010dn\u00fd. Ale t\u0159eba maj\u00ed n\u011bjakou \u010d\u00e1st, t\u0159eba \u010dtvrtinu pen\u011bz, kter\u00fd jdou soukrom\u00fdch d\u00e1rc\u016f, proto\u017ee ty pen\u00edze od soukrom\u00fdch d\u00e1rc\u016f umo\u017e\u0148ujou dal\u0161\u00ed rozvoj t\u00fd organizaci, proto\u017ee nikde jinde na n\u011b nevezme. Tak\u017ee my se sna\u017e\u00edme opravdu podpo\u0159it to, aby i t\u0159eba st\u00e1t motivoval soukrom\u00fd d\u00e1rce k tomu, aby podporovaly neziskovky.<br \/><br \/>Zbigniew Czendlik, moder\u00e1tor<br \/>&#8212;&#8212;&#8212;&#8212;&#8212;&#8212;&#8211;<br \/>Pane Marku, j\u00e1 v\u00e1m d\u011bkuji, \u017ee jste p\u0159ijal pozv\u00e1n\u00ed do ned\u011bln\u00edho Jak to vid\u00ed. V\u00e1m mil\u00ed poslucha\u010di, d\u011bkuji, \u017ee poslouch\u00e1te Dvojku. Kr\u00e1snou ned\u011bli v\u00e1m p\u0159eje pan Marek \u0160ediv\u00fd. Prezident Asociace ve\u0159ejn\u011b prosp\u011b\u0161n\u00fdch organizaci a j\u00e1 Zbigniew Czendlik, na shledanou.<br \/><br \/><br \/><\/p>\n","protected":false},"excerpt":{"rendered":"<div class=\"mh-excerpt\"><p>\u010cRo Dvojka Zbigniew Czendlik a jeho host, prezident Asociace ve\u0159ejn\u011b prosp\u011b\u0161n\u00fdch organizac\u00ed pan Ing. Marek \u0160ediv\u00fd. &#8212;&#8212;Zeptal bych se hned v \u00favodu, jak\u00e1 jsou krit\u00e9ria, <a class=\"mh-excerpt-more\" href=\"https:\/\/www.invarena.cz\/?p=46426\" title=\"Ve\u0159ejn\u011b prosp\u011b\u0161n\u00fdch organizac\u00ed je p\u0159es 120 tis\u00edc, \u0159\u00edk\u00e1 \u0160ediv\u00fd\u00a0\u00a0\">[&#8230;]<\/a><\/p>\n<\/div>","protected":false},"author":1,"featured_media":14136,"comment_status":"open","ping_status":"closed","sticky":false,"template":"","format":"standard","meta":{"footnotes":""},"categories":[12],"tags":[],"class_list":["post-46426","post","type-post","status-publish","format-standard","has-post-thumbnail","hentry","category-rozhovory"],"_links":{"self":[{"href":"https:\/\/www.invarena.cz\/index.php?rest_route=\/wp\/v2\/posts\/46426","targetHints":{"allow":["GET"]}}],"collection":[{"href":"https:\/\/www.invarena.cz\/index.php?rest_route=\/wp\/v2\/posts"}],"about":[{"href":"https:\/\/www.invarena.cz\/index.php?rest_route=\/wp\/v2\/types\/post"}],"author":[{"embeddable":true,"href":"https:\/\/www.invarena.cz\/index.php?rest_route=\/wp\/v2\/users\/1"}],"replies":[{"embeddable":true,"href":"https:\/\/www.invarena.cz\/index.php?rest_route=%2Fwp%2Fv2%2Fcomments&post=46426"}],"version-history":[{"count":0,"href":"https:\/\/www.invarena.cz\/index.php?rest_route=\/wp\/v2\/posts\/46426\/revisions"}],"wp:featuredmedia":[{"embeddable":true,"href":"https:\/\/www.invarena.cz\/index.php?rest_route=\/wp\/v2\/media\/14136"}],"wp:attachment":[{"href":"https:\/\/www.invarena.cz\/index.php?rest_route=%2Fwp%2Fv2%2Fmedia&parent=46426"}],"wp:term":[{"taxonomy":"category","embeddable":true,"href":"https:\/\/www.invarena.cz\/index.php?rest_route=%2Fwp%2Fv2%2Fcategories&post=46426"},{"taxonomy":"post_tag","embeddable":true,"href":"https:\/\/www.invarena.cz\/index.php?rest_route=%2Fwp%2Fv2%2Ftags&post=46426"}],"curies":[{"name":"wp","href":"https:\/\/api.w.org\/{rel}","templated":true}]}}