{"id":46444,"date":"2024-02-27T20:45:26","date_gmt":"2024-02-27T19:45:26","guid":{"rendered":"https:\/\/www.invarena.cz\/?p=46444"},"modified":"2024-02-27T20:45:26","modified_gmt":"2024-02-27T19:45:26","slug":"jureckuv-vyssi-prispevek-postizenym-radost-nedela-moc-nepomuze-vzkazuji","status":"publish","type":"post","link":"https:\/\/www.invarena.cz\/?p=46444","title":{"rendered":"Jure\u010dk\u016fv vy\u0161\u0161\u00ed p\u0159\u00edsp\u011bvek posti\u017een\u00fdm radost ned\u011bl\u00e1. Moc nepom\u016f\u017ee, vzkazuj\u00ed"},"content":{"rendered":"\n<p>Nedostate\u010dn\u00e9 a \u201cot\u0159esn\u00e9\u201c, takov\u00fdch ozna\u010den\u00ed se do\u010dkala slova ministra pr\u00e1ce a soci\u00e1ln\u00edch v\u011bc\u00ed Mariana Jure\u010dky, \u017ee od \u010dervence \u010d\u00e1ste\u010dn\u011b vzroste p\u0159\u00edsp\u011bvek na p\u00e9\u010di. R\u016fst se m\u00e1 pohybovat od 11 do 40 procent.<\/p>\n\n\n\n<p>Pan Jan v sou\u010dasn\u00e9 dob\u011b bere p\u0159\u00edsp\u011bvek 4 400 korun. \u201eJsem prakticky nevidom\u00fd. Nav\u00fd\u0161en\u00ed o 500 korun pova\u017euji za nedostate\u010dn\u00e9, proto\u017ee se zvy\u0161ovaly ceny slu\u017eeb. Ml\u010del bych, kdyby to zv\u00fd\u0161ili o 1 500 korun,\u201c zd\u016fraznil.<\/p>\n\n\n\n<p>Cel\u00fd \u010dl\u00e1nek naleznete na idnes.cz: <a href=\"https:\/\/www.idnes.cz\/zpravy\/domaci\/ministerstvo-prace-a-socialnich-veci-zvyseni-prispevku-na-peci-lide-nesouhlas.A240221_091130_domaci_vank\" target=\"_blank\" rel=\"noreferrer noopener\">https:\/\/www.idnes.cz\/zpravy\/domaci\/ministerstvo-prace-a-socialnich-veci-zvyseni-prispevku-na-peci-lide-nesouhlas.A240221_091130_domaci_vank<\/a><\/p>\n","protected":false},"excerpt":{"rendered":"<div class=\"mh-excerpt\"><p>Nedostate\u010dn\u00e9 a \u201cot\u0159esn\u00e9\u201c, takov\u00fdch ozna\u010den\u00ed se do\u010dkala slova ministra pr\u00e1ce a soci\u00e1ln\u00edch v\u011bc\u00ed Mariana Jure\u010dky, \u017ee od \u010dervence \u010d\u00e1ste\u010dn\u011b vzroste p\u0159\u00edsp\u011bvek na p\u00e9\u010di. R\u016fst se <a class=\"mh-excerpt-more\" href=\"https:\/\/www.invarena.cz\/?p=46444\" title=\"Jure\u010dk\u016fv vy\u0161\u0161\u00ed p\u0159\u00edsp\u011bvek posti\u017een\u00fdm radost ned\u011bl\u00e1. Moc nepom\u016f\u017ee, vzkazuj\u00ed\">[&#8230;]<\/a><\/p>\n<\/div>","protected":false},"author":1,"featured_media":21011,"comment_status":"open","ping_status":"closed","sticky":false,"template":"","format":"standard","meta":{"footnotes":""},"categories":[9],"tags":[],"class_list":["post-46444","post","type-post","status-publish","format-standard","has-post-thumbnail","hentry","category-zpravy"],"_links":{"self":[{"href":"https:\/\/www.invarena.cz\/index.php?rest_route=\/wp\/v2\/posts\/46444","targetHints":{"allow":["GET"]}}],"collection":[{"href":"https:\/\/www.invarena.cz\/index.php?rest_route=\/wp\/v2\/posts"}],"about":[{"href":"https:\/\/www.invarena.cz\/index.php?rest_route=\/wp\/v2\/types\/post"}],"author":[{"embeddable":true,"href":"https:\/\/www.invarena.cz\/index.php?rest_route=\/wp\/v2\/users\/1"}],"replies":[{"embeddable":true,"href":"https:\/\/www.invarena.cz\/index.php?rest_route=%2Fwp%2Fv2%2Fcomments&post=46444"}],"version-history":[{"count":0,"href":"https:\/\/www.invarena.cz\/index.php?rest_route=\/wp\/v2\/posts\/46444\/revisions"}],"wp:featuredmedia":[{"embeddable":true,"href":"https:\/\/www.invarena.cz\/index.php?rest_route=\/wp\/v2\/media\/21011"}],"wp:attachment":[{"href":"https:\/\/www.invarena.cz\/index.php?rest_route=%2Fwp%2Fv2%2Fmedia&parent=46444"}],"wp:term":[{"taxonomy":"category","embeddable":true,"href":"https:\/\/www.invarena.cz\/index.php?rest_route=%2Fwp%2Fv2%2Fcategories&post=46444"},{"taxonomy":"post_tag","embeddable":true,"href":"https:\/\/www.invarena.cz\/index.php?rest_route=%2Fwp%2Fv2%2Ftags&post=46444"}],"curies":[{"name":"wp","href":"https:\/\/api.w.org\/{rel}","templated":true}]}}