{"id":46462,"date":"2024-02-29T06:04:23","date_gmt":"2024-02-29T05:04:23","guid":{"rendered":"https:\/\/www.invarena.cz\/?p=46462"},"modified":"2024-02-29T06:12:29","modified_gmt":"2024-02-29T05:12:29","slug":"prezidentovy-schuzky-k-reforme-penzi","status":"publish","type":"post","link":"https:\/\/www.invarena.cz\/?p=46462","title":{"rendered":"Prezidentovy sch\u016fzky k reform\u011b penz\u00ed\u00a0\u00a0"},"content":{"rendered":"\n<p>\u010cT 1<br \/><br \/>Prezident Petr Pavel zah\u00e1jil nov\u00e9 kolo vyjedn\u00e1v\u00e1n\u00ed o d\u016fchodov\u00e9 reform\u011b, na Hrad si pozval\u00a0<strong>ministra<\/strong>\u00a0<strong>pr\u00e1ce<\/strong>\u00a0a soci\u00e1ln\u00edch v\u011bc\u00ed. Po sch\u016fzce Marian Jure\u010dka \u0159ekl, \u017ee c\u00edt\u00ed podporu hlavy st\u00e1tu pro prosazen\u00ed zm\u011bn v penzijn\u00edm syst\u00e9mu kabinet po\u010d\u00edt\u00e1 t\u0159eba s dal\u0161\u00edm zvy\u0161ov\u00e1n\u00edm v\u011bku odchodu do d\u016fchodu podle statistiky do\u017eit\u00ed nebo s m\u00ed\u0148 v\u00fdhodn\u00fdmi nov\u00fdmi penzemi od roku 2026. Bez reformy je podle vicepremi\u00e9ra Jure\u010dky syst\u00e9m neudr\u017eiteln\u00fd.<br \/><br \/>Marian JURE\u010cKA, vicepremi\u00e9r,\u00a0<strong>ministr<\/strong>\u00a0<strong>pr\u00e1ce<\/strong>\u00a0a soci\u00e1ln\u00edch v\u011bc\u00ed, p\u0159edseda strany \/KDU-\u010cSL\/<br \/>&#8212;&#8212;&#8212;&#8212;&#8212;&#8212;&#8211;<br \/>Aby nevznikaly schodky, kter\u00e9 za 20, 25, 30 let budou znamenat obrovsk\u00e9 probl\u00e9my v tom syst\u00e9mu a v\u010detn\u011b dopadu na st\u00e1tn\u00ed rozpo\u010det vlastn\u011b ze strany kancel\u00e1\u0159e pana prezidenta republiky nep\u0159i\u0161ly \u017e\u00e1dn\u00e9 z\u00e1sadn\u00ed p\u0159ipom\u00ednky k d\u016fchodov\u00e9 reform\u011b.<br \/><br \/>V\u00edt Kol\u00e1\u0159, \u0159editel odboru komunikace Kancel\u00e1\u0159e prezidenta republiky<br \/>&#8212;&#8212;&#8212;&#8212;&#8212;&#8212;&#8211;<br \/>Takto d\u016fle\u017eit\u00fd z\u00e1kon by m\u011bl m\u00edt \u0161ir\u0161\u00ed podporu ve sn\u011bmovn\u011b, aby p\u0159ekra\u010doval horizonty voleb, je to z\u00e1kon, kter\u00fd je d\u016fle\u017eit\u00fd pro ka\u017ed\u00e9ho ob\u010dana, z\u00e1kon, kter\u00fd ovlivn\u00ed chov\u00e1n\u00ed spole\u010dnosti na roky dop\u0159edu.<br \/><br \/>moder\u00e1torka \u010cT<br \/>&#8212;&#8212;&#8212;&#8212;&#8212;&#8212;&#8211;<br \/>Prezident bude p\u0159\u00ed\u0161t\u00ed \u00fater\u00fd jednat o reform\u011b i se \u0161pi\u010dkami hnut\u00ed ANO. To ale zat\u00edm kl\u00ed\u010dov\u00e9 body odm\u00edt\u00e1. Podobn\u011b se k navrhovan\u00fdm zm\u011bn\u00e1m stav\u00ed i hnut\u00ed SPD.<br \/><br \/>Alena Schillerov\u00e1, p\u0159edsedkyn\u011b poslaneck\u00e9ho klubu, m\u00edstop\u0159edsedkyn\u011b hnut\u00ed \/ANO\/<br \/>&#8212;&#8212;&#8212;&#8212;&#8212;&#8212;&#8211;<br \/>Ni\u017e\u0161\u00ed r\u016fst d\u016fchod\u016f je pro n\u00e1s opravdu velk\u00fd probl\u00e9m, proto\u017ee si mysl\u00edme, \u017ee by se m\u011bla podpo\u0159it ekonomika, t\u00edm by se podpo\u0159il r\u016fst, zvedly by se, podpo\u0159il by se vlastn\u011b r\u016fst mezd, soci\u00e1ln\u00edch odvod\u016f a nebylo by nutn\u00e9 d\u011blat tyto kroky.<br \/><br \/>Lucie \u0160afr\u00e1nkov\u00e1, m\u00edstop\u0159edsedkyn\u011b sn\u011bmovn\u00edho soci\u00e1ln\u00edho v\u00fdboru \/SPD\/<br \/>&#8212;&#8212;&#8212;&#8212;&#8212;&#8212;&#8211;<br \/>My jsme p\u0159ipraveni k jedn\u00e1n\u00ed, ale v \u017e\u00e1dn\u00e9m p\u0159\u00edpad\u011b neustoup\u00edme z na\u0161ich po\u017eadavk\u016f, aby se nezvy\u0161oval v\u011bk odchodu do d\u016fchodu nad 65 let. Je to pro n\u00e1s maxim\u00e1ln\u00ed hranice.<\/p>\n\n\n\n<p><\/p>\n","protected":false},"excerpt":{"rendered":"<div class=\"mh-excerpt\"><p>\u010cT 1 Prezident Petr Pavel zah\u00e1jil nov\u00e9 kolo vyjedn\u00e1v\u00e1n\u00ed o d\u016fchodov\u00e9 reform\u011b, na Hrad si pozval\u00a0ministra\u00a0pr\u00e1ce\u00a0a soci\u00e1ln\u00edch v\u011bc\u00ed. Po sch\u016fzce Marian Jure\u010dka \u0159ekl, \u017ee c\u00edt\u00ed <a class=\"mh-excerpt-more\" href=\"https:\/\/www.invarena.cz\/?p=46462\" title=\"Prezidentovy sch\u016fzky k reform\u011b penz\u00ed\u00a0\u00a0\">[&#8230;]<\/a><\/p>\n<\/div>","protected":false},"author":1,"featured_media":43206,"comment_status":"open","ping_status":"closed","sticky":false,"template":"","format":"standard","meta":{"footnotes":""},"categories":[6],"tags":[],"class_list":["post-46462","post","type-post","status-publish","format-standard","has-post-thumbnail","hentry","category-politika"],"_links":{"self":[{"href":"https:\/\/www.invarena.cz\/index.php?rest_route=\/wp\/v2\/posts\/46462","targetHints":{"allow":["GET"]}}],"collection":[{"href":"https:\/\/www.invarena.cz\/index.php?rest_route=\/wp\/v2\/posts"}],"about":[{"href":"https:\/\/www.invarena.cz\/index.php?rest_route=\/wp\/v2\/types\/post"}],"author":[{"embeddable":true,"href":"https:\/\/www.invarena.cz\/index.php?rest_route=\/wp\/v2\/users\/1"}],"replies":[{"embeddable":true,"href":"https:\/\/www.invarena.cz\/index.php?rest_route=%2Fwp%2Fv2%2Fcomments&post=46462"}],"version-history":[{"count":0,"href":"https:\/\/www.invarena.cz\/index.php?rest_route=\/wp\/v2\/posts\/46462\/revisions"}],"wp:featuredmedia":[{"embeddable":true,"href":"https:\/\/www.invarena.cz\/index.php?rest_route=\/wp\/v2\/media\/43206"}],"wp:attachment":[{"href":"https:\/\/www.invarena.cz\/index.php?rest_route=%2Fwp%2Fv2%2Fmedia&parent=46462"}],"wp:term":[{"taxonomy":"category","embeddable":true,"href":"https:\/\/www.invarena.cz\/index.php?rest_route=%2Fwp%2Fv2%2Fcategories&post=46462"},{"taxonomy":"post_tag","embeddable":true,"href":"https:\/\/www.invarena.cz\/index.php?rest_route=%2Fwp%2Fv2%2Ftags&post=46462"}],"curies":[{"name":"wp","href":"https:\/\/api.w.org\/{rel}","templated":true}]}}