{"id":46478,"date":"2024-02-29T04:09:03","date_gmt":"2024-02-29T03:09:03","guid":{"rendered":"https:\/\/www.invarena.cz\/?p=46478"},"modified":"2024-02-29T06:09:47","modified_gmt":"2024-02-29T05:09:47","slug":"domov-pro-seniory-hvezda-ve-zline-muze-dal-fungovat","status":"publish","type":"post","link":"https:\/\/www.invarena.cz\/?p=46478","title":{"rendered":"Domov pro seniory Hv\u011bzda ve Zl\u00edn\u011b m\u016f\u017ee d\u00e1l fungovat\u00a0\u00a0"},"content":{"rendered":"\n<p>\u010cT 1\u00a0<\/p>\n\n\n\n<p><br \/>Domov pro seniory Hv\u011bzda ve Zl\u00edn\u011b m\u016f\u017ee d\u00e1l fungovat. Ministerstvo pr\u00e1ce a soci\u00e1ln\u00edch v\u011bc\u00ed stejn\u011b jako Zl\u00ednsk\u00fd kraj mu registraci odebrali protiz\u00e1konn\u011b. Takov\u00fd verdikt dnes vynesl Krajsk\u00fd soud v Brn\u011b, proti n\u011bmu je mo\u017en\u00e1 u\u017e jen kasa\u010dn\u00ed st\u00ed\u017enost k Nejvy\u0161\u0161\u00edmu spr\u00e1vn\u00edmu soudu. \u00da\u0159ady vloni zru\u0161ily Hv\u011bzd\u011b registraci kv\u016fli dluh\u016fm, podle soudu ale na to nem\u011bly pr\u00e1vo.<br \/><br \/>moder\u00e1tor<br \/>&#8212;&#8212;&#8212;&#8212;&#8212;&#8212;&#8211;<br \/>Hv\u011bzda versus st\u00e1t a kraj. Spor, uprost\u0159ed kter\u00e9ho st\u00e1li klienti domova, dnes dosp\u011bl a\u017e k soudu. \u00da\u0159ady Hv\u011bzd\u011b vloni zru\u0161ily registraci pro poskytov\u00e1n\u00ed soci\u00e1ln\u00edch slu\u017eeb. D\u016fvodem byl jej\u00ed dluh na soci\u00e1ln\u00edm poji\u0161t\u011bn\u00ed. Podle dne\u0161n\u00edho rozhodnut\u00ed soudu ale \u00fa\u0159ady pr\u00e1v\u011b tady chybovaly.<br \/><br \/>Jan Jir\u00e1sek, soudce, Krajsk\u00fd soud Brno<br \/>&#8212;&#8212;&#8212;&#8212;&#8212;&#8212;&#8211;<br \/>Z\u00e1kon o soci\u00e1ln\u00edch slu\u017eb\u00e1ch neobsahuje jako registra\u010dn\u00ed podm\u00ednku bezdlu\u017enost, a proto pro nepln\u011bn\u00ed t\u00e9to podm\u00ednky nelze ani registraci \u017ealobci odebrat.<br \/><br \/>Marie Kalivodov\u00e1, \u0159editelka, Hv\u011bzda z.\u00fa.<br \/>&#8212;&#8212;&#8212;&#8212;&#8212;&#8212;&#8211;<br \/>Nejv\u00edc bude spokojen\u00fdch na\u0161ich 41 klient\u016f, pota\u017emo pacient\u016f, kte\u0159\u00ed u n\u00e1s mohou z\u016fstat.<br \/><br \/>Mark\u00e9ta Proke\u0161ov\u00e1 Stratilov\u00e1, pr\u00e1vn\u00ed z\u00e1stupkyn\u011b,\u00a0<strong>MPSV<\/strong><br \/>&#8212;&#8212;&#8212;&#8212;&#8212;&#8212;&#8211;<br \/>Vyj\u00e1d\u0159\u00edme se asi pravd\u011bpodobn\u011b a\u017e na z\u00e1klad\u011b p\u00edsemn\u00e9ho, p\u00edsemn\u00e9ho vyhotoven\u00ed rozsudku, pak zv\u00e1\u017e\u00edme dal\u0161\u00ed postup ve v\u011bci.<br \/><br \/>moder\u00e1tor<br \/>&#8212;&#8212;&#8212;&#8212;&#8212;&#8212;&#8211;<br \/>32 lid\u00ed v dob\u011b, kdy nebylo jasn\u00e9, jestli Hv\u011bzda bude d\u00e1l fungovat, z domova ode\u0161lo, z\u016fstalo 41 lid\u00ed. T\u0159eba i 95 let\u00e1 Kv\u011btoslava Nov\u00e1kov\u00e1.<br \/><br \/>Kv\u011btoslava Nov\u00e1kov\u00e1, klientka, Hv\u011bzda z.\u00fa.<br \/>&#8212;&#8212;&#8212;&#8212;&#8212;&#8212;&#8211;<br \/>My jsme pro\u0161li v\u0161ecko kolem Zl\u00edna. To nen\u00ed nikde, co je tady.<br \/><br \/>moder\u00e1tor<br \/>&#8212;&#8212;&#8212;&#8212;&#8212;&#8212;&#8211;<br \/>Po odebr\u00e1n\u00ed registrace p\u0159i\u0161la Hv\u011bzda taky o finan\u010dn\u00ed dotace od Zl\u00ednsk\u00e9ho kraje. Jen za lo\u0148sk\u00fd rok to bylo 18 milion\u016f K\u010d. Tyto pen\u00edze te\u010f Hv\u011bzd\u011b chyb\u011bj\u00ed. Od 1. ledna tak provoz hrad\u00ed klienti podle uzav\u0159en\u00fdch smluv, zbytek pak Hv\u011bzda dopl\u00e1c\u00ed z finan\u010dn\u00edch rezerv.<br \/><br \/>Marie Kalivodov\u00e1, \u0159editelka, Hv\u011bzda z.\u00fa.<br \/>&#8212;&#8212;&#8212;&#8212;&#8212;&#8212;&#8211;<br \/>M\u011bs\u00ed\u010dn\u011b n\u00e1s to stoj\u00ed 4 miliony K\u010d.<br \/><br \/>moder\u00e1tor<br \/>&#8212;&#8212;&#8212;&#8212;&#8212;&#8212;&#8211;<br \/>Jestli a hlavn\u011b, kdy hejtmanstv\u00ed vr\u00e1t\u00ed Hv\u011bzdu do s\u00edt\u011b soci\u00e1ln\u00edch slu\u017eeb i s n\u00e1rokem na dotaci, to dnes komentovat necht\u011blo.<br \/><br \/>Hana AN\u010cINCOV\u00c1, statut\u00e1rn\u00ed n\u00e1m\u011bstkyn\u011b hejtmana Zl\u00ednsk\u00e9ho kraje \/Pir\u00e1ti\/<br \/>&#8212;&#8212;&#8212;&#8212;&#8212;&#8212;&#8211;<br \/>My moment\u00e1ln\u011b nem\u00e1me bohu\u017eel na z\u00e1klad\u011b \u010deho rozhodovat, proto\u017ee nem\u00e1me samotn\u00e9 rozhodnut\u00ed Krajsk\u00e9ho soudu z Brna.<br \/><br \/>moder\u00e1tor<br \/>&#8212;&#8212;&#8212;&#8212;&#8212;&#8212;&#8211;<br \/>Soud naopak v\u016fbec ne\u0159e\u0161il nez\u00e1konn\u00e9 sponzorsk\u00e9 p\u0159\u00edsp\u011bvky od klient\u016f, kter\u00e9 m\u011bla Hv\u011bzda jako podm\u00ednku pro p\u0159ijet\u00ed. Za to ji potrestalo jen Ministerstvo pr\u00e1ce pokutou 50 tis\u00edc K\u010d. <\/p>\n\n\n\n<p>\u010cesk\u00e1 televize<\/p>\n\n\n\n<p><\/p>\n","protected":false},"excerpt":{"rendered":"<div class=\"mh-excerpt\"><p>\u010cT 1\u00a0 Domov pro seniory Hv\u011bzda ve Zl\u00edn\u011b m\u016f\u017ee d\u00e1l fungovat. Ministerstvo pr\u00e1ce a soci\u00e1ln\u00edch v\u011bc\u00ed stejn\u011b jako Zl\u00ednsk\u00fd kraj mu registraci odebrali protiz\u00e1konn\u011b. Takov\u00fd <a class=\"mh-excerpt-more\" href=\"https:\/\/www.invarena.cz\/?p=46478\" title=\"Domov pro seniory Hv\u011bzda ve Zl\u00edn\u011b m\u016f\u017ee d\u00e1l fungovat\u00a0\u00a0\">[&#8230;]<\/a><\/p>\n<\/div>","protected":false},"author":1,"featured_media":46489,"comment_status":"open","ping_status":"closed","sticky":false,"template":"","format":"standard","meta":{"footnotes":""},"categories":[9],"tags":[],"class_list":["post-46478","post","type-post","status-publish","format-standard","has-post-thumbnail","hentry","category-zpravy"],"_links":{"self":[{"href":"https:\/\/www.invarena.cz\/index.php?rest_route=\/wp\/v2\/posts\/46478","targetHints":{"allow":["GET"]}}],"collection":[{"href":"https:\/\/www.invarena.cz\/index.php?rest_route=\/wp\/v2\/posts"}],"about":[{"href":"https:\/\/www.invarena.cz\/index.php?rest_route=\/wp\/v2\/types\/post"}],"author":[{"embeddable":true,"href":"https:\/\/www.invarena.cz\/index.php?rest_route=\/wp\/v2\/users\/1"}],"replies":[{"embeddable":true,"href":"https:\/\/www.invarena.cz\/index.php?rest_route=%2Fwp%2Fv2%2Fcomments&post=46478"}],"version-history":[{"count":0,"href":"https:\/\/www.invarena.cz\/index.php?rest_route=\/wp\/v2\/posts\/46478\/revisions"}],"wp:featuredmedia":[{"embeddable":true,"href":"https:\/\/www.invarena.cz\/index.php?rest_route=\/wp\/v2\/media\/46489"}],"wp:attachment":[{"href":"https:\/\/www.invarena.cz\/index.php?rest_route=%2Fwp%2Fv2%2Fmedia&parent=46478"}],"wp:term":[{"taxonomy":"category","embeddable":true,"href":"https:\/\/www.invarena.cz\/index.php?rest_route=%2Fwp%2Fv2%2Fcategories&post=46478"},{"taxonomy":"post_tag","embeddable":true,"href":"https:\/\/www.invarena.cz\/index.php?rest_route=%2Fwp%2Fv2%2Ftags&post=46478"}],"curies":[{"name":"wp","href":"https:\/\/api.w.org\/{rel}","templated":true}]}}