{"id":46484,"date":"2024-02-29T05:55:16","date_gmt":"2024-02-29T04:55:16","guid":{"rendered":"https:\/\/www.invarena.cz\/?p=46484"},"modified":"2024-03-04T10:15:00","modified_gmt":"2024-03-04T09:15:00","slug":"prepis-z-poslanecke-snemov-z-rozpravy-o-manzelstvi-pro-vsechny","status":"publish","type":"post","link":"https:\/\/www.invarena.cz\/?p=46484","title":{"rendered":"P\u0159epis z Poslaneck\u00e9 sn\u011bmovny\u00a0z rozpravy o man\u017eelstv\u00ed pro v\u0161echny"},"content":{"rendered":"\n<p>Poslaneck\u00e1 sn\u011bmovna \u010cR&nbsp;<\/p>\n\n\n\n<p><br \/>V\u00e1\u017een\u00e9 kolegyn\u011b, v\u00e1\u017een\u00ed pan\u00ed poslankyn\u011b, v\u00e1\u017een\u00ed p\u00e1ni poslanci, v\u00e1\u017een\u00ed \u010dlenov\u00e9 vl\u00e1dy.<br \/><br \/>V\u011bra Kov\u00e1\u0159ov\u00e1, 1. m\u00edstop\u0159edsedkyn\u011b Poslaneck\u00e9 sn\u011bmovny \/STAN\/<br \/>&#8212;&#8212;&#8212;&#8212;&#8212;&#8212;&#8211;<br \/>Zdrav\u00edm v\u00e1s po p\u0159est\u00e1vce a zahajuji p\u0159eru\u0161enou devades\u00e1tou \u010dtvrtou sch\u016fzi Poslaneck\u00e9 sn\u011bmovny, aby byla zaznamen\u00e1na na\u0161e \u00fa\u010dast. Nejprve v\u00e1s odhl\u00e1s\u00edm a pros\u00edm, abyste se p\u0159ihl\u00e1sili sv\u00fdmi identifika\u010dn\u00edmi kartami. N\u00e1hradn\u00ed karty a jejich \u010d\u00edsla plat\u00ed tak, jak bylo \u0159e\u010deno, na devades\u00e1t\u00e9 \u010dtvrt\u00e9 a devades\u00e1t\u00e9 p\u00e1t\u00e9 sch\u016fzi. Odkazuji tak\u00e9 na omluvy, odkaz plat\u00ed tak, jak byly omluvy na\u010dteny na devades\u00e1t\u00e9 \u010dtvrt\u00e9 a devades\u00e1t\u00e9 p\u00e1t\u00e9 sch\u016fzi. Nyn\u00ed tedy budeme pokra\u010dovat v projedn\u00e1v\u00e1n\u00ed p\u0159eru\u0161en\u00e9ho bodu 123, co\u017e je sn\u011bmovn\u00ed tisk 241, novela ob\u010dansk\u00e9ho z\u00e1kon\u00edku, t\u0159et\u00ed \u010dten\u00ed, j\u00e1 otev\u00edr\u00e1m tedy bod 123. A projedn\u00e1v\u00e1n\u00ed tohoto bodu jsme p\u0159eru\u0161ili dnes v rozprav\u011b. Pros\u00edm, aby m\u00edsto u stolku zpravodaj\u016f zaujal za navrhovatele poslanec Josef Bernard a zpravodaj garan\u010dn\u00edho v\u00fdboru \u00fastavn\u011bpr\u00e1vn\u00edho, poslanec Ale\u0161 Dufek. P\u0159ipom\u00edn\u00e1m, \u017ee pozm\u011b\u0148ovac\u00ed n\u00e1vrhy jsou uvedeny ve sn\u011bmovn\u00edm tisku. 241\/6, kter\u00fd byl doru\u010den dne 8. \u00fanora. 2024 a usnesen\u00ed garan\u010dn\u00edho v\u00fdboru bylo doru\u010deno jako sn\u011bmovn\u00ed tisk 241\/7. Nyn\u00ed tedy budeme pokra\u010dovat v p\u0159eru\u0161en\u00e9 rozprav\u011b. A dnes byl p\u0159eru\u0161en ve sv\u00e9m vystoupen\u00ed pan poslanec Jan S\u00edla a zd\u00e1 se, \u017ee chce pokra\u010dovat ve sv\u00e9m vystoupen\u00ed. Pros\u00edm, pane poslan\u010de, m\u00e1te slovo a z\u00e1rove\u0148 pros\u00edm kolegy o zti\u0161en\u00ed.<br \/><br \/>MUDr. Jan S\u00edla, \/SPD\/<br \/>&#8212;&#8212;&#8212;&#8212;&#8212;&#8212;&#8211;<br \/>D\u011bkuji za slovo a budu pokra\u010dovat ve sv\u00e9 p\u0159eru\u0161en\u00e9 p\u0159edn\u00e1\u0161ce ohledn\u011b.<br \/><br \/>V\u011bra Kov\u00e1\u0159ov\u00e1, 1. m\u00edstop\u0159edsedkyn\u011b Poslaneck\u00e9 sn\u011bmovny \/STAN\/<br \/>&#8212;&#8212;&#8212;&#8212;&#8212;&#8212;&#8211;<br \/>Omlouv\u00e1m se, pane poslan\u010de, \u017ee v\u00e1s p\u0159eru\u0161uji, kolegyn\u011b, kolegov\u00e9, pros\u00edm o zti\u0161en\u00ed, pokud m\u00e1te n\u011bjak\u00e9 hovory, kter\u00e9 pot\u0159ebujete vy\u0159e\u0161it, tak pros\u00edm, v p\u0159eds\u00e1l\u00ed.<br \/><br \/>MUDr. Jan S\u00edla, \/SPD\/,<br \/>&#8212;&#8212;&#8212;&#8212;&#8212;&#8212;&#8211;<br \/>Skon\u010dili jsme u metody.<br \/>Skrips je metoda genetick\u00e9ho in\u017een\u00fdrstv\u00ed, kter\u00e1 umo\u017e\u0148uje manipulaci s genomem dan\u00e9ho organismu, kter\u00e1 m\u016f\u017ee b\u00fdt naprogramovan\u00e1 pomoc\u00ed RNA po modifikaci DNA, genov\u00e9 in\u017een\u00fdrstv\u00ed d\u00edky metod\u011b kryps dnes m\u016f\u017ee genetickou informac\u00ed jedince manipulovat a t\u00edm vlastn\u011b modifikovat p\u0159irozen\u00fd v\u00fdvoj jedince obdobn\u011b, jako je mo\u017eno m\u011bnit po\u010d\u00edta\u010dov\u00fd program. \u010clov\u011bk se st\u00e1v\u00e1 s nads\u00e1zkou boh\u00e9m a supluje p\u0159\u00edrodu, kter\u00e1 p\u016fvodn\u011b pomoc\u00ed p\u0159irozen\u00fdch mutac\u00ed m\u011bnila tvory k obrazu sv\u00e9mu. Jenom\u017ee te\u010fka jsou z\u00e1sahy c\u00edlen\u00e9, radik\u00e1ln\u011bj\u0161\u00ed, podstatn\u011b rychlej\u0161\u00ed, a proto nejsou generacemi vychytan\u00e9, fale\u0161n\u00e9 nebo sleb\u00e9 fylogenetick\u00e9 cesty. Pokud budeme m\u00edt v rodin\u011b anamn\u00e9ze, v rodinn\u00e9 anamn\u00e9ze \u010dasn\u00e1 \u00famrt\u00ed na\u0161ich bl\u00edzk\u00fdch na d\u011bdi\u010dnou chorobu, t\u011b\u017eko budeme odm\u00edtat mo\u017enosti jeliminace u\u017e p\u0159ed narozen\u00edm vlastn\u00edho potomka, rodi\u010de pochopiteln\u011b budou v\u017edy cht\u00edt d\u00e1t sv\u00fdm d\u011btem nejv\u011bt\u0161\u00ed \u0161anci na co nejdel\u0161\u00ed zdrav\u00fd \u017eivot. To je podstata, aby ti \u010dlov\u011bka.Ve Spojen\u00fdch st\u00e1tech. U\u017e dnes m\u016f\u017eete j\u00edt leg\u00e1ln\u011b na kliniku, nechat si pomoci um\u011bl\u00e9 inteligence, vybrat embryo, kter\u00e9 v\u00e1m uk\u00e1\u017ee genom s p\u0159edpokl\u00e1dan\u00fdmi vlohami a nad\u00e1n\u00ed a um\u011bl\u00e9mu oplodn\u011bn\u00ed. V\u011bt\u0161ina rodi\u010d\u016f je ve vztahu ke sv\u00fdm potomk\u016fm ambici\u00f3zn\u00ed, n\u011bkte\u0159\u00ed a\u017e chorobn\u011b, to se t\u00fdk\u00e1 bohat\u00fdch i chud\u00fdch. Ka\u017ed\u00fd z n\u00e1s se sna\u017e\u00ed obst\u00e1t v souboji o m\u00edsto na slunci. A nyn\u00ed se v\u00e1s v\u0161ech tady, jak tu sed\u00edte, zept\u00e1m, kdo z v\u00e1s i heterosexu\u00e1l\u016f, pokud by mohl p\u0159edem rozhodnout o budouc\u00edm zdrav\u00ed nebo nad\u00e1n\u00ed sv\u00fdch d\u011bt\u00ed, by dok\u00e1zal nab\u00eddky \u00fapravy genetick\u00fd informace odm\u00edtnout.Zde se dost\u00e1v\u00e1me k projedn\u00e1v\u00e1n\u00ed problematice homoparent\u00e1ln\u00ed rodiny a surog\u00e1tn\u00edho mate\u0159stv\u00ed. Stejn\u011b jako heterosexu\u00e1ln\u00ed, tak homosexu\u00e1ln\u00ed partne\u0159i maj\u00ed stejnou p\u0159irozenou touhu m\u00edt a vychov\u00e1vat d\u011bti. Homosexu\u00e1lov\u00e9 v\u0161ak maj\u00ed jedinou mo\u017enost, a tou je asistovan\u00e1 reprodukce, kter\u00e1 p\u0159\u00edmo vyb\u00edz\u00ed, a to mnohdy pekuni\u00e1rn\u00edch d\u016fvod\u016f. Proto\u017ee tam, kde je popt\u00e1vka, tam je nab\u00eddka. K uplatn\u011bn\u00ed zm\u00edn\u011bn\u00e9ho genov\u00e9ho in\u017een\u00fdrstv\u00ed u gay p\u00e1ru je nutn\u00e9 nav\u00edc se je\u0161t\u011b p\u0159ipo\u010d\u00edst surog\u00e1tn\u00ed mate\u0159stv\u00ed. Nel\u017ee pochybovat o tom, \u017ee ti, co na to budou my, si nechaj\u00ed nakonfigurovat sv\u00e9 lep\u0161\u00ed j\u00e1. Pro n\u00e1s v SPD nen\u00ed v\u016fbec podstatn\u00e9, jakou m\u00e1 \u010dlov\u011bk barvu pleti, n\u00e1bo\u017eensk\u00e9 vyzn\u00e1n\u00ed, velikost konta \u010di sexu\u00e1ln\u00ed orientaci.Od po\u010d\u00e1tku v\u016fbec nejde o dosa\u017een\u00ed rovnosti, p\u0159\u00edle\u017eitosti, ale rovnosti v\u00fdsledku. Cel\u00e1 debata o n\u00e1zvu vztahu dvou lid\u00ed p\u0159ikr\u00fdv\u00e1 to podstatn\u00e9, \u017ee jde vlastn\u011b prvo\u0159ad\u011b o d\u011bti, definice man\u017eelstv\u00ed \u00fazce souvis\u00ed s definic\u00ed rodi\u010dovstv\u00ed. Po\u017eadavky a tu\u017eby dosp\u011bl\u00fdch by nem\u011bly b\u00fdt nad\u0159azeny pr\u00e1v\u016fm t\u011bch bezbrann\u00fdch nejzraniteln\u011bj\u0161\u00edch d\u011bt\u00ed.<br \/><br \/>Nav\u00edc v debat\u00e1ch o novele i v pozm\u011b\u0148ovac\u00edch n\u00e1vrz\u00edch se jaksi nehovo\u0159\u00ed o skute\u010dnosti, \u017ee jde o legalizaci vyt\u011bs\u0148ov\u00e1n\u00ed druh\u00e9ho skute\u010dn\u00e9ho biologick\u00e9ho rodi\u010de. D\u016fvod vy\u010dlen\u011bn\u00ed jin\u00fdch forem sou\u017eit\u00ed z institutu man\u017eelstv\u00ed je skute\u010dnost, \u017ee institut man\u017eelstv\u00ed odr\u00e1\u017e\u00ed p\u0159edev\u0161\u00edm z\u00e1jem d\u011bt\u00ed, proto\u017ee bylo prok\u00e1z\u00e1no, a to bylo p\u0159edchoz\u00ed \u010d\u00e1sti m\u00e9 p\u0159edn\u00e1\u0161ky, \u017ee trval\u00e9 sou\u017eit\u00ed mu\u017ee a \u017eeny je v pr\u016fm\u011bru nejlep\u0161\u00edm prost\u0159ed\u00edm pro v\u0161estrannou v\u00fdchovu a p\u00e9\u010di o d\u011bti, kter\u00e9 budou m\u00edt v budouc\u00edm \u017eivot\u011b nejv\u011bt\u0161\u00ed \u0161anci usp\u011bt.<br \/><br \/>V\u011bra Kov\u00e1\u0159ov\u00e1, 1. m\u00edstop\u0159edsedkyn\u011b Poslaneck\u00e9 sn\u011bmovny \/STAN\/<br \/>&#8212;&#8212;&#8212;&#8212;&#8212;&#8212;&#8211;<br \/>Pane poslan\u010de, omlouv\u00e1m se, \u017ee v\u00e1s p\u0159eru\u0161uji je\u0161t\u011b jednou, opakovan\u011b pros\u00edm o klid v jednac\u00edm s\u00e1le. D\u011bkuji, je\u0161t\u011b vydr\u017ete chvilku. Pokud m\u00e1te n\u011bjak\u00e9 hovory, d\u00e1my, pros\u00edm, p\u0159esu\u0148te je do p\u0159eds\u00e1l\u00ed, d\u011bkuji v\u00e1m, pros\u00edm, pokra\u010dujte.<br \/><br \/>MUDr. Jan S\u00edla, \/SPD\/,<br \/>&#8212;&#8212;&#8212;&#8212;&#8212;&#8212;&#8211;<br \/>D\u011bkuji.<br \/>St\u00e1t by nem\u011bl preferovat uspokojov\u00e1n\u00ed tu\u017eeb homosexu\u00e1ln\u00edch p\u00e1r\u016f pro fale\u0161n\u00e9 prosazov\u00e1n\u00ed humanity, ale prim\u00e1rn\u011b prosazovat z\u00e1jmy d\u011bt\u00ed, a ne emocion\u00e1ln\u00ed vztah dvou dosp\u011bl\u00fdch osob, a\u0165 Homo, \u010di heterosexu\u00e1ln\u00ed. SPD odm\u00edt\u00e1 perzekuovat n\u011bkoho za jeho \u017eivotn\u00ed, \u010di politick\u00e9 n\u00e1zory, n\u00e1bo\u017eensk\u00e9 c\u00edt\u011bn\u00ed nebo sexu\u00e1ln\u00ed orientac\u00ed, z\u00e1padn\u00ed toleranc\u00ed a zp\u016fsob nahl\u00ed\u017een\u00ed na \u010dlov\u011bka je z m\u00e9ho pohledu jedin\u00fd spr\u00e1vn\u00fd, ale p\u0159itom nesm\u00ed b\u00fdt zneu\u017eit\u00ed. Vzhledem k sou\u010dasn\u00e9 snaze o destrukci uzn\u00e1van\u00e9 definice rodiny je nutn\u00e9 se sna\u017eit zvr\u00e1tit tento v\u00fdvoj do v\u00fdvojov\u00fd trend a vr\u00e1tit se k rodin\u011b slo\u017een\u00e9 z m\u00e1my, t\u00e1ty a jejich biologick\u00fdch potomk\u016f.V na\u0161em pozm\u011b\u0148ovac\u00edm n\u00e1vrhu podporujeme \u00fapravu ob\u010dansk\u00e9ho z\u00e1kon\u00edku tak, aby byla narovn\u00e1na pr\u00e1va homosexu\u00e1ln\u00edch a heterosexu\u00e1ln\u00edch p\u00e1r\u016f po v\u0161ech str\u00e1nk\u00e1ch, ale s v\u00fdjimkou adopce d\u011bt\u00ed a zav\u00e1d\u011bj\u00edc\u00edho n\u00e1zvu jejich vztahu jako man\u017eelstv\u00ed. My, poslanci, jak tu sed\u00edme nap\u0159\u00ed\u010d politick\u00fdm spektrem, bychom si m\u011bli uv\u011bdomit, jakou odpov\u011bdnost na sebe pr\u00e1v\u011b v tomto hlasov\u00e1n\u00ed bereme, proto v\u00e1s vyz\u00fdv\u00e1m.\u017d\u00e1d\u00e1m dokonce, pros\u00edm o podporu na\u0161eho pozm\u011b\u0148ovac\u00edho n\u00e1vrhu. Tradi\u010dn\u00ed rodinu z tohoto pohledu nepova\u017euji za anachronismus, ale naopak za z\u00e1kladn\u00ed podm\u00ednku pro reparaci aktu\u00e1ln\u011b prob\u00edhaj\u00edc\u00ed ekonomick\u00e9 a hlavn\u011b mor\u00e1ln\u00ed devastace na\u0161\u00ed spole\u010dnosti. D\u011bkuji za pozornost.<br \/><br \/>V\u011bra Kov\u00e1\u0159ov\u00e1, 1. m\u00edstop\u0159edsedkyn\u011b Poslaneck\u00e9 sn\u011bmovny \/STAN\/<br \/>&#8212;&#8212;&#8212;&#8212;&#8212;&#8212;&#8211;<br \/>D\u011bkuji, pane poslan\u010de. Nyn\u00ed m\u00e1m zde p\u0159ihl\u00e1\u0161ku k faktick\u00e9 pana poslance Foldyny, kter\u00e9ho tady nevid\u00edm, \u010dili jeho p\u0159ihl\u00e1\u0161ka propad\u00e1 a nyn\u00ed je p\u0159ihl\u00e1\u0161en do rozpravy pan poslanec Vladim\u00edr Zl\u00ednsk\u00fd, pros\u00edm, m\u00e1te slovo.<br \/><br \/>MUDr. Vladim\u00edr Zl\u00ednsk\u00fd \/SPD\/,<br \/>&#8212;&#8212;&#8212;&#8212;&#8212;&#8212;&#8211;<br \/>V\u00e1\u017een\u00e1 pan\u00ed p\u0159edsedaj\u00edc\u00ed, d\u011bkuji za slovo, v\u00e1\u017een\u00e9 d\u00e1my a p\u00e1nov\u00e9. J\u00e1 se p\u0159izn\u00e1m, \u017ee jsem si nep\u0159ipravil \u017e\u00e1dn\u00fd sofistikovan\u00fd projev, j\u00e1 vlastn\u011b tady budu reagovat jenom na vystoupen\u00ed pana poslance Vondr\u00e1ka a pan\u00ed poslankyn\u011b B\u011blohl\u00e1vkov\u00e9, j\u00e1 bych to asi nestihl v t\u011bch dvou minut\u00e1ch, tak jsem to vy\u0159e\u0161il t\u00edmto zp\u016fsobem, co se t\u00fdk\u00e1 pana poslance Vondr\u00e1ka, on tady zm\u00ednil jednu velice d\u016fle\u017eitou v\u011bc, \u017ee sv\u011bt se n\u011bjak\u00fdm zp\u016fsobem vyv\u00edj\u00ed, vyv\u00edj\u00ed se i ta populace a \u00fadajn\u011b bychom na to m\u011bli n\u011bjak\u00fdm zp\u016fsobem reagovat. J\u00e1 si mysl\u00edm, \u017ee bychom si prvn\u00ed m\u011bli polo\u017eit ot\u00e1zku, jak\u00fdm sm\u011brem se ten sv\u011bt vyv\u00edj\u00ed, jak\u00e9 to sm\u011b\u0159ov\u00e1n\u00ed a co je obsahem toho sm\u011b\u0159ov\u00e1n\u00ed? J\u00e1 bu\u010f tady samoz\u0159ejm\u011b zm\u00edn\u00edm jenom to, \u017ee pravd\u011bpodobn\u011b, nebo s s nejv\u011bt\u0161\u00edm pravd\u011bpodobnost\u00ed doch\u00e1z\u00ed k n\u00e1r\u016fstu po\u010dtu transgender osob a osob, osob se homosexu\u00e1ln\u00edm zam\u011b\u0159en\u00ed.M\u011bli bychom si kl\u00e1st ot\u00e1zku, jak\u00fd je d\u016fvod t\u011bchto zm\u011bn a jak\u00e1 je dynamika t\u011bchto zm\u011bn? A j\u00e1 pak uvedu, pro\u010d nakonec d\u00e1le tady pan\u00ed kolegyn\u011b nebo pan\u00ed poslankyn\u011b B\u011blohl\u00e1vkov\u00e1 zm\u00ednila term\u00edn sexu\u00e1ln\u00ed dysforie, j\u00e1 bych si tady dovolil \u0159\u00edct, co to je, je to jak\u00fdsi diskomfort mezi sexu\u00e1ln\u00ed identitou a pohlav\u00ed, kter\u00fd vede k \u00fazkosti, pravd\u011bpodobn\u011b taky doch\u00e1z\u00ed k n\u00e1r\u016fstu tohoto symptomu nebo syndromu mezi mlad\u00fdmi lidmi. A op\u011bt bychom se m\u011b m\u011bli pt\u00e1t, jak\u00fd je ten d\u016fvod, jestli je to vlastn\u011b ta nov\u00e1 doba a co to zp\u016fsobuje. J\u00e1 jsem si dovolil tady navrhnout dv\u011b mo\u017en\u00e9 varianty. T\u011bch p\u0159\u00ed\u010din, prvn\u00ed p\u0159\u00ed\u010dina je p\u0159\u00ed\u010dina biologick\u00e1, kdy si mysl\u00edm, \u017ee doch\u00e1z\u00ed ke zm\u011bn\u011b neurohumor\u00e1ln\u00edho nebo hormon\u00e1ln\u00edho syst\u00e9mu u mlad\u00fdch lid\u00ed, a to z n\u011bjak\u00fdch p\u0159\u00ed\u010din. A j\u00e1 bych tady zm\u00ednil jednu z\u00e1va\u017enou v\u011bc, o kter\u00e9 se hovo\u0159\u00ed, a to jsou tzv. hormon\u00e1ln\u00ed disruptory, co jsou l\u00e1tky, nap\u0159\u00edklad mikroplasty, kter\u00e9 kdy\u017e se dostanou do t\u011bla, tak se chovaj\u00ed jako hormony, tak\u017ee n\u011bjak\u00fdm zp\u016fsobem pak destabilizuj\u00ed hormon\u00e1ln\u00ed syst\u00e9m toho mlad\u00e9ho \u010dlov\u011bka. A pak bych tady cht\u011bl zm\u00ednit dal\u0161\u00ed v\u011bc, co\u017e asi to nezn\u00e1te. A to jsou tzv. epigenetick\u00e9 zm\u011bny, kdy vlastn\u011b organismy, kter\u00e9 se vyv\u00edjej\u00ed v n\u011bjak\u00e9m prost\u0159ed\u00ed, i dokonce jejich p\u0159edkov\u00e9, tak t\u011bmi epigenetick\u00fdmi zm\u011bnami je vlastn\u011b, jak kdyby ozna\u010dkov\u00e1n genom a ten genom se p\u0159izp\u016fsobuje tomu zevn\u00edmu prost\u0159ed\u00ed a net\u00fdk\u00e1 se to jenom zevn\u00edho prost\u0159ed\u00ed jako takov\u00e9ho, ale i t\u011bch, i t\u011bch vjem\u016f, kter\u00e9 ten \u010dlov\u011bk za\u017e\u00edv\u00e1, to znamen\u00e1 bu\u010f negativn\u00edch, nebo pozitivn\u00edch r\u016fzn\u00fdch stres\u016f i \u017eivota, p\u0159\u00edpadn\u011b v blahobytu.<br \/><br \/>A druh\u00e1 v\u011bc, kter\u00e1 to samoz\u0159ejm\u011b m\u016f\u017ee zp\u016fsobovat, je psychologick\u00fd vliv.J\u00e1 bych tady nejv\u011bt\u0161\u00ed podez\u0159en\u00ed nebo v nejv\u011bt\u0161\u00ed podez\u0159\u00edvavost v\u011bnuji soci\u00e1ln\u00edm s\u00edt\u00edm a samoz\u0159ejm\u011b i m\u00e9di\u00edm, kter\u00e9 n\u011bjak\u00fdm zp\u016fsobem prost\u011b tady \u0161\u00ed\u0159\u00ed informace v\u011bdom\u011b nebo nev\u011bdom\u011b, kter\u00e9 ty mlad\u00e9 lidi nezral\u00e9 ovliv\u0148uj\u00ed t\u00edmto sm\u011brem? A j\u00e1 o tom hovo\u0159\u00edm pr\u00e1v\u011b z toho d\u016fvodu, jestli tento, tyto tendence umo\u017en\u00ed na\u0161\u00ed spole\u010dnosti nebo na na\u0161i civilizaci se p\u0159izp\u016fsob\u00ed t\u011bm. P\u0159\u00edpadn\u00fdm kritick\u00fdm a t\u011b\u017ek\u00fdm chv\u00edl\u00edm, kter\u00e9 n\u00e1s mohou \u010dekat, nemus\u00ed, ale mohou, a hlavn\u011b bych cht\u011bl tady zm\u00ednit problematiku demografie, proto\u017ee z\u00e1padn\u00ed spole\u010dnosti vym\u00edraj\u00ed a pokud samoz\u0159ejm\u011b bude p\u0159ib\u00fdvat lid\u00ed a j\u00e1 proti nim nic nem\u00e1m, j\u00e1 nejsem orient\u011bm. P\u0159\u00edpadn\u00fdmm \u017ee bych je odsuzoval, ty lidi, kte\u0159\u00ed prost\u011b maj\u00ed toto sm\u011b\u0159ov\u00e1n\u00ed, jsou homosexu\u00e1ln\u00ed, ale nicm\u00e9n\u011b povede to k tomu, \u017ee ta urna, plodnost nebo porodnost bude objektivn\u011b klesat, pokud t\u011bchto lid\u00ed bude p\u0159ib\u00fdvat, tak\u017ee m\u011bli bychom se nad t\u00edm zamyslet, pro\u010d se tak d\u011bje, pokud se tak d\u011bje a jestli teda v tomto sm\u011bru m\u00e1me podniknout n\u011bjak\u00e9 kroky, anebo ta situace je nevratn\u00e1, nem\u016f\u017eeme d\u011blat nic a j\u00e1 si to teda nemysl\u00edm, m\u011bli bychom se nad t\u00edm zamyslet. D\u011bkuji za pozornost.<br \/><br \/>V\u011bra Kov\u00e1\u0159ov\u00e1, 1. m\u00edstop\u0159edsedkyn\u011b Poslaneck\u00e9 sn\u011bmovny \/STAN\/<br \/>&#8212;&#8212;&#8212;&#8212;&#8212;&#8212;&#8211;<br \/>D\u011bkuji, pane poslan\u010de. Nyn\u00ed s p\u0159ednostn\u00edm pr\u00e1vem se p\u0159ihl\u00e1sil pan ministr Jure\u010dka, pot\u00e9 pan p\u0159edseda Dufek. Pros\u00edm, pane minist\u0159e, m\u00e1te slovo.<br \/><br \/>mluv\u010d\u00ed 1,<br \/>&#8212;&#8212;&#8212;&#8212;&#8212;&#8212;&#8211;<br \/>D\u011bkuji.<br \/><br \/>Marian Jure\u010dka,\u00a0<strong>ministr<\/strong>\u00a0<strong>pr\u00e1ce<\/strong>\u00a0a soci\u00e1ln\u00edch v\u011bc\u00ed \/KDU-\u010cSL\/<br \/>&#8212;&#8212;&#8212;&#8212;&#8212;&#8212;&#8211;<br \/>Dobr\u00e9 odpoledne. V\u00e1\u017een\u00e1 pan\u00ed m\u00edstop\u0159edsedkyn\u011b, kolegyn\u011b, kolegov\u00e9, j\u00e1 si dovol\u00edm tady vystoupit v podobn\u00e9m duchu, jak jsem tady hovo\u0159il p\u0159ed n\u011bkolika t\u00fddny v r\u00e1mci projedn\u00e1v\u00e1n\u00ed tohoto n\u00e1vrhu. P\u0159i druh\u00e9m \u010dten\u00ed se stanoviskem. Ne jako p\u0159edsedy KDU-\u010cSL s t\u00edm, \u017ee \u0159eknu n\u011bkolik podstatn\u00fdch pohled\u016f na tuto problematiku s t\u00edm, \u017ee kdy\u017e mluv\u00edme o man\u017eelstv\u00ed, tak pro n\u00e1s jako pro lidovce je naprosto z\u00e1sadn\u00ed, aby man\u017eelstv\u00ed bylo svazkem mu\u017ee a \u017eeny, pokud hovo\u0159\u00edme o registrovan\u00e9m partnerstv\u00ed, tak je pro n\u00e1s jasn\u00e9, \u017ee m\u00e1me tady hledat cestu, jak narovnat pr\u00e1va, jak upravit pojmoslov\u00ed tak, aby to bylo partnerstv\u00ed a abychom v t\u00e9to v\u011bci ud\u011blali legislativn\u00ed racion\u00e1ln\u00ed posun, my jsme k tomu tak\u00e9 p\u0159ipravili konkr\u00e9tn\u00ed n\u00e1vrh, kter\u00fd byl p\u0159edstaven na\u0161\u00edm kolegou Ji\u0159\u00edm Navr\u00e1tilem, kter\u00fd pr\u00e1v\u011b \u0161el tou cestou \u00fapravy narovn\u00e1n\u00ed pr\u00e1v partner\u016f a tento n\u00e1vrh jsme tak\u00e9 p\u0159edlo\u017eili tady do Poslaneck\u00e9 sn\u011bmovny, bohu\u017eel na jeho projedn\u00e1n\u00ed se zat\u00edm nedostalo a zjevn\u011b ani nedostane. My se pod\u00edv\u00e1me na ten pohled man\u017eelstv\u00ed. Tak j\u00e1 jsem si v\u011bdom toho, \u017ee nikdo asi nem\u016f\u017eeme \u0159\u00edct, \u017ee bysme v\u017edycky vid\u011bli kolem sebe jen harmonick\u00e1 man\u017eelstv\u00ed, ale man\u017eelstv\u00ed jako svazek mu\u017ee a \u017eeny m\u00e1 svoji velmi v\u00fdznamnou hodnotu pro stabilitu spole\u010dnosti, pro stabilitu rodiny, pro stabilitu dobr\u00e9ho prost\u0159ed\u00ed, pro v\u00fdchovu d\u011bt\u00ed, pro jejich p\u0159iveden\u00ed na sv\u011bt. A mysl\u00edm si, \u017ee my, kdy\u017e jsme byli d\u011btmi, tak jsme velmi intenzivn\u011b vn\u00edmali to, jak\u00fdm zp\u016fsobem n\u00e1m d\u00e1vali toto z\u00e1zem\u00ed na\u0161i rodi\u010de, a kdy\u017e jsme dneska v pozici rodi\u010d\u016f, tak si mysl\u00edm, \u017ee si uv\u011bdomujeme, jak je d\u016fle\u017eit\u00e9, aby tento institut, tato forma, na kter\u00e9m stoj\u00ed nebo na kter\u00e9 stoj\u00ed rodina po stalet\u00ed, m\u011bl ur\u010ditou specifickou ochranu spole\u010dnosti, respekt, proto\u017ee, p\u0159esto\u017ee ta doba p\u0159in\u00e1\u0161\u00ed r\u016fzn\u00e9 v\u00fdzvy, kter\u00e9 t\u0159eba zm\u011bnou r\u016fzn\u00fdch spole\u010densk\u00fdch, ale i ostatn\u00edch pom\u011br\u016f t\u0159eba eroduj\u00ed n\u011bkter\u00e9 tradi\u010dn\u00ed instituty, jako je pr\u00e1v\u011b rodina, rodina postaven\u00e1 na man\u017eelstv\u00ed jako svazku mu\u017ee a \u017eeny. P\u0159esto to neznamen\u00e1, \u017ee bychom na toto m\u011bli jakkoliv rezignovat. My jsme tak\u00e9 v t\u00e9to souvislosti p\u0159edlo\u017eili n\u00e1vrh, kter\u00fd jsme p\u0159edkl\u00e1dali v minul\u00e9m volebn\u00edm obdob\u00ed, kter\u00fd jasn\u011b \u0159e\u0161ili zakotven\u00ed man\u017eelstv\u00ed jako svazku mu\u017ee a \u017eeny do \u00fastavy \u010cesk\u00e9 republiky a je p\u0159edlo\u017een tady na jedn\u00e1n\u00ed Poslaneck\u00e9 sn\u011bmovny, j\u00e1 chci \u0159\u00edci, \u017ee z pohledu debaty, kterou te\u010f vedeme v druh\u00e9m a ve t\u0159et\u00edm \u010dten\u00ed, tak z pohledu naprost\u00e9 v\u011bt\u0161iny m\u00fdch kolegy\u0148 a koleg\u016f se klon\u00edme p\u0159i tom hlasov\u00e1n\u00ed o t\u011bch pozm\u011b\u0148uj\u00edc\u00edch n\u00e1vrz\u00edch pozm\u011b\u0148uj\u00edc\u00edho n\u00e1vrhu, kter\u00fd n\u00e1m je v tomto ohledu nejbli\u017e\u0161\u00ed, je to pozm\u011b\u0148uj\u00edc\u00ed n\u00e1vrh, kter\u00fd byl p\u0159edlo\u017een na\u0161\u00edm koleg\u016fgou Pavlem B\u011blobr\u00e1dkem, kolegou hasem a kolegyn\u00ed o\u017eanovou, tedy nejsou to jenom poslanci, kte\u0159\u00ed by byli z vl\u00e1dn\u00ed p\u011btikoalice. Mysl\u00edme si, \u017ee ten n\u00e1vrh vlastn\u011b dopl\u0148uje to \u0159e\u0161en\u00ed, kter\u00e9 ud\u011bl\u00e1 tu \u00fapravu jednotliv\u00fdch pr\u00e1v, ale z\u00e1rove\u0148 tak\u00e9 \u0159e\u0161\u00ed i tu tak \u010dasto nezdiskutovanou ot\u00e1zku adopc\u00ed. Tolik asi za mne, za n\u00e1s jako za lidovce stanovisko v t\u00e9to ot\u00e1zce. Sna\u017eil jsem se b\u00fdt v\u011bcn\u00fd, sna\u017eil jsem se b\u00fdt stru\u010dn\u00fd. A d\u011bkuji v\u00e1m za pozornost.<br \/><br \/>mluv\u010d\u00ed 2,<br \/>&#8212;&#8212;&#8212;&#8212;&#8212;&#8212;&#8211;<br \/>D\u011bkuji, pane minist\u0159e.<br \/><br \/><\/p>\n","protected":false},"excerpt":{"rendered":"<div class=\"mh-excerpt\"><p>Poslaneck\u00e1 sn\u011bmovna \u010cR&nbsp; V\u00e1\u017een\u00e9 kolegyn\u011b, v\u00e1\u017een\u00ed pan\u00ed poslankyn\u011b, v\u00e1\u017een\u00ed p\u00e1ni poslanci, v\u00e1\u017een\u00ed \u010dlenov\u00e9 vl\u00e1dy. V\u011bra Kov\u00e1\u0159ov\u00e1, 1. m\u00edstop\u0159edsedkyn\u011b Poslaneck\u00e9 sn\u011bmovny \/STAN\/&#8212;&#8212;&#8212;&#8212;&#8212;&#8212;&#8211;Zdrav\u00edm v\u00e1s po p\u0159est\u00e1vce a <a class=\"mh-excerpt-more\" href=\"https:\/\/www.invarena.cz\/?p=46484\" title=\"P\u0159epis z Poslaneck\u00e9 sn\u011bmovny\u00a0z rozpravy o man\u017eelstv\u00ed pro v\u0161echny\">[&#8230;]<\/a><\/p>\n<\/div>","protected":false},"author":1,"featured_media":915,"comment_status":"open","ping_status":"closed","sticky":false,"template":"","format":"standard","meta":{"footnotes":""},"categories":[6],"tags":[],"class_list":["post-46484","post","type-post","status-publish","format-standard","has-post-thumbnail","hentry","category-politika"],"_links":{"self":[{"href":"https:\/\/www.invarena.cz\/index.php?rest_route=\/wp\/v2\/posts\/46484","targetHints":{"allow":["GET"]}}],"collection":[{"href":"https:\/\/www.invarena.cz\/index.php?rest_route=\/wp\/v2\/posts"}],"about":[{"href":"https:\/\/www.invarena.cz\/index.php?rest_route=\/wp\/v2\/types\/post"}],"author":[{"embeddable":true,"href":"https:\/\/www.invarena.cz\/index.php?rest_route=\/wp\/v2\/users\/1"}],"replies":[{"embeddable":true,"href":"https:\/\/www.invarena.cz\/index.php?rest_route=%2Fwp%2Fv2%2Fcomments&post=46484"}],"version-history":[{"count":0,"href":"https:\/\/www.invarena.cz\/index.php?rest_route=\/wp\/v2\/posts\/46484\/revisions"}],"wp:featuredmedia":[{"embeddable":true,"href":"https:\/\/www.invarena.cz\/index.php?rest_route=\/wp\/v2\/media\/915"}],"wp:attachment":[{"href":"https:\/\/www.invarena.cz\/index.php?rest_route=%2Fwp%2Fv2%2Fmedia&parent=46484"}],"wp:term":[{"taxonomy":"category","embeddable":true,"href":"https:\/\/www.invarena.cz\/index.php?rest_route=%2Fwp%2Fv2%2Fcategories&post=46484"},{"taxonomy":"post_tag","embeddable":true,"href":"https:\/\/www.invarena.cz\/index.php?rest_route=%2Fwp%2Fv2%2Ftags&post=46484"}],"curies":[{"name":"wp","href":"https:\/\/api.w.org\/{rel}","templated":true}]}}