{"id":46513,"date":"2024-02-29T22:43:29","date_gmt":"2024-02-29T21:43:29","guid":{"rendered":"https:\/\/www.invarena.cz\/?p=46513"},"modified":"2024-02-29T22:43:30","modified_gmt":"2024-02-29T21:43:30","slug":"ridic-mercedesu-parkoval-na-mistech-pro-invalidy-prokazal-se-neplatnym-prukazem-ztp","status":"publish","type":"post","link":"https:\/\/www.invarena.cz\/?p=46513","title":{"rendered":"\u0158idi\u010d mercedesu parkoval na m\u00edstech pro invalidy, prok\u00e1zal se neplatn\u00fdm pr\u016fkazem ZTP"},"content":{"rendered":"\n<p>V Biskupsk\u00e9 ulici na \u017di\u017ekov\u011b si hl\u00eddka str\u00e1\u017en\u00edk\u016f v uplynul\u00fdch dnech v\u0161imla mercedesu, kter\u00fd st\u00e1l na m\u00edst\u011b vyhrazen\u00e9m pro lidi s handicapem a m\u011bl za oknem zjevn\u011b neplatn\u00fd ZTP pr\u016fkaz. Informovala o tom mluv\u010d\u00ed M\u011bstsk\u00e9 policie hl. m. Prahy (MP Praha) Irena Seifertov\u00e1.<\/p>\n\n\n\n<p>Cel\u00fd \u010dl\u00e1nek naleznete v Pra\u017esk\u00e9m Patriotu: <a href=\"https:\/\/www.prazskypatriot.cz\/ridic-mercedesu-parkoval-na-mistech-pro-invalidy-prokazal-se-neplatnym-prukazem-ztp\/\" target=\"_blank\" rel=\"noreferrer noopener\">https:\/\/www.prazskypatriot.cz\/ridic-mercedesu-parkoval-na-mistech-pro-invalidy-prokazal-se-neplatnym-prukazem-ztp\/<\/a><\/p>\n","protected":false},"excerpt":{"rendered":"<div class=\"mh-excerpt\"><p>V Biskupsk\u00e9 ulici na \u017di\u017ekov\u011b si hl\u00eddka str\u00e1\u017en\u00edk\u016f v uplynul\u00fdch dnech v\u0161imla mercedesu, kter\u00fd st\u00e1l na m\u00edst\u011b vyhrazen\u00e9m pro lidi s handicapem a m\u011bl za <a class=\"mh-excerpt-more\" href=\"https:\/\/www.invarena.cz\/?p=46513\" title=\"\u0158idi\u010d mercedesu parkoval na m\u00edstech pro invalidy, prok\u00e1zal se neplatn\u00fdm pr\u016fkazem ZTP\">[&#8230;]<\/a><\/p>\n<\/div>","protected":false},"author":1,"featured_media":7832,"comment_status":"open","ping_status":"closed","sticky":false,"template":"","format":"standard","meta":{"footnotes":""},"categories":[9],"tags":[],"class_list":["post-46513","post","type-post","status-publish","format-standard","has-post-thumbnail","hentry","category-zpravy"],"_links":{"self":[{"href":"https:\/\/www.invarena.cz\/index.php?rest_route=\/wp\/v2\/posts\/46513","targetHints":{"allow":["GET"]}}],"collection":[{"href":"https:\/\/www.invarena.cz\/index.php?rest_route=\/wp\/v2\/posts"}],"about":[{"href":"https:\/\/www.invarena.cz\/index.php?rest_route=\/wp\/v2\/types\/post"}],"author":[{"embeddable":true,"href":"https:\/\/www.invarena.cz\/index.php?rest_route=\/wp\/v2\/users\/1"}],"replies":[{"embeddable":true,"href":"https:\/\/www.invarena.cz\/index.php?rest_route=%2Fwp%2Fv2%2Fcomments&post=46513"}],"version-history":[{"count":0,"href":"https:\/\/www.invarena.cz\/index.php?rest_route=\/wp\/v2\/posts\/46513\/revisions"}],"wp:featuredmedia":[{"embeddable":true,"href":"https:\/\/www.invarena.cz\/index.php?rest_route=\/wp\/v2\/media\/7832"}],"wp:attachment":[{"href":"https:\/\/www.invarena.cz\/index.php?rest_route=%2Fwp%2Fv2%2Fmedia&parent=46513"}],"wp:term":[{"taxonomy":"category","embeddable":true,"href":"https:\/\/www.invarena.cz\/index.php?rest_route=%2Fwp%2Fv2%2Fcategories&post=46513"},{"taxonomy":"post_tag","embeddable":true,"href":"https:\/\/www.invarena.cz\/index.php?rest_route=%2Fwp%2Fv2%2Ftags&post=46513"}],"curies":[{"name":"wp","href":"https:\/\/api.w.org\/{rel}","templated":true}]}}