{"id":46516,"date":"2024-02-29T22:47:04","date_gmt":"2024-02-29T21:47:04","guid":{"rendered":"https:\/\/www.invarena.cz\/?p=46516"},"modified":"2024-02-29T22:47:04","modified_gmt":"2024-02-29T21:47:04","slug":"kvuli-tragickemu-pozaru-ve-vejprtech-byl-obzalovan-reditel-ustavu","status":"publish","type":"post","link":"https:\/\/www.invarena.cz\/?p=46516","title":{"rendered":"Kv\u016fli tragick\u00e9mu po\u017e\u00e1ru ve Vejprtech byl ob\u017ealov\u00e1n \u0159editel \u00fastavu"},"content":{"rendered":"\n<p>St\u00e1tn\u00ed zastupitelstv\u00ed podalo ob\u017ealobu na \u0159editele M\u011bstsk\u00e9 spr\u00e1vy soci\u00e1ln\u00edch slu\u017eeb ve Vejprtech na Chomutovsku, pod kterou pat\u0159\u00ed domov pro ment\u00e1ln\u011b posti\u017een\u00e9. Kv\u016fli jeho po\u017e\u00e1ru v roce 2020 zem\u0159elo dev\u011bt lid\u00ed. \u0158editeli Viktoru Kol\u00e1\u010dkovi hroz\u00ed za obecn\u00e9 ohro\u017een\u00ed z nedbalosti trest od t\u0159\u00ed do deseti let v\u011bzen\u00ed.<\/p>\n\n\n\n<p>Cel\u00fd \u010dl\u00e1nek naleznete na novinky.cz: <a href=\"https:\/\/www.novinky.cz\/clanek\/krimi-obzaloba-v-kauze-tragickeho-pozaru-ve-vejprtech-40462478\" target=\"_blank\" rel=\"noreferrer noopener\">https:\/\/www.novinky.cz\/clanek\/krimi-obzaloba-v-kauze-tragickeho-pozaru-ve-vejprtech-40462478<\/a><\/p>\n","protected":false},"excerpt":{"rendered":"<div class=\"mh-excerpt\"><p>St\u00e1tn\u00ed zastupitelstv\u00ed podalo ob\u017ealobu na \u0159editele M\u011bstsk\u00e9 spr\u00e1vy soci\u00e1ln\u00edch slu\u017eeb ve Vejprtech na Chomutovsku, pod kterou pat\u0159\u00ed domov pro ment\u00e1ln\u011b posti\u017een\u00e9. Kv\u016fli jeho po\u017e\u00e1ru v <a class=\"mh-excerpt-more\" href=\"https:\/\/www.invarena.cz\/?p=46516\" title=\"Kv\u016fli tragick\u00e9mu po\u017e\u00e1ru ve Vejprtech byl ob\u017ealov\u00e1n \u0159editel \u00fastavu\">[&#8230;]<\/a><\/p>\n<\/div>","protected":false},"author":1,"featured_media":19485,"comment_status":"open","ping_status":"closed","sticky":false,"template":"","format":"standard","meta":{"footnotes":""},"categories":[9],"tags":[],"class_list":["post-46516","post","type-post","status-publish","format-standard","has-post-thumbnail","hentry","category-zpravy"],"_links":{"self":[{"href":"https:\/\/www.invarena.cz\/index.php?rest_route=\/wp\/v2\/posts\/46516","targetHints":{"allow":["GET"]}}],"collection":[{"href":"https:\/\/www.invarena.cz\/index.php?rest_route=\/wp\/v2\/posts"}],"about":[{"href":"https:\/\/www.invarena.cz\/index.php?rest_route=\/wp\/v2\/types\/post"}],"author":[{"embeddable":true,"href":"https:\/\/www.invarena.cz\/index.php?rest_route=\/wp\/v2\/users\/1"}],"replies":[{"embeddable":true,"href":"https:\/\/www.invarena.cz\/index.php?rest_route=%2Fwp%2Fv2%2Fcomments&post=46516"}],"version-history":[{"count":1,"href":"https:\/\/www.invarena.cz\/index.php?rest_route=\/wp\/v2\/posts\/46516\/revisions"}],"predecessor-version":[{"id":46519,"href":"https:\/\/www.invarena.cz\/index.php?rest_route=\/wp\/v2\/posts\/46516\/revisions\/46519"}],"wp:featuredmedia":[{"embeddable":true,"href":"https:\/\/www.invarena.cz\/index.php?rest_route=\/wp\/v2\/media\/19485"}],"wp:attachment":[{"href":"https:\/\/www.invarena.cz\/index.php?rest_route=%2Fwp%2Fv2%2Fmedia&parent=46516"}],"wp:term":[{"taxonomy":"category","embeddable":true,"href":"https:\/\/www.invarena.cz\/index.php?rest_route=%2Fwp%2Fv2%2Fcategories&post=46516"},{"taxonomy":"post_tag","embeddable":true,"href":"https:\/\/www.invarena.cz\/index.php?rest_route=%2Fwp%2Fv2%2Ftags&post=46516"}],"curies":[{"name":"wp","href":"https:\/\/api.w.org\/{rel}","templated":true}]}}