{"id":46523,"date":"2024-02-29T22:59:51","date_gmt":"2024-02-29T21:59:51","guid":{"rendered":"https:\/\/www.invarena.cz\/?p=46523"},"modified":"2024-02-29T22:59:52","modified_gmt":"2024-02-29T21:59:52","slug":"unikatni-rentgen-v-jevicku-bude-pouzivat-umelou-inteligenci","status":"publish","type":"post","link":"https:\/\/www.invarena.cz\/?p=46523","title":{"rendered":"Unik\u00e1tn\u00ed rentgen v Jev\u00ed\u010dku bude pou\u017e\u00edvat um\u011blou inteligenci"},"content":{"rendered":"\n<p>V Odborn\u00e9m l\u00e9\u010debn\u00e9m \u00fastavu v Jev\u00ed\u010dku uvedli do provozu nov\u00fd modern\u00ed digit\u00e1ln\u00ed rentgen. Ten nahradil 22 let star\u00e9 \u010d\u00e1ste\u010dn\u011b digit\u00e1ln\u00ed za\u0159\u00edzen\u00ed. Nov\u00fd rentgen zna\u010dky Samsung bude slou\u017eit nejen l\u00e9\u010debn\u00e9mu \u00fastavu, ale \u0161irok\u00e9 ve\u0159ejnosti. Jeho unik\u00e1tnost tkv\u00ed v \u0161irok\u00e9m zapojen\u00ed um\u011bl\u00e9 inteligence a sn\u00ed\u017een\u00e9mu z\u00e1\u0159en\u00ed, kter\u00e9mu je pacient vystaven.<\/p>\n\n\n\n<p>\u201eDo Odborn\u00e9ho l\u00e9\u010debn\u00e9ho \u00fastavu v Jev\u00ed\u010dku investujeme v posledn\u00edch letech nemal\u00e9 finan\u010dn\u00ed prost\u0159edky. Jednalo se o opravu historick\u00fdch d\u0159ev\u011bn\u00fdch leh\u00e1ren, p\u0159em\u011bnu b\u00fdval\u00e9ho d\u011btsk\u00e9ho pavilonu na pavilon plicn\u00ed rehabilitace, opravu st\u0159echy a energeticky \u00fasporn\u00e1 opat\u0159en\u00ed pro budovu stravovac\u00edho provozu. N\u00e1sledn\u011b jsme provedli zateplen\u00ed pavilonu S a na podzim lo\u0148sk\u00e9ho roku jsme dokon\u010dili kompletn\u00ed modernizaci pokoj\u016f a vybudov\u00e1n\u00ed nov\u00e9ho hygienick\u00e9ho z\u00e1zem\u00ed u pokoj\u016f,\u201c vyjmenoval krajsk\u00e9 investice hejtman Martin Netolick\u00fd.<\/p>\n\n\n\n<p>D\u016fle\u017eit\u00fdm po\u010dinem je nyn\u00ed zprovozn\u011bn\u00ed nov\u00e9ho rentgenu. \u201eP\u016fvodn\u00ed rentgen byl 22 let star\u00fd a byl \u010d\u00e1ste\u010dn\u011b digit\u00e1ln\u00ed. Proto se nyn\u00ed dost\u00e1v\u00e1me na \u00farove\u0148, kterou si nejen \u00fastav, ale cel\u00e9 Jev\u00ed\u010dsko zaslou\u017e\u00ed, jeliko\u017e pracovi\u0161t\u011b je vyu\u017e\u00edv\u00e1no tak\u00e9 pro pacienty na z\u00e1klad\u011b po\u017eadavk\u016f praktick\u00fdch l\u00e9ka\u0159\u016f. Zaj\u00edmavost\u00ed je, \u017ee rentgen bude opat\u0159en um\u011blou inteligenc\u00ed pro vyhodnocov\u00e1n\u00ed sn\u00edmk\u016f v rozsahu, kter\u00fd bude prvn\u00ed v Evrop\u011b. N\u00e1klady na po\u0159\u00edzen\u00ed rentgenu a nezbytn\u00e9 stavebn\u00ed \u00fapravy dos\u00e1hly 6,6 milionu korun,&#8220; \u0159ekl hejtman.<\/p>\n\n\n\n<p>Podle n\u00e1m\u011bstkyn\u011b hejtmana pro oblast zdravotnictv\u00ed Michaely Matou\u0161kov\u00e9 je po\u0159\u00edzen\u00ed nov\u00e9ho rentgenu dal\u0161\u00edm krokem ke zlep\u0161en\u00ed poskytovan\u00e9 p\u00e9\u010de.<\/p>\n\n\n\n<p>&#8222;Pln\u011b digit\u00e1ln\u00ed rentgen je z m\u00e9ho pohledu samoz\u0159ejmost\u00ed pro poskytov\u00e1n\u00ed p\u00e9\u010de 21. stolet\u00ed a jsem r\u00e1da, \u017ee i v regionu Jev\u00ed\u010dka m\u016f\u017eeme nab\u00eddnout tento komfort nejen pacient\u016fm, ale tak\u00e9 na\u0161im zdravotn\u00edk\u016fm, d\u00edky um\u011bl\u00e9 inteligenci, automatizaci, ale tak\u00e9 v\u00fdrazn\u011b ni\u017e\u0161\u00ed d\u00e1vce z\u00e1\u0159en\u00ed. Rentgen je nav\u00edc vhodn\u00fd k pou\u017eit\u00ed i pro imobiln\u00ed pacienty, kdy je mo\u017en\u00e9 ud\u011blat rentgenov\u00e9 sn\u00edmky i z p\u0159evozov\u00e9ho l\u016f\u017eka \u010di invalidn\u00edho voz\u00edku. Nespornou v\u00fdhodou je i vy\u0161\u0161\u00ed nosnost rentgenov\u00e9ho stolu. Prvot\u0159\u00eddn\u00ed kvalita sn\u00edmk\u016f jist\u011b napom\u016f\u017ee lep\u0161\u00ed diagnostice jak na plicn\u00edm sn\u00edmkov\u00e1n\u00ed, tak na kostech,&#8220; \u0159ekla n\u00e1m\u011bstkyn\u011b hejtmana Michaela Matou\u0161kov\u00e1.<\/p>\n\n\n\n<p>Robert Voc\u00e1sek<\/p>\n\n\n\n<p>Svitavsk\u00fd den\u00edk<\/p>\n\n\n\n<p><a href=\"https:\/\/svitavsky.denik.cz\/\" target=\"_blank\" rel=\"noreferrer noopener\">https:\/\/svita<\/a><a href=\"https:\/\/svitavsky.denik.cz\/\">vsky.denik.cz\/<\/a><\/p>\n","protected":false},"excerpt":{"rendered":"<div class=\"mh-excerpt\"><p>V Odborn\u00e9m l\u00e9\u010debn\u00e9m \u00fastavu v Jev\u00ed\u010dku uvedli do provozu nov\u00fd modern\u00ed digit\u00e1ln\u00ed rentgen. Ten nahradil 22 let star\u00e9 \u010d\u00e1ste\u010dn\u011b digit\u00e1ln\u00ed za\u0159\u00edzen\u00ed. Nov\u00fd rentgen zna\u010dky Samsung <a class=\"mh-excerpt-more\" href=\"https:\/\/www.invarena.cz\/?p=46523\" title=\"Unik\u00e1tn\u00ed rentgen v Jev\u00ed\u010dku bude pou\u017e\u00edvat um\u011blou inteligenci\">[&#8230;]<\/a><\/p>\n<\/div>","protected":false},"author":1,"featured_media":20609,"comment_status":"open","ping_status":"closed","sticky":false,"template":"","format":"standard","meta":{"footnotes":""},"categories":[9],"tags":[],"class_list":["post-46523","post","type-post","status-publish","format-standard","has-post-thumbnail","hentry","category-zpravy"],"_links":{"self":[{"href":"https:\/\/www.invarena.cz\/index.php?rest_route=\/wp\/v2\/posts\/46523","targetHints":{"allow":["GET"]}}],"collection":[{"href":"https:\/\/www.invarena.cz\/index.php?rest_route=\/wp\/v2\/posts"}],"about":[{"href":"https:\/\/www.invarena.cz\/index.php?rest_route=\/wp\/v2\/types\/post"}],"author":[{"embeddable":true,"href":"https:\/\/www.invarena.cz\/index.php?rest_route=\/wp\/v2\/users\/1"}],"replies":[{"embeddable":true,"href":"https:\/\/www.invarena.cz\/index.php?rest_route=%2Fwp%2Fv2%2Fcomments&post=46523"}],"version-history":[{"count":0,"href":"https:\/\/www.invarena.cz\/index.php?rest_route=\/wp\/v2\/posts\/46523\/revisions"}],"wp:featuredmedia":[{"embeddable":true,"href":"https:\/\/www.invarena.cz\/index.php?rest_route=\/wp\/v2\/media\/20609"}],"wp:attachment":[{"href":"https:\/\/www.invarena.cz\/index.php?rest_route=%2Fwp%2Fv2%2Fmedia&parent=46523"}],"wp:term":[{"taxonomy":"category","embeddable":true,"href":"https:\/\/www.invarena.cz\/index.php?rest_route=%2Fwp%2Fv2%2Fcategories&post=46523"},{"taxonomy":"post_tag","embeddable":true,"href":"https:\/\/www.invarena.cz\/index.php?rest_route=%2Fwp%2Fv2%2Ftags&post=46523"}],"curies":[{"name":"wp","href":"https:\/\/api.w.org\/{rel}","templated":true}]}}