{"id":4657,"date":"2013-05-07T20:13:38","date_gmt":"2013-05-07T18:13:38","guid":{"rendered":"http:\/\/www.invarena.cz\/?p=4657"},"modified":"2013-05-08T18:19:41","modified_gmt":"2013-05-08T16:19:41","slug":"rada-postizenych-a-lidovci-zadali-pred-ministerstvem-konec-skaret-mullerova-s-nimi-diskutovala","status":"publish","type":"post","link":"https:\/\/www.invarena.cz\/?p=4657","title":{"rendered":"Rada posti\u017een\u00fdch a lidovci \u017e\u00e1dali p\u0159ed ministerstvem konec sKaret"},"content":{"rendered":"<p><strong>P\u0159ed ministerstvem pr\u00e1ce a soci\u00e1ln\u00edch v\u011bc\u00ed se dnes konal dal\u0161\u00ed happening za zru\u0161en\u00ed sKaret. Rada posti\u017een\u00fdch a lidovci kritizovali ministryni M\u00fcllerovou s t\u00edm, \u017ee ukon\u010den\u00ed projektu zdr\u017euje. M\u00fcllerov\u00e1 se s demonstruj\u00edc\u00edmi setkala a obvin\u011bn\u00ed odm\u00edtla.<\/strong><\/p>\n<p><!--more--><\/p>\n<p>&#8222;Projekt sKarty je mrtv\u00fd, nechceme ho. Nen\u00ed \u017eivotaschopn\u00fd, nem\u00e1 \u017e\u00e1dnou p\u0159idanou hodnotu. Je to o privatizaci st\u00e1tn\u00ed spr\u00e1vy a my si to nep\u0159ejeme,&#8220; \u0159ekl na happeningu \u0161\u00e9f N\u00e1rodn\u00ed rady osob se zdravotn\u00edm posti\u017een\u00edm V\u00e1clav Kr\u00e1sa. Na shrom\u00e1\u017ed\u011bn\u00ed bylo n\u011bkolik des\u00edtek handicapovan\u00fdch a p\u0159\u00edvr\u017eenc\u016f KDU-\u010cSL<\/p>\n<p>Mezi nimi byl i voz\u00ed\u010dk\u00e1\u0159 Josef Mac\u00edk z P\u0159erova, kter\u00fd sKartu a k n\u00ed automaticky i spo\u0159iteln\u00ed konto dostal. Jsou mu ale pr\u00fd k ni\u010demu. &#8222;Sta\u010dilo jen d\u00e1t na starou pr\u016fkazku raz\u00edtko a platnost prodlou\u017eit. Byl by pokoj a nic by to nest\u00e1lo &#8211; jen trochu pr\u00e1ce \u00fa\u0159edn\u00edk\u016f a trochu inkoustu na raz\u00edtko a do pera. N\u00e1klady by byly minim\u00e1ln\u00ed,&#8220; \u0159ekl\u00a0 Mac\u00edk.<\/p>\n<p>&#8222;Nepodsouvejte mi, \u017ee n\u011bco zdr\u017euji. J\u00e1 jedn\u00e1m,&#8220; \u0159ekla protestuj\u00edc\u00edm ministryn\u011b. Zd\u016fraznila, \u017ee se mus\u00ed dr\u017eet platn\u00e9 smlouvy se spo\u0159itelnou a z\u00e1kon\u016f. Jejich novely pr\u00fd p\u0159ipravuje. Podle M\u00fcllerov\u00e9 dnes nikdo nev\u00ed, kolik by p\u0159\u00edpadn\u00e9 zru\u0161en\u00ed syst\u00e9mu st\u00e1lo. &#8222;To jsou v\u011bci, kter\u00e9 mus\u00edme vy\u010d\u00edslit,&#8220; dodala. Potvrdila, \u017ee \u00fa\u0159ady pr\u00e1ce vyd\u00e1v\u00e1n\u00ed karet zastavily.<\/p>\n<p>Okam\u017eit\u011b nechce sKarty zru\u0161it z jednoho d\u016fvodu. &#8222;Karty jsou nav\u00e1z\u00e1ny pr\u00e1v\u011b i na pr\u016fkazky, na pr\u016fkaz osoby se zdravotn\u00edm posti\u017een\u00edm. To je jeden z kl\u00ed\u010dov\u00fdch moment\u016f. P\u0159ece v\u017edy\u0165 my m\u00e1me dneska t\u0159i pr\u016fkazky a kdy\u017e teda sKarta skon\u010d\u00ed, tak co bude?&#8220; poznamenala M\u00fcllerov\u00e1.<\/p>\n<p>Resort m\u00e1 se spo\u0159itelnou smlouvu na sKarty do roku 2024. Syst\u00e9m kritizoval ombudsman i ochr\u00e1nci soukrom\u00ed. St\u00ed\u017enosti na n\u011bj r\u016fzn\u00fdm instituc\u00edm pod\u00e1vali i lidovci. Podle jejich m\u00edstop\u0159edsedy Jana Barto\u0161ka vl\u00e1dn\u00ed TOP 09 v \u010dele ministerstva pr\u00e1ce d\u011blala &#8222;jeden chybn\u00fd krok za druh\u00fdm&#8220;. Uvedl, \u017ee by politici nem\u011bli m\u00edt za sv\u00e1 rozhodnut\u00ed jen politickou, ale i hmotnou odpov\u011bdnost.<\/p>\n<p>Novelu z\u00e1kon\u016f, kter\u00e1 sKarty ru\u0161\u00ed, p\u0159ipravili opozi\u010dn\u00ed sen\u00e1to\u0159i. Sn\u011bmovna by j\u00ed mohla zab\u00fdvat na sch\u016fzi, kter\u00e1 v \u00fater\u00fd za\u010d\u00edn\u00e1. \u010cSSD bude podle sv\u00e9ho st\u00ednov\u00e9ho ministra pr\u00e1ce a poslance Romana Sklen\u00e1ka usilovat o to, aby se norma projednala. &#8222;Budeme sledovat koali\u010dn\u00ed poslance, jestli n\u00e1vrh podpo\u0159\u00ed,&#8220; uvedl. ODS a LIDEM jsou pro ru\u0161en\u00ed sKaret, proti je TOP 09.<\/p>\n<p>invArena<\/p>\n","protected":false},"excerpt":{"rendered":"<div class=\"mh-excerpt\"><p>P\u0159ed ministerstvem pr\u00e1ce a soci\u00e1ln\u00edch v\u011bc\u00ed se dnes konal dal\u0161\u00ed happening za zru\u0161en\u00ed sKaret. Rada posti\u017een\u00fdch a lidovci kritizovali ministryni M\u00fcllerovou s t\u00edm, \u017ee ukon\u010den\u00ed <a class=\"mh-excerpt-more\" href=\"https:\/\/www.invarena.cz\/?p=4657\" title=\"Rada posti\u017een\u00fdch a lidovci \u017e\u00e1dali p\u0159ed ministerstvem konec sKaret\">[&#8230;]<\/a><\/p>\n<\/div>","protected":false},"author":1,"featured_media":4173,"comment_status":"open","ping_status":"open","sticky":false,"template":"","format":"standard","meta":{"footnotes":""},"categories":[6],"tags":[],"class_list":["post-4657","post","type-post","status-publish","format-standard","has-post-thumbnail","hentry","category-politika"],"_links":{"self":[{"href":"https:\/\/www.invarena.cz\/index.php?rest_route=\/wp\/v2\/posts\/4657","targetHints":{"allow":["GET"]}}],"collection":[{"href":"https:\/\/www.invarena.cz\/index.php?rest_route=\/wp\/v2\/posts"}],"about":[{"href":"https:\/\/www.invarena.cz\/index.php?rest_route=\/wp\/v2\/types\/post"}],"author":[{"embeddable":true,"href":"https:\/\/www.invarena.cz\/index.php?rest_route=\/wp\/v2\/users\/1"}],"replies":[{"embeddable":true,"href":"https:\/\/www.invarena.cz\/index.php?rest_route=%2Fwp%2Fv2%2Fcomments&post=4657"}],"version-history":[{"count":0,"href":"https:\/\/www.invarena.cz\/index.php?rest_route=\/wp\/v2\/posts\/4657\/revisions"}],"wp:featuredmedia":[{"embeddable":true,"href":"https:\/\/www.invarena.cz\/index.php?rest_route=\/wp\/v2\/media\/4173"}],"wp:attachment":[{"href":"https:\/\/www.invarena.cz\/index.php?rest_route=%2Fwp%2Fv2%2Fmedia&parent=4657"}],"wp:term":[{"taxonomy":"category","embeddable":true,"href":"https:\/\/www.invarena.cz\/index.php?rest_route=%2Fwp%2Fv2%2Fcategories&post=4657"},{"taxonomy":"post_tag","embeddable":true,"href":"https:\/\/www.invarena.cz\/index.php?rest_route=%2Fwp%2Fv2%2Ftags&post=4657"}],"curies":[{"name":"wp","href":"https:\/\/api.w.org\/{rel}","templated":true}]}}