{"id":466,"date":"2012-11-28T13:16:15","date_gmt":"2012-11-28T13:16:15","guid":{"rendered":"http:\/\/www.invarena.cz\/?p=466"},"modified":"2012-12-03T12:31:09","modified_gmt":"2012-12-03T12:31:09","slug":"podle-ustavniho-soudu-neni-mozne-podminovat-vyplaceni-podpory-verejnymi-pracemi","status":"publish","type":"post","link":"https:\/\/www.invarena.cz\/?p=466","title":{"rendered":"\u00dastavn\u00ed soud: Nelze vypl\u00e1cen\u00ed podpory  podmi\u0148ovat ve\u0159ejn\u00fdmi pracemi"},"content":{"rendered":"<p>\u00dastavn\u00ed soud ve sv\u00e9m verdiktu vyhov\u011bl st\u00ed\u017enostem opozice v problematice ve\u0159ejn\u00e9 slu\u017eby pro nezam\u011bstnan\u00e9. Konstatoval, \u017ee \u00fa\u0159ad pr\u00e1ce nem\u016f\u017ee vy\u0159adit z evidence \u010dlov\u011bka, kter\u00fd odm\u00edtne vykon\u00e1vat ve\u0159ejn\u011b prosp\u011b\u0161n\u00e9 pr\u00e1ce. Je to toti\u017e v rozporu se z\u00e1kazem nucen\u00e9 pr\u00e1ce i n\u011bkter\u00fdmi z\u00e1kladn\u00edmi pr\u00e1vy.<br \/>\n<!--more-->Podle p\u0159edsedy \u00dastavn\u00edho soudu \u010cR Pavla Rychetsk\u00e9ho \u00dastavn\u00ed soud pova\u017euje ve\u0159ejnou slu\u017ebu za nucenou pr\u00e1ci, proto\u017ee nen\u00ed v\u00fdsledkem svobodn\u00e9 v\u016fle a svobodn\u00e9ho rozhodnut\u00ed, nebo\u0165 nep\u0159ijet\u00ed toho povol\u00e1vac\u00edho rozkazu znamen\u00e1 ztr\u00e1tu podpory v nezam\u011bstnanosti, kter\u00e1 p\u0159itom je v\u00fdsledkem poji\u0161t\u011bn\u00ed, kter\u00e9 si ten doty\u010dn\u00fd mohl po desetilet\u00ed platit.<\/p>\n<p>&#8222;Podle n\u00e1s nav\u00edc jde o opat\u0159en\u00ed, kter\u00e9 v\u016fbec \u017e\u00e1dn\u00fdm zp\u016fsobem ne\u0159e\u0161\u00ed nezam\u011bstnanost a nen\u00ed ani n\u00e1strojem k n\u011bjak\u00e9mu zlep\u0161en\u00ed podm\u00ednek nezam\u011bstnan\u00fdch na trhu pr\u00e1ce,&#8220; \u0159ekla v po\u0159adu \u010cRo 1 &#8211; Radio\u017eurn\u00e1l Linda Soka\u010dov\u00e1 z Iniciativy ProAlt, je\u017e byla od po\u010d\u00e1tku proti povinnosti ve\u0159ejn\u00e9 slu\u017eby.\u00a0 Podle n\u00ed \u00faprava, kter\u00e1 platila od 1. ledna 2012 opravdu k ni\u010demu nebyla. Byla by v\u0161ak pro diskusi, zda by ti, kte\u0159\u00ed vykon\u00e1vaj\u00ed ve\u0159ejnou slu\u017ebu, nem\u011bli dost\u00e1vat ur\u010dit\u00fd bonus na soci\u00e1ln\u00edch d\u00e1vk\u00e1ch.<\/p>\n<p>Podle Dana Jir\u00e1nka, prim\u00e1tora Kladna a p\u0159edsedy Svazu m\u011bst a obc\u00ed (ODS), jen\u017e v tomto po\u0159adu Radio\u017eurn\u00e1lu rovn\u011b\u017e vystoupil,\u00a0 byly zku\u0161enosti s ve\u0159ejnou slu\u017ebou r\u016fzn\u00e9, nebo\u0165 i lid\u00e9 jsou r\u016fzn\u00ed, tak\u017ee n\u011bkde byly zku\u0161enosti dobr\u00e9, n\u011bkdy byly hor\u0161\u00ed.<\/p>\n<p>&#8222;Rozhodn\u011b m\u00e1me pocit,\u00a0 \u017ee kdy\u017e lid\u00e9 n\u011bco od spole\u010dnosti dost\u00e1vaj\u00ed, tak by j\u00ed m\u011bli n\u011bco vracet. Tyto opat\u0159en\u00ed, nap\u0159\u00edklad spo\u010d\u00edvaj\u00edc\u00ed v tom, \u017ee ten \u010dlov\u011bk r\u00e1no musel vst\u00e1t, musel j\u00edt pracovat, m\u011bly p\u0159\u00ednos v tom, \u017ee m\u011bl v\u011bt\u0161\u00ed \u0161anci uchovat si pracovn\u00ed n\u00e1vyky. Pak se mu samoz\u0159ejm\u011b ta pr\u00e1ce na\u0161la l\u00e9pe,&#8220; p\u0159ipomn\u011bl Jir\u00e1nek.<\/p>\n<p>&#8222;Z\u00e1le\u017e\u00ed na tom, jak dlouho je bez zam\u011bstn\u00e1n\u00ed, z\u00e1le\u017e\u00ed na tom, jak dlouho pracoval ve f\u00e1zi sv\u00e9ho \u017eivota. A nemysl\u00edm si, \u017ee po dvou m\u011bs\u00edc\u00edch n\u011bkdo p\u0159ich\u00e1z\u00ed o pracovn\u00ed n\u00e1vyky.\u00a0 Nemysl\u00edm si, \u017ee 50-let\u00ed lid\u00e9, kte\u0159\u00ed pracovali 30, 20 let, ztrat\u00ed b\u011bhem p\u016fl roku, dvou m\u011bs\u00edc\u016f sv\u00e9 pracovn\u00ed n\u00e1vyky. Nav\u00edc nesouhlas\u00edm s t\u00edm, \u017ee se potvrdil ten p\u0159edpoklad, \u017ee s ve\u0159ejnou slu\u017ebou se zv\u00fd\u0161\u00ed pravd\u011bpodobnost uplatn\u011bn\u00ed na trhu pr\u00e1ce. Zku\u0161enosti t\u0159eba z N\u011bmecka ukazuj\u00ed, \u017ee to nezvy\u0161uje bohu\u017eel pravd\u011bpodobnost, \u017ee se ti lid\u00e9 uplatn\u00ed na trhu pr\u00e1ce,&#8220; oponovala Jir\u00e1nkovi Soka\u010dov\u00e1.<\/p>\n<p>JIr\u00e1nek v\u0161ak nam\u00edtl, \u017ee nemluv\u00ed o t\u011bch, kte\u0159\u00ed plat\u00ed 30 let poji\u0161t\u011bn\u00ed a pak nepracuj\u00ed dva m\u011bs\u00edce. &#8222;Mluv\u00edm sp\u00ed\u0161e o t\u011bch lidech, kte\u0159\u00ed t\u0159eba nikdy \u0159\u00e1dn\u011b nepracovali, nem\u011bli to \u0161t\u011bst\u00ed nebo nejsou dostate\u010dn\u011b vzd\u011bl\u00e1ni a podobn\u011b, a tyto lidi je t\u0159eba zase v\u00e9st k tomu, aby pro spole\u010dnost n\u011bco odv\u00e1d\u011bli, aby r\u00e1no vst\u00e1vali, chodili do pr\u00e1ce a ve\u010der t\u0159eba proto nemohli tak dlouho slavit a podobn\u011b.&#8220;<\/p>\n<p>Soka\u010dov\u00e1 odm\u00edtla, bay se tento p\u0159\u00edstup ur\u010dit\u00e9 soci\u00e1ln\u00ed skupiny lid\u00ed zobec\u0148oval na celou populaci. Poznamenala, \u017ee st\u00e1t, st\u00e1tn\u00ed org\u00e1ny by se nad t\u00edm m\u011bly zamyslet a lidem,\u00a0 kte\u0159\u00ed poskytuj\u00ed ve\u0159ejn\u011b prosp\u011b\u0161nou pr\u00e1ci pro obce, tu pr\u00e1ci zaplatili. &#8222;T\u00edm vy\u0159e\u0161\u00edme ten probl\u00e9m nezam\u011bstnanosti \u010d\u00e1ste\u010dn\u011b a z\u00e1rove\u0148 ty lidi samoz\u0159ejm\u011b m\u016f\u017eeme dostat i z toho za\u010darovan\u00e9ho kruhu t\u011bch soci\u00e1ln\u00edch d\u00e1vek a chudoby a nebude pot\u0159eba nad\u00e1vat na to, \u017ee n\u011bkdo \u017eije na \u00fakor spole\u010dnosti t\u011bch, kte\u0159\u00ed pracuj\u00ed,&#8220; \u0159ekla Soka\u010dov\u00e1.<\/p>\n<p>&#8222;Ale po\u0159\u00e1d tady pro \u010d\u00e1st t\u00e9 populace, kter\u00e1 nikdy nepracovala, z\u016fstane ten probl\u00e9m, \u017ee oni dost\u00e1vaj\u00ed od st\u00e1tu d\u00e1vky a nikdy pro to nemuseli ani hnout prstem, a co bude tedy s t\u011bmi, to je dal\u0161\u00ed v\u011bc, kter\u00e1 n\u00e1s p\u00e1l\u00ed, proto\u017ee ti lid\u00e9 \u010dasto si opat\u0159uj\u00ed prost\u0159edky k \u017eivotu r\u016fzn\u00fdmi drobn\u00fdmi kr\u00e1de\u017eemi a podobn\u011b, n\u011bkte\u0159\u00ed maj\u00ed rozs\u00e1hlou p\u0159estupkovou \u010dinnost.\u00a0 A n\u00e1s by zaj\u00edmalo, jak chce st\u00e1t, \u00dastavn\u00ed soud nebo kdokoliv jin\u00fd \u0159e\u0161it, co s t\u011bmi lidmi, kte\u0159\u00ed prost\u011b neplat\u00ed pokuty, jsou tom v za\u010darovan\u00e9m kruhu a sou\u010dasn\u011b v\u016fbec nic je nenut\u00ed k tomu, aby se aspo\u0148 za\u010dali sna\u017eit,&#8220; nam\u00edtl Jir\u00e1nek.<\/p>\n<p>Podle Soka\u010dov\u00e9 je t\u0159eba sp\u00ed\u0161e zkoumat, jestli lid\u00e9, kter\u00fdm se p\u0159iznaly soci\u00e1ln\u00ed d\u00e1vky, neinformuj\u00ed \u00fa\u0159ady myln\u011b o situaci, za kterou dost\u00e1vaj\u00ed soci\u00e1ln\u00ed d\u00e1vky.\u00a0 &#8222;A pokud pracuj\u00ed na\u010derno, je pot\u0159eba zab\u00fdvat se prac\u00ed na\u010derno a nenahrazovat to institutem, kter\u00fd opravdu jako ko\u0159en toho probl\u00e9mu podle m\u00e9ho n\u00e1zoru ne\u0159e\u0161\u00ed,&#8220; uvedla.<\/p>\n<p>Podle JIr\u00e1nka je lid\u00ed, kte\u0159\u00ed nikdy nepracovali, naprost\u00e1 men\u0161ina, probl\u00e9m ale tkv\u00ed v tom, \u017ee u\u017e dokonce m\u00e1me p\u0159\u00edpady, kdy jsou v druh\u00e9, mo\u017en\u00e1 a\u017e v t\u0159et\u00ed generaci, lid\u00e9, u nich\u017e model rodiny je p\u0159e\u017e\u00edvat na soci\u00e1ln\u00edch d\u00e1vk\u00e1ch a nepracovat. &#8222;A to je to vra\u017eedn\u00e9 pro spole\u010dnost, &#8220; dodal.<\/p>\n","protected":false},"excerpt":{"rendered":"<div class=\"mh-excerpt\"><p>\u00dastavn\u00ed soud ve sv\u00e9m verdiktu vyhov\u011bl st\u00ed\u017enostem opozice v problematice ve\u0159ejn\u00e9 slu\u017eby pro nezam\u011bstnan\u00e9. Konstatoval, \u017ee \u00fa\u0159ad pr\u00e1ce nem\u016f\u017ee vy\u0159adit z evidence \u010dlov\u011bka, kter\u00fd odm\u00edtne <a class=\"mh-excerpt-more\" href=\"https:\/\/www.invarena.cz\/?p=466\" title=\"\u00dastavn\u00ed soud: Nelze vypl\u00e1cen\u00ed podpory  podmi\u0148ovat ve\u0159ejn\u00fdmi pracemi\">[&#8230;]<\/a><\/p>\n<\/div>","protected":false},"author":1,"featured_media":502,"comment_status":"open","ping_status":"open","sticky":false,"template":"","format":"standard","meta":{"footnotes":""},"categories":[6,12,7,9],"tags":[],"class_list":["post-466","post","type-post","status-publish","format-standard","has-post-thumbnail","hentry","category-politika","category-rozhovory","category-spolecnost","category-zpravy"],"_links":{"self":[{"href":"https:\/\/www.invarena.cz\/index.php?rest_route=\/wp\/v2\/posts\/466","targetHints":{"allow":["GET"]}}],"collection":[{"href":"https:\/\/www.invarena.cz\/index.php?rest_route=\/wp\/v2\/posts"}],"about":[{"href":"https:\/\/www.invarena.cz\/index.php?rest_route=\/wp\/v2\/types\/post"}],"author":[{"embeddable":true,"href":"https:\/\/www.invarena.cz\/index.php?rest_route=\/wp\/v2\/users\/1"}],"replies":[{"embeddable":true,"href":"https:\/\/www.invarena.cz\/index.php?rest_route=%2Fwp%2Fv2%2Fcomments&post=466"}],"version-history":[{"count":0,"href":"https:\/\/www.invarena.cz\/index.php?rest_route=\/wp\/v2\/posts\/466\/revisions"}],"wp:featuredmedia":[{"embeddable":true,"href":"https:\/\/www.invarena.cz\/index.php?rest_route=\/wp\/v2\/media\/502"}],"wp:attachment":[{"href":"https:\/\/www.invarena.cz\/index.php?rest_route=%2Fwp%2Fv2%2Fmedia&parent=466"}],"wp:term":[{"taxonomy":"category","embeddable":true,"href":"https:\/\/www.invarena.cz\/index.php?rest_route=%2Fwp%2Fv2%2Fcategories&post=466"},{"taxonomy":"post_tag","embeddable":true,"href":"https:\/\/www.invarena.cz\/index.php?rest_route=%2Fwp%2Fv2%2Ftags&post=466"}],"curies":[{"name":"wp","href":"https:\/\/api.w.org\/{rel}","templated":true}]}}