{"id":46668,"date":"2024-03-13T08:05:10","date_gmt":"2024-03-13T07:05:10","guid":{"rendered":"https:\/\/www.invarena.cz\/?p=46668"},"modified":"2024-03-13T08:08:00","modified_gmt":"2024-03-13T07:08:00","slug":"propousteni-bez-udani-duvodu-se-asi-nepodari-prosadit","status":"publish","type":"post","link":"https:\/\/www.invarena.cz\/?p=46668","title":{"rendered":"Propou\u0161t\u011bn\u00ed bez ud\u00e1n\u00ed d\u016fvod\u016f se asi nepoda\u0159\u00ed prosadit"},"content":{"rendered":"\n<p>\u010cRo Plus<\/p>\n\n\n\n<p><br \/>N\u00e1vrh, kter\u00fd se patrn\u011b nepoda\u0159\u00ed prosadit, toti\u017e mo\u017enost propou\u0161t\u011bn\u00ed zam\u011bstnanc\u016f bez ud\u00e1n\u00ed d\u016fvod\u016f, to vl\u00e1d\u011b doporu\u010duje jej\u00ed ekonomick\u00e1 rada, neboli NERV. A jak \u0159\u00edk\u00e1 \u0161\u00e9fredaktor den\u00edku Pr\u00e1vo Petr \u0160abata, bude to dob\u0159e, ale z\u00e1rove\u0148 velk\u00e1 \u0161koda.<br \/><br \/>Petr \u0160abata,<br \/>&#8212;&#8212;&#8212;&#8212;&#8212;&#8212;&#8211;<br \/>Na takov\u00e9 zm\u011bn\u011b z\u00e1kon\u00edku pr\u00e1ce se neshodne sou\u010dasn\u00e1 vl\u00e1dn\u00ed koalice. K\u0159ik odbor\u016f a opozice je tak siln\u00fd, \u017ee se p\u0159ed volbami leto\u0161n\u00edmi ani t\u011bmi p\u0159\u00ed\u0161t\u00ed rok nic nestane. Hlavn\u00ed d\u016fvod ale je, \u017ee propu\u0161t\u011bn\u00ed zam\u011bstnance bez ud\u00e1n\u00ed d\u016fvodu mus\u00ed b\u00fdt prov\u00e1zeno pomoc\u00ed takov\u00fdm lidem finan\u010dn\u00ed a s nalezen\u00edm dal\u0161\u00edho zam\u011bstn\u00e1n\u00ed. Ale takhle \u010desk\u00fd st\u00e1t nefunguje ani n\u00e1hodou. <\/p>\n\n\n\n<p>Navrhovatel\u00e9 spr\u00e1vn\u011b mluv\u00ed o skv\u011bl\u00e9m pru\u017en\u00e9m d\u00e1nsk\u00e9m modelu tzv. flexicurity. Jen\u017ee \u010cesko nen\u00ed D\u00e1nsko. Model p\u0159itom p\u0159in\u00e1\u0161\u00ed pru\u017enost trhu pr\u00e1ce, po kter\u00e9 volaj\u00ed zam\u011bstnavatel\u00e9, a z\u00e1rove\u0148 jistotu pro zam\u011bstnance firmy. Nemus\u00ed dr\u017eet lidi, kter\u00e9 nepot\u0159ebuj\u00ed, a nezam\u011bstnan\u00fdm pom\u016f\u017ee modern\u00ed soci\u00e1ln\u00ed syst\u00e9m a p\u00e9\u010de, kter\u00e1 usnad\u0148uje naj\u00edt novou pr\u00e1ci. To se lehko \u0159ekne, ale velmi obt\u00ed\u017en\u011b v \u017eivot\u011b za\u0159\u00edd\u00ed. Nutn\u00fdmi p\u0159edpoklady jsou toti\u017e siln\u00e1 aktivn\u00ed politika st\u00e1tu na trhu pr\u00e1ce, podpora nezam\u011bstnan\u00fdch za \u00fa\u010dasti soci\u00e1ln\u00edch pracovn\u00edk\u016f a \u00fa\u0159ad\u016f pr\u00e1ce a tak\u00e9 funk\u010dn\u00ed syst\u00e9m p\u00e9\u010de o d\u011bti a star\u00e9 lidi.\u00a0<\/p>\n\n\n\n<p><strong>Ministr<\/strong>\u00a0<strong>pr\u00e1ce<\/strong>\u00a0a soci\u00e1ln\u00edch v\u011bc\u00ed Marian Jure\u010dka \u0159\u00edk\u00e1, \u017ee je nezbytn\u00e9 v\u00fdpov\u011b\u010f bez ud\u00e1n\u00ed d\u016fvodu spojit s aktivn\u00edmi opat\u0159en\u00edmi. Jinak nem\u00e1 jeho podporu. Ministr financ\u00ed Zbyn\u011bk Stanjura n\u00e1vrh v\u00edt\u00e1 a cht\u011bl by ho prosadit. Tak\u017ee brzy uvid\u00edme, m\u016f\u017eeme za\u010d\u00edt pr\u00e1v\u011b financemi. \u010cesko vynalo\u017eilo na st\u00e1tn\u00ed politiku zam\u011bstnanosti vloni n\u011bco p\u0159es 20 miliard korun, z toho drtivou v\u011bt\u0161inu na podpory v nezam\u011bstnanosti, jen jednotky miliard na aktivn\u00ed politiku zam\u011bstnanosti v men\u0161\u00edm D\u00e1nsku investuj\u00ed podle dostupn\u00fdch dat v p\u0159epo\u010dtu a\u017e 90 miliard korun, na programy zam\u011bstnanosti, 20 miliard m\u00e1 tedy ministr financ\u00ed p\u0159ipraveny des\u00edtky miliard na zav\u00e1d\u011bn\u00ed modelu pru\u017en\u00e9ho pracovn\u00edho trhu. Investice by to byla velmi moudr\u00e1, ale v\u00edme, jak to vypad\u00e1 se st\u00e1tn\u00edm rozpo\u010dtem. <\/p>\n\n\n\n<p>Vtip d\u00e1nsk\u00e9ho modelu vysv\u011btlil v \u010cesk\u00e9m rozhlasu plus hlavn\u00ed ekonom \u010cesk\u00e9 spo\u0159itelny David Navr\u00e1til. D\u00e1vky v nezam\u011bstnanosti mohou b\u00fdt v D\u00e1nsku vypl\u00e1ceny a\u017e dva roky. Jen\u017ee D\u00e1nov\u00e9 z\u016fst\u00e1vaj\u00ed nezam\u011bstnan\u00ed krat\u0161\u00ed dobu ne\u017e lid\u00e9 v \u010cesku, polovina je schopn\u00e1 si naj\u00edt pr\u00e1ci za t\u0159i m\u011bs\u00edce, u n\u00e1s je to jen 30 %. Kl\u00ed\u010dov\u00e9 v syst\u00e9mu flexicurity je vzd\u011bl\u00e1v\u00e1n\u00ed v D\u00e1nsku, zam\u011bstnance rekvalifikuj\u00ed tak, aby byl schopen dos\u00e1hnout na trhu pr\u00e1ce v\u00fdrazn\u011b vy\u0161\u0161\u00ed produktivitu. Konec cit\u00e1tu produktivita pr\u00e1ce je tam o 80 % vy\u0161\u0161\u00ed ne\u017e v \u010cesku, co\u017e je z\u00e1klad d\u00e1nsk\u00e9 prosperity a pod\u00edl nezam\u011bstnan\u00fdch, kte\u0159\u00ed se v D\u00e1nsku rekvalifikuj\u00ed, je nejvy\u0161\u0161\u00ed mezi vysp\u011bl\u00fdmi zem\u011bmi OECD. Pru\u017enost si tam zam\u011bstnanci v\u011bt\u0161inou pochvaluj\u00ed, proto\u017ee se sami mohou l\u00e9pe rozhodovat o pracovn\u00edm m\u00edst\u011b, kter\u00e9 jim d\u00e1v\u00e1 smysl, a zajist\u00ed vy\u0161\u0161\u00ed plat. Kdy\u017e americk\u00fd politolog far\u00edd zakarie hledal p\u0159ed \u010dasem pou\u010den\u00ed z pandemie covidu, vysoce hodnotil pr\u00e1v\u011b D\u00e1nsko a dal\u0161\u00ed skandin\u00e1vsk\u00e9 zem\u011b z\u016fst\u00e1vaj\u00ed otev\u0159en\u00e9 sv\u011btu, ale z\u00e1rove\u0148 ob\u010dany vybavuj\u00ed schopnostmi, jak v\u00fdzv\u00e1m otev\u0159enosti \u010delit, a uleh\u010duj\u00ed obav\u00e1m, kter\u00e9 tento sv\u011bt vyvol\u00e1v\u00e1, napsal Zakaria. Ne pru\u017en\u00e9ho a z\u00e1rove\u0148 bezpe\u010dn\u00e9ho trhu pr\u00e1ce ani dal\u0161\u00ed zlep\u0161en\u00ed, jak\u00e1 navrhuje nerv, se v \u010cesku jen tak nedo\u010dk\u00e1me. Zapomn\u011bli jsme na budov\u00e1n\u00ed.<br \/><br \/><\/p>\n","protected":false},"excerpt":{"rendered":"<div class=\"mh-excerpt\"><p>\u010cRo Plus N\u00e1vrh, kter\u00fd se patrn\u011b nepoda\u0159\u00ed prosadit, toti\u017e mo\u017enost propou\u0161t\u011bn\u00ed zam\u011bstnanc\u016f bez ud\u00e1n\u00ed d\u016fvod\u016f, to vl\u00e1d\u011b doporu\u010duje jej\u00ed ekonomick\u00e1 rada, neboli NERV. A jak <a class=\"mh-excerpt-more\" href=\"https:\/\/www.invarena.cz\/?p=46668\" title=\"Propou\u0161t\u011bn\u00ed bez ud\u00e1n\u00ed d\u016fvod\u016f se asi nepoda\u0159\u00ed prosadit\">[&#8230;]<\/a><\/p>\n<\/div>","protected":false},"author":1,"featured_media":14136,"comment_status":"open","ping_status":"closed","sticky":false,"template":"","format":"standard","meta":{"footnotes":""},"categories":[4],"tags":[],"class_list":["post-46668","post","type-post","status-publish","format-standard","has-post-thumbnail","hentry","category-nazory"],"_links":{"self":[{"href":"https:\/\/www.invarena.cz\/index.php?rest_route=\/wp\/v2\/posts\/46668","targetHints":{"allow":["GET"]}}],"collection":[{"href":"https:\/\/www.invarena.cz\/index.php?rest_route=\/wp\/v2\/posts"}],"about":[{"href":"https:\/\/www.invarena.cz\/index.php?rest_route=\/wp\/v2\/types\/post"}],"author":[{"embeddable":true,"href":"https:\/\/www.invarena.cz\/index.php?rest_route=\/wp\/v2\/users\/1"}],"replies":[{"embeddable":true,"href":"https:\/\/www.invarena.cz\/index.php?rest_route=%2Fwp%2Fv2%2Fcomments&post=46668"}],"version-history":[{"count":0,"href":"https:\/\/www.invarena.cz\/index.php?rest_route=\/wp\/v2\/posts\/46668\/revisions"}],"wp:featuredmedia":[{"embeddable":true,"href":"https:\/\/www.invarena.cz\/index.php?rest_route=\/wp\/v2\/media\/14136"}],"wp:attachment":[{"href":"https:\/\/www.invarena.cz\/index.php?rest_route=%2Fwp%2Fv2%2Fmedia&parent=46668"}],"wp:term":[{"taxonomy":"category","embeddable":true,"href":"https:\/\/www.invarena.cz\/index.php?rest_route=%2Fwp%2Fv2%2Fcategories&post=46668"},{"taxonomy":"post_tag","embeddable":true,"href":"https:\/\/www.invarena.cz\/index.php?rest_route=%2Fwp%2Fv2%2Ftags&post=46668"}],"curies":[{"name":"wp","href":"https:\/\/api.w.org\/{rel}","templated":true}]}}